{"id":36024,"date":"2026-05-01T08:33:29","date_gmt":"2026-05-01T11:33:29","guid":{"rendered":"https:\/\/elfederalmendoza.com.ar\/?p=36024"},"modified":"2026-05-01T08:33:30","modified_gmt":"2026-05-01T11:33:30","slug":"dos-alumnas-a-la-pinas-fuera-del-colegio-y-la-intervencion-de-la-direccion-de-escuelas-con-un-protocolo-de-convivencia-de-que-se-trata","status":"publish","type":"post","link":"https:\/\/elfederalmendoza.com.ar\/index.php\/2026\/05\/01\/dos-alumnas-a-la-pinas-fuera-del-colegio-y-la-intervencion-de-la-direccion-de-escuelas-con-un-protocolo-de-convivencia-de-que-se-trata\/","title":{"rendered":"Dos alumnas a la pi\u00f1as fuera del colegio y la intervenci\u00f3n de la Direcci\u00f3n de Escuelas con un protocolo de convivencia: \u00bfde qu\u00e9 se trata?"},"content":{"rendered":"\n<p id=\"p-1777563975042-64845\">La Direcci\u00f3n de Educaci\u00f3n Secundaria, de la Direcci\u00f3n General de Escuelas (<strong>DGE<\/strong>), comunic\u00f3 este jueves que, ante lo ocurrido el martes pasado en las inmediaciones de la\u00a0<strong>escuela<\/strong>\u00a0<strong>Tom\u00e1s Silvestre<\/strong>, de\u00a0<strong>Guaymall\u00e9n<\/strong>, se inici\u00f3 la aplicaci\u00f3n inmediata del Protocolo de Convivencia Escolar vigente.<\/p>\n\n\n\n<p id=\"p-1777563975042-85656\">El caso tom\u00f3 relevancia luego de que se viralizara un video en redes sociales donde se observaba a dos alumnas en medio de una<strong>\u00a0violenta pelea<\/strong>\u00a0a la salida de la\u00a0<strong>escuela<\/strong>, en calles San Lorenzo y Gutemberg. La secuencia, que dur\u00f3 m\u00e1s de un minuto, en la que se vieron\u00a0pi\u00f1as, patadas, agarrones de pelo y golpes en la nuca, mientras un grupo de compa\u00f1eros observaba y grababa a las chicas a pocos metros del colegio.<\/p>\n\n\n\n<p id=\"p-1777563975042-90652\">Tras la identificaci\u00f3n de las estudiantes involucradas, las autoridades de la&nbsp;<strong>escuela Tom\u00e1s Silvestre<\/strong>&nbsp;procedieron a citar a los adultos responsables para abordar la situaci\u00f3n de manera conjunta.<\/p>\n\n\n\n<figure class=\"wp-block-image\"><img decoding=\"async\" src=\"https:\/\/media.diariouno.com.ar\/p\/ff0aa15831f83c438ad6c6ff8682598a\/adjuntos\/298\/imagenes\/009\/741\/0009741281\/1200x0\/smart\/chicas-pelea-salida-escuela.jpg\" alt=\"La DGE intervino luego del violento episodio de dos alumnas del colegio Tom&aacute;s Silvestre, de Guaymall&eacute;n.\" title=\"La DGE intervino luego del violento episodio de dos alumnas del colegio Tom&aacute;s Silvestre, de Guaymall&eacute;n.\"\/><\/figure>\n\n\n\n<p id=\"p-1777565333484-84382\">La DGE intervino luego del violento episodio de dos alumnas del colegio Tom\u00e1s Silvestre, de Guaymall\u00e9n.<\/p>\n\n\n\n<p id=\"p-1777564450388-61485\">Seg\u00fan informaron, el mi\u00e9rcoles se concret\u00f3 la primera de estas reuniones, mientras que el segundo encuentro se llevar\u00e1 a cabo este jueves con el objetivo de&nbsp;<strong>concientizar&nbsp;<\/strong>y de evitar que el problema sea mayor entre las alumnas.<\/p>\n\n\n\n<h2 class=\"wp-block-heading\" id=\"p-1777563975042-57151\">Pasos administrativos y medidas pedag\u00f3gicas<\/h2>\n\n\n\n<p id=\"p-1777563975042-86745\">Como parte del proceso administrativo y pedag\u00f3gico, la&nbsp;<strong>escuela&nbsp;<\/strong>convoc\u00f3 formalmente al&nbsp;<strong>Consejo de Convivencia<\/strong>&nbsp;para evaluar el caso en profundidad.<\/p>\n\n\n\n<p id=\"p-1777564755662-7892\">Adem\u00e1s, se iniciar\u00e1 un ciclo de talleres de prevenci\u00f3n y concientizaci\u00f3n destinado a toda la comunidad educativa para evitar futuros episodios de&nbsp;<strong>violencia<\/strong>, el cual qued\u00f3 registrado en el siguiente&nbsp;<strong>video<\/strong>:<\/p>\n\n\n\n<figure class=\"wp-block-embed is-type-video is-provider-youtube wp-block-embed-youtube wp-embed-aspect-16-9 wp-has-aspect-ratio\"><div class=\"wp-block-embed__wrapper\">\n<iframe loading=\"lazy\" title=\"Dos alumnas de una secundaria se agarran a pi\u00f1as a la salida de la escuela\" width=\"640\" height=\"360\" src=\"https:\/\/www.youtube.com\/embed\/bcJZnlUiVV8?feature=oembed\" frameborder=\"0\" allow=\"accelerometer; autoplay; clipboard-write; encrypted-media; gyroscope; picture-in-picture; web-share\" referrerpolicy=\"strict-origin-when-cross-origin\" allowfullscreen><\/iframe>\n<\/div><\/figure>\n\n\n\n<p id=\"p-1777563975042-31328\">Desde la Direcci\u00f3n de Educaci\u00f3n Secundaria se\u00f1alaron que la Supervisi\u00f3n escolar brindar\u00e1 el&nbsp;<strong>informe t\u00e9cnico<\/strong>&nbsp;definitivo, documento que ser\u00e1 fundamental para determinar las&nbsp;<strong>medidas disciplinarias y pedag\u00f3gicas<\/strong>&nbsp;a seguir.<\/p>\n\n\n\n<p id=\"p-1777564923063-57527\">Mientras, la\u00a0<strong>escuela\u00a0<\/strong>su compromiso con la resoluci\u00f3n pac\u00edfica de conflictos y la construcci\u00f3n de un entorno seguro para todos sus\u00a0<strong>alumnos<\/strong>.<\/p>\n","protected":false},"excerpt":{"rendered":"<p>La Direcci\u00f3n de Educaci\u00f3n Secundaria, de la Direcci\u00f3n General de Escuelas (DGE), comunic\u00f3 este jueves que, ante lo ocurrido el martes pasado en las inmediaciones de la\u00a0escuela\u00a0Tom\u00e1s Silvestre, de\u00a0Guaymall\u00e9n, se inici\u00f3 la aplicaci\u00f3n inmediata del Protocolo de Convivencia Escolar vigente. El caso tom\u00f3 relevancia luego de que se viralizara un video en redes sociales donde<a class=\"read-more\" href=\"https:\/\/elfederalmendoza.com.ar\/index.php\/2026\/05\/01\/dos-alumnas-a-la-pinas-fuera-del-colegio-y-la-intervencion-de-la-direccion-de-escuelas-con-un-protocolo-de-convivencia-de-que-se-trata\/\"> [&hellip;]<\/a><\/p>\n","protected":false},"author":2,"featured_media":36026,"comment_status":"open","ping_status":"open","sticky":false,"template":"","format":"standard","meta":{"footnotes":""},"categories":[1],"tags":[],"class_list":["post-36024","post","type-post","status-publish","format-standard","has-post-thumbnail","hentry","category-mza"],"rttpg_featured_image_url":{"full":["https:\/\/elfederalmendoza.com.ar\/wp-content\/uploads\/2026\/05\/pinas5.jpg",831,466,false],"landscape":["https:\/\/elfederalmendoza.com.ar\/wp-content\/uploads\/2026\/05\/pinas5.jpg",831,466,false],"portraits":["https:\/\/elfederalmendoza.com.ar\/wp-content\/uploads\/2026\/05\/pinas5.jpg",831,466,false],"thumbnail":["https:\/\/elfederalmendoza.com.ar\/wp-content\/uploads\/2026\/05\/pinas5-150x150.jpg",150,150,true],"medium":["https:\/\/elfederalmendoza.com.ar\/wp-content\/uploads\/2026\/05\/pinas5-300x168.jpg",300,168,true],"large":["https:\/\/elfederalmendoza.com.ar\/wp-content\/uploads\/2026\/05\/pinas5.jpg",640,359,false],"1536x1536":["https:\/\/elfederalmendoza.com.ar\/wp-content\/uploads\/2026\/05\/pinas5.jpg",831,466,false],"2048x2048":["https:\/\/elfederalmendoza.com.ar\/wp-content\/uploads\/2026\/05\/pinas5.jpg",831,466,false],"ultp_layout_landscape_large":["https:\/\/elfederalmendoza.com.ar\/wp-content\/uploads\/2026\/05\/pinas5.jpg",831,466,false],"ultp_layout_landscape":["https:\/\/elfederalmendoza.com.ar\/wp-content\/uploads\/2026\/05\/pinas5.jpg",831,466,false],"ultp_layout_portrait":["https:\/\/elfederalmendoza.com.ar\/wp-content\/uploads\/2026\/05\/pinas5-600x466.jpg",600,466,true],"ultp_layout_square":["https:\/\/elfederalmendoza.com.ar\/wp-content\/uploads\/2026\/05\/pinas5-600x466.jpg",600,466,true],"rpwe-thumbnail":["https:\/\/elfederalmendoza.com.ar\/wp-content\/uploads\/2026\/05\/pinas5-45x45.jpg",45,45,true],"advps-thumb-one":["https:\/\/elfederalmendoza.com.ar\/wp-content\/uploads\/2026\/05\/pinas5-831x420.jpg",831,420,true]},"rttpg_author":{"display_name":"Redacci\u00f3n El Federal","author_link":"https:\/\/elfederalmendoza.com.ar\/index.php\/author\/angelflores\/"},"rttpg_comment":0,"rttpg_category":"<a href=\"https:\/\/elfederalmendoza.com.ar\/index.php\/category\/mza\/\" rel=\"category tag\">Mendoza<\/a>","rttpg_excerpt":"La Direcci\u00f3n de Educaci\u00f3n Secundaria, de la Direcci\u00f3n General de Escuelas (DGE), comunic\u00f3 este jueves que, ante lo ocurrido el martes pasado en las inmediaciones de la\u00a0escuela\u00a0Tom\u00e1s Silvestre, de\u00a0Guaymall\u00e9n, se inici\u00f3 la aplicaci\u00f3n inmediata del Protocolo de Convivencia Escolar vigente. El caso tom\u00f3 relevancia luego de que se viralizara un video en redes sociales donde&hellip;","_links":{"self":[{"href":"https:\/\/elfederalmendoza.com.ar\/index.php\/wp-json\/wp\/v2\/posts\/36024","targetHints":{"allow":["GET"]}}],"collection":[{"href":"https:\/\/elfederalmendoza.com.ar\/index.php\/wp-json\/wp\/v2\/posts"}],"about":[{"href":"https:\/\/elfederalmendoza.com.ar\/index.php\/wp-json\/wp\/v2\/types\/post"}],"author":[{"embeddable":true,"href":"https:\/\/elfederalmendoza.com.ar\/index.php\/wp-json\/wp\/v2\/users\/2"}],"replies":[{"embeddable":true,"href":"https:\/\/elfederalmendoza.com.ar\/index.php\/wp-json\/wp\/v2\/comments?post=36024"}],"version-history":[{"count":1,"href":"https:\/\/elfederalmendoza.com.ar\/index.php\/wp-json\/wp\/v2\/posts\/36024\/revisions"}],"predecessor-version":[{"id":36027,"href":"https:\/\/elfederalmendoza.com.ar\/index.php\/wp-json\/wp\/v2\/posts\/36024\/revisions\/36027"}],"wp:featuredmedia":[{"embeddable":true,"href":"https:\/\/elfederalmendoza.com.ar\/index.php\/wp-json\/wp\/v2\/media\/36026"}],"wp:attachment":[{"href":"https:\/\/elfederalmendoza.com.ar\/index.php\/wp-json\/wp\/v2\/media?parent=36024"}],"wp:term":[{"taxonomy":"category","embeddable":true,"href":"https:\/\/elfederalmendoza.com.ar\/index.php\/wp-json\/wp\/v2\/categories?post=36024"},{"taxonomy":"post_tag","embeddable":true,"href":"https:\/\/elfederalmendoza.com.ar\/index.php\/wp-json\/wp\/v2\/tags?post=36024"}],"curies":[{"name":"wp","href":"https:\/\/api.w.org\/{rel}","templated":true}]}}