{"id":36028,"date":"2026-05-01T09:25:13","date_gmt":"2026-05-01T12:25:13","guid":{"rendered":"https:\/\/elfederalmendoza.com.ar\/?p=36028"},"modified":"2026-05-01T09:25:14","modified_gmt":"2026-05-01T12:25:14","slug":"presidente-de-la-camara-minera-de-chile-milei-hizo-en-18-meses-lo-que-en-chile-no-hemos-logrado-en-10-anos","status":"publish","type":"post","link":"https:\/\/elfederalmendoza.com.ar\/index.php\/2026\/05\/01\/presidente-de-la-camara-minera-de-chile-milei-hizo-en-18-meses-lo-que-en-chile-no-hemos-logrado-en-10-anos\/","title":{"rendered":"Presidente de la C\u00e1mara Minera de Chile: \u00abMilei hizo en 18 meses lo que en Chile no hemos logrado en 10 a\u00f1os\u00bb"},"content":{"rendered":"\n<p>El presidente de la C\u00e1mara Minera transandina dej\u00f3 elogios a Argentina por la priorizaci\u00f3n y aliento de inversi\u00f3n a proyectos mineros: <strong>\u00abEl boom de Chile ya pas\u00f3\u00bb.<\/strong><\/p>\n\n\n\n<p>El<strong>\u00a0presidente de la C\u00e1mara Minera de\u00a0Chile, Manuel Viera Flores<\/strong>, encendi\u00f3 una alarma poco habitual en el pa\u00eds vecino, que durante d\u00e9cadas lider\u00f3 la atracci\u00f3n de inversiones mineras en la regi\u00f3n. Seg\u00fan dijo,\u00a0<strong>Argentina,<\/strong>\u00a0desde la puesta en marcha del R\u00e9gimen de Incentivo para Grandes Inversiones (<strong>RIGI<\/strong>), empez\u00f3 a \u00ab<strong>correr m\u00e1s r\u00e1pido\u00bb.<\/strong><\/p>\n\n\n\n<p id=\"p-1777561595124-43982\">Su preocupaci\u00f3n fue expuesta a trav\u00e9s de una\u00a0columna de opini\u00f3n el pasado 29 de abril en el medio trasandino Cooperativa.\u00a0All\u00ed,\u00a0<strong>Viera Flores dijo que mientras el gobierno de Javier Milei aprob\u00f3 12 proyectos por unos USD 26.000 millones en apenas 18 meses bajo el RIGI<\/strong>,<strong>\u00a0del otro lado de la cordillera se priorizaron iniciativas por apenas USD 62 millones en el mismo per\u00edodo.<\/strong><\/p>\n\n\n\n<p id=\"p-1777561687026-25658\">La diferencia, adem\u00e1s de magnitud, es de ritmo, de escala y, sobre todo, de expectativas.<\/p>\n\n\n\n<figure class=\"wp-block-image\"><img decoding=\"async\" src=\"https:\/\/media.losandes.com.ar\/p\/2ae47f7fdfde1efa5181ee45e2198900\/adjuntos\/368\/imagenes\/100\/710\/0100710341\/1000x0\/smart\/manuel-viera-flores-presidente-la-camara-minera-chile.jpg\" alt=\"Manuel Viera Flores, presidente de la C\u00e1mara Minera de Chile\" title=\"Manuel Viera Flores, presidente de la C\u00e1mara Minera de Chile\"\/><\/figure>\n\n\n\n<p id=\"p-1777562467280-80179\">Manuel Viera Flores, presidente de la C\u00e1mara Minera de Chile<\/p>\n\n\n\n<p id=\"p-1777561505651-29761\"><strong>\u201cChile va en la direcci\u00f3n correcta, pero con la velocidad equivocada<\/strong>\u201d, advirti\u00f3 Viera Flores, rescatando algunas medidas de<strong>&nbsp;Jos\u00e9 Antonio Kast&nbsp;<\/strong>desde su llegada a La Moneda. En su diagn\u00f3stico hay una idea central:<strong>&nbsp;el pa\u00eds vecino perdi\u00f3 una d\u00e9cada en t\u00e9rminos de competitividad minera.&nbsp;<\/strong>Frente a ese vac\u00edo,<strong>&nbsp;Argentina avanz\u00f3.<\/strong><\/p>\n\n\n\n<p id=\"p-1777561505651-32285\">Viera Flores destac\u00f3 que el RIGI argentino ofrece garant\u00edas fiscales de largo plazo (resultados en 20 o 30 a\u00f1os), libre disponibilidad de divisas y reglas que, en teor\u00eda, no cambian. Para proyectos que requieren inversiones multimillonarias y horizontes de maduraci\u00f3n de d\u00e9cadas, es la condici\u00f3n b\u00e1sica para decidir<strong>&nbsp;d\u00f3nde poner el capital<\/strong>.<\/p>\n\n\n\n<p id=\"p-1777562149329-80113\">\u00ab<strong>El boom de Chile ya pas\u00f3,<\/strong>&nbsp;ahora hay que buscar una estrategia distinta con las ventajas que ofrece el pa\u00eds, por ejemplo, aumentar la capacidad de fundici\u00f3n y refino\u00bb, a\u00f1adi\u00f3.<\/p>\n\n\n\n<p id=\"p-1777561505651-94685\">De acuerdo al presidente de la C\u00e1mara Minera chilena, Argentina fue vista durante a\u00f1os como un mercado con recursos pero con riesgos macroecon\u00f3micos altos: cepo cambiario, inestabilidad regulatoria, restricciones para girar utilidades.<\/p>\n\n\n\n<figure class=\"wp-block-image\"><img decoding=\"async\" src=\"https:\/\/media.losandes.com.ar\/p\/6da87056a06968a47c3536d3cb1a7930\/adjuntos\/368\/imagenes\/100\/710\/0100710291\/1000x0\/smart\/vicuna-mineria-san-juan.png\" alt=\"Proyecto Vicu&ntilde;a, en San Juan\" title=\"Proyecto Vicu&ntilde;a, en San Juan\"\/><\/figure>\n\n\n\n<p id=\"p-1777562504833-26817\">Proyecto Vicu\u00f1a, en San Juan<\/p>\n\n\n\n<p id=\"p-1777561864039-71524\">Ahora, seg\u00fan Viera Flores, ese escenario empez\u00f3 a modificarse.<strong>&nbsp;\u201cPara BHP, Lundin, First Quantum o Rio Tinto esto era una barrera hist\u00f3rica. Hoy ya no lo es\u201d<\/strong>, plante\u00f3 en su columna.<\/p>\n\n\n\n<p id=\"p-1777562006728-72761\">\u00abSeamos honestos<strong>: Chile perdi\u00f3 una d\u00e9cada. Entre 2014 y 2024 nuestra producci\u00f3n de cobre se estanc\u00f3 alrededor de 5,4 millones de toneladas anuales. En el mismo periodo, las leyes de mineral cayeron de 1% a 0,6%<\/strong>. Otros pa\u00edses crecieron, nosotros nos quedamos quietos\u00bb, dijo el empresario.<\/p>\n\n\n\n<p id=\"p-1777562016245-52870\"><strong>\u00abMilei hizo en 18 meses lo que en Chile no hemos logrado en 10 a\u00f1os<\/strong>. El R\u00e9gimen de Incentivo para Grandes Inversiones (RIGI) es un instrumento de pol\u00edtica p\u00fablica notable y Chile tiene que tomarlo como referencia.&nbsp;<strong>Es la primera vez en d\u00e9cadas que un pa\u00eds sudamericano<\/strong>&nbsp;ofrece un&nbsp;<strong>marco fiscal&nbsp;<\/strong>verdaderamente competitivo a nivel global\u00bb, se\u00f1al\u00f3 Viera Flores.<\/p>\n\n\n\n<h2 class=\"wp-block-heading\" id=\"p-1777562519442-77153\">En Chile piden un RIGI como el argentino para repuntar: \u00abLecci\u00f3n de pol\u00edtica p\u00fablica proinversi\u00f3n\u00bb<\/h2>\n\n\n\n<p id=\"p-1777561505651-76916\">No es casual que el foco est\u00e9 en el&nbsp;<strong>cobre<\/strong>&nbsp;y el&nbsp;<strong>litio.<\/strong>&nbsp;El llamado \u201ctri\u00e1ngulo del litio\u201d, que comparten Argentina, Bolivia y Chile, es hoy uno de los epicentros globales de la transici\u00f3n energ\u00e9tica. Y ah\u00ed, seg\u00fan el dirigente chileno,<strong>&nbsp;Argentina empez\u00f3 a capitalizar mejor el momento.<\/strong><\/p>\n\n\n\n<p id=\"p-1777561505651-76830\">El caso m\u00e1s emblem\u00e1tico es el\u00a0<strong>proyecto Vicu\u00f1a, en San Juan,<\/strong>\u00a0impulsado por gigantes como\u00a0<strong>BHP<\/strong>\u00a0y\u00a0<strong>Lundin Mining,<\/strong>\u00a0con una inversi\u00f3n estimada e<strong>n USD 18.000 millones.<\/strong><\/p>\n\n\n\n<p id=\"p-1777561915375-8503\">Viera Flores lo defini\u00f3 sin rodeos como&nbsp;<strong>\u201cla joya de la corona\u201d.<\/strong>&nbsp;Tambi\u00e9n agreg\u00f3 un dato que incomoda en Santiago:&nbsp;<strong>podr\u00eda convertirse en una de las cinco minas de cobre m\u00e1s grandes del mundo\u2026 del lado argentino de la Cordillera de los Andes.<\/strong><\/p>\n\n\n\n<p id=\"p-1777561505651-43997\">Por \u00faltimo, Viera Flores<strong>&nbsp;pidi\u00f3 un \u201cRIGI chileno\u201d, adaptado a su institucionalidad,<\/strong>&nbsp;pero con los&nbsp;<strong>mismos principios:<\/strong>&nbsp;estabilidad fiscal, simplicidad normativa, libertad para mover divisas y un compromiso expl\u00edcito de no cambiar las reglas a mitad del juego.<\/p>\n\n\n\n<p id=\"p-1777562057853-83977\">\u00abLo que Chile debe reconocer, a mi juicio, con el debido respeto a la soberan\u00eda argentina, el RIGI es una&nbsp;<strong>lecci\u00f3n<\/strong>&nbsp;de&nbsp;<strong>pol\u00edtica p\u00fablica proinversi\u00f3n\u00bb,<\/strong>&nbsp;manifest\u00f3 el referente trasandino de la miner\u00eda.<\/p>\n\n\n\n<p>Los Andes<\/p>\n","protected":false},"excerpt":{"rendered":"<p>El presidente de la C\u00e1mara Minera transandina dej\u00f3 elogios a Argentina por la priorizaci\u00f3n y aliento de inversi\u00f3n a proyectos mineros: \u00abEl boom de Chile ya pas\u00f3\u00bb. El\u00a0presidente de la C\u00e1mara Minera de\u00a0Chile, Manuel Viera Flores, encendi\u00f3 una alarma poco habitual en el pa\u00eds vecino, que durante d\u00e9cadas lider\u00f3 la atracci\u00f3n de inversiones mineras en<a class=\"read-more\" href=\"https:\/\/elfederalmendoza.com.ar\/index.php\/2026\/05\/01\/presidente-de-la-camara-minera-de-chile-milei-hizo-en-18-meses-lo-que-en-chile-no-hemos-logrado-en-10-anos\/\"> [&hellip;]<\/a><\/p>\n","protected":false},"author":2,"featured_media":36029,"comment_status":"open","ping_status":"open","sticky":false,"template":"","format":"standard","meta":{"footnotes":""},"categories":[5618],"tags":[13174,13173,13175,13176],"class_list":["post-36028","post","type-post","status-publish","format-standard","has-post-thumbnail","hentry","category-arg","tag-chile-2","tag-milei","tag-mineria-3","tag-rigi"],"rttpg_featured_image_url":{"full":["https:\/\/elfederalmendoza.com.ar\/wp-content\/uploads\/2026\/05\/camion-minero1.jpg",1831,1144,false],"landscape":["https:\/\/elfederalmendoza.com.ar\/wp-content\/uploads\/2026\/05\/camion-minero1.jpg",1831,1144,false],"portraits":["https:\/\/elfederalmendoza.com.ar\/wp-content\/uploads\/2026\/05\/camion-minero1.jpg",1831,1144,false],"thumbnail":["https:\/\/elfederalmendoza.com.ar\/wp-content\/uploads\/2026\/05\/camion-minero1-150x150.jpg",150,150,true],"medium":["https:\/\/elfederalmendoza.com.ar\/wp-content\/uploads\/2026\/05\/camion-minero1-300x187.jpg",300,187,true],"large":["https:\/\/elfederalmendoza.com.ar\/wp-content\/uploads\/2026\/05\/camion-minero1-1024x640.jpg",640,400,true],"1536x1536":["https:\/\/elfederalmendoza.com.ar\/wp-content\/uploads\/2026\/05\/camion-minero1-1536x960.jpg",1536,960,true],"2048x2048":["https:\/\/elfederalmendoza.com.ar\/wp-content\/uploads\/2026\/05\/camion-minero1.jpg",1831,1144,false],"ultp_layout_landscape_large":["https:\/\/elfederalmendoza.com.ar\/wp-content\/uploads\/2026\/05\/camion-minero1-1200x800.jpg",1200,800,true],"ultp_layout_landscape":["https:\/\/elfederalmendoza.com.ar\/wp-content\/uploads\/2026\/05\/camion-minero1-870x570.jpg",870,570,true],"ultp_layout_portrait":["https:\/\/elfederalmendoza.com.ar\/wp-content\/uploads\/2026\/05\/camion-minero1-600x900.jpg",600,900,true],"ultp_layout_square":["https:\/\/elfederalmendoza.com.ar\/wp-content\/uploads\/2026\/05\/camion-minero1-600x600.jpg",600,600,true],"rpwe-thumbnail":["https:\/\/elfederalmendoza.com.ar\/wp-content\/uploads\/2026\/05\/camion-minero1-45x45.jpg",45,45,true],"advps-thumb-one":["https:\/\/elfederalmendoza.com.ar\/wp-content\/uploads\/2026\/05\/camion-minero1-1200x420.jpg",1200,420,true]},"rttpg_author":{"display_name":"Redacci\u00f3n El Federal","author_link":"https:\/\/elfederalmendoza.com.ar\/index.php\/author\/angelflores\/"},"rttpg_comment":0,"rttpg_category":"<a href=\"https:\/\/elfederalmendoza.com.ar\/index.php\/category\/arg\/\" rel=\"category tag\">Argentina<\/a>","rttpg_excerpt":"El presidente de la C\u00e1mara Minera transandina dej\u00f3 elogios a Argentina por la priorizaci\u00f3n y aliento de inversi\u00f3n a proyectos mineros: \u00abEl boom de Chile ya pas\u00f3\u00bb. El\u00a0presidente de la C\u00e1mara Minera de\u00a0Chile, Manuel Viera Flores, encendi\u00f3 una alarma poco habitual en el pa\u00eds vecino, que durante d\u00e9cadas lider\u00f3 la atracci\u00f3n de inversiones mineras en&hellip;","_links":{"self":[{"href":"https:\/\/elfederalmendoza.com.ar\/index.php\/wp-json\/wp\/v2\/posts\/36028","targetHints":{"allow":["GET"]}}],"collection":[{"href":"https:\/\/elfederalmendoza.com.ar\/index.php\/wp-json\/wp\/v2\/posts"}],"about":[{"href":"https:\/\/elfederalmendoza.com.ar\/index.php\/wp-json\/wp\/v2\/types\/post"}],"author":[{"embeddable":true,"href":"https:\/\/elfederalmendoza.com.ar\/index.php\/wp-json\/wp\/v2\/users\/2"}],"replies":[{"embeddable":true,"href":"https:\/\/elfederalmendoza.com.ar\/index.php\/wp-json\/wp\/v2\/comments?post=36028"}],"version-history":[{"count":1,"href":"https:\/\/elfederalmendoza.com.ar\/index.php\/wp-json\/wp\/v2\/posts\/36028\/revisions"}],"predecessor-version":[{"id":36030,"href":"https:\/\/elfederalmendoza.com.ar\/index.php\/wp-json\/wp\/v2\/posts\/36028\/revisions\/36030"}],"wp:featuredmedia":[{"embeddable":true,"href":"https:\/\/elfederalmendoza.com.ar\/index.php\/wp-json\/wp\/v2\/media\/36029"}],"wp:attachment":[{"href":"https:\/\/elfederalmendoza.com.ar\/index.php\/wp-json\/wp\/v2\/media?parent=36028"}],"wp:term":[{"taxonomy":"category","embeddable":true,"href":"https:\/\/elfederalmendoza.com.ar\/index.php\/wp-json\/wp\/v2\/categories?post=36028"},{"taxonomy":"post_tag","embeddable":true,"href":"https:\/\/elfederalmendoza.com.ar\/index.php\/wp-json\/wp\/v2\/tags?post=36028"}],"curies":[{"name":"wp","href":"https:\/\/api.w.org\/{rel}","templated":true}]}}