{"id":36031,"date":"2026-05-01T04:44:00","date_gmt":"2026-05-01T07:44:00","guid":{"rendered":"https:\/\/elfederalmendoza.com.ar\/?p=36031"},"modified":"2026-05-01T09:53:18","modified_gmt":"2026-05-01T12:53:18","slug":"asi-es-el-renault-12-version-2027-el-clasico-automovil-que-sale-a-dominar-las-calles-de-nuevo","status":"publish","type":"post","link":"https:\/\/elfederalmendoza.com.ar\/index.php\/2026\/05\/01\/asi-es-el-renault-12-version-2027-el-clasico-automovil-que-sale-a-dominar-las-calles-de-nuevo\/","title":{"rendered":"As\u00ed es el Renault 12 versi\u00f3n 2027: el cl\u00e1sico autom\u00f3vil que sale a dominar las calles de nuevo"},"content":{"rendered":"\n<p id=\"p-1777053490925-95339\"> Dise\u00f1o que mezcla recuerdos, innovaci\u00f3n y una fuerte carga emocional.<\/p>\n\n\n\n<figure class=\"wp-block-image\"><img decoding=\"async\" src=\"https:\/\/media.losandes.com.ar\/p\/575df1fcba148d6eec7e66a477e3599e\/adjuntos\/368\/imagenes\/100\/709\/0100709090\/1000x0\/smart\/r12.png\" alt=\"R12\"\/><\/figure>\n\n\n\n<p id=\"p-1777053583034-55864\">El\u00a0<strong>Renault 12<\/strong>\u00a0es mucho m\u00e1s que un\u00a0<strong>auto<\/strong>\u00a0en\u00a0<strong>Argentina.<\/strong>\u00a0Fue durante d\u00e9cadas un\u00a0<strong>s\u00edmbolo de resistencia, simpleza y confiabilidad<\/strong>, elegido tanto para la ciudad como para largos viajes por ruta.<\/p>\n\n\n\n<p id=\"p-1777053583034-97562\">Su presencia marc\u00f3 generaciones. Con su dise\u00f1o robusto y mec\u00e1nica noble, se gan\u00f3 un lugar en la cultura popular, convirti\u00e9ndose en uno de los modelos m\u00e1s recordados por su&nbsp;<strong>durabilidad y bajo costo de mantenimiento<\/strong>.<\/p>\n\n\n\n<p id=\"p-1777053641504-12551\">Hoy, gracias a la&nbsp;<strong>inteligencia artificial<\/strong>, ese cl\u00e1sico vuelve a escena con una versi\u00f3n 2027 que sorprende por su equilibrio entre pasado y futuro. La recreaci\u00f3n propone una mirada moderna sin perder su esencia original.<\/p>\n\n\n\n<figure class=\"wp-block-image\"><img decoding=\"async\" src=\"https:\/\/media.losandes.com.ar\/p\/9bdd8cb0df3475ca45cdbd37fb6cd098\/adjuntos\/368\/imagenes\/100\/709\/0100709092\/1000x0\/smart\/image.png\" alt=\"\" title=\"\"\/><\/figure>\n\n\n\n<p id=\"p-1777053583034-96433\">La imagen del nuevo Renault 12 despierta&nbsp;<strong>nostalgia inmediata<\/strong>, pero tambi\u00e9n curiosidad. \u00bfC\u00f3mo se ver\u00eda hoy un auto pensado en otra \u00e9poca si se adaptara a las exigencias actuales?<\/p>\n\n\n\n<h2 class=\"wp-block-heading\" id=\"p-1777053583034-10256\">Un redise\u00f1o moderno que mantiene su ADN intacto<\/h2>\n\n\n\n<p id=\"p-1777053583034-64848\">En esta reinterpretaci\u00f3n, el Renault 12 conserva su silueta caracter\u00edstica, aunque con una evoluci\u00f3n clara en sus l\u00edneas. La carrocer\u00eda se vuelve m\u00e1s fluida, con un dise\u00f1o m\u00e1s aerodin\u00e1mico y detalles que lo acercan a los autos actuales.<\/p>\n\n\n\n<p id=\"p-1777053583034-34838\">Los cambios se notan especialmente en el frente. Aparecen&nbsp;<strong>faros LED estilizados<\/strong>, una parrilla m\u00e1s limpia y una est\u00e9tica minimalista que moderniza su imagen sin borrar su identidad.<\/p>\n\n\n\n<p>A pesar de estas transformaciones, se mantienen gui\u00f1os al modelo original. Su forma general, su impronta familiar y su&nbsp;<strong>esp\u00edritu pr\u00e1ctico<\/strong>&nbsp;siguen presentes, logrando una fusi\u00f3n entre tradici\u00f3n e innovaci\u00f3n.<\/p>\n\n\n\n<figure class=\"wp-block-image\"><img decoding=\"async\" src=\"https:\/\/media.losandes.com.ar\/p\/e2cfb532d7baffa2b07f3644a9e3e134\/adjuntos\/368\/imagenes\/100\/709\/0100709093\/1000x0\/smart\/image.png\" alt=\"\" title=\"\"\/><\/figure>\n\n\n\n<h2 class=\"wp-block-heading\" id=\"p-1777053583034-45632\">Tecnolog\u00eda, eficiencia y una nueva forma de manejar un cl\u00e1sico<\/h2>\n\n\n\n<p id=\"p-1777053583034-27945\">El interior tambi\u00e9n evoluciona de manera notable. La inteligencia artificial imagina un habit\u00e1culo con&nbsp;<strong>pantallas digitales<\/strong>, conectividad total y materiales m\u00e1s modernos, pensados para mejorar la experiencia del conductor.<\/p>\n\n\n\n<p id=\"p-1777053583034-9390\">Sin embargo, se respeta la l\u00f3gica funcional que hizo famoso al modelo. La&nbsp;<strong>simplicidad en los comandos<\/strong>&nbsp;y la comodidad siguen siendo pilares, adaptados a un entorno m\u00e1s tecnol\u00f3gico.<\/p>\n\n\n\n<p id=\"p-1777053583034-98385\">En cuanto a su mec\u00e1nica, esta versi\u00f3n 2027 se proyecta como un veh\u00edculo el\u00e9ctrico o h\u00edbrido. La&nbsp;<strong>eficiencia energ\u00e9tica<\/strong>&nbsp;ser\u00eda clave, con autonom\u00eda suficiente para el uso urbano y sistemas de carga acordes a la vida actual.<\/p>\n\n\n\n<p id=\"p-1777053583034-33185\">La seguridad tambi\u00e9n da un salto importante. Incorporar\u00eda frenos ABS, control de estabilidad, airbags y asistentes de conducci\u00f3n, adem\u00e1s de sensores y c\u00e1maras que aportan mayor control.<\/p>\n\n\n\n<p id=\"p-1777053583034-13259\">El Renault 12 dej\u00f3 una marca imborrable en la historia automotriz argentina. Esta recreaci\u00f3n futurista demuestra que los cl\u00e1sicos pueden evolucionar sin perder su identidad, manteniendo vivo su legado en cada detalle.<\/p>\n","protected":false},"excerpt":{"rendered":"<p>Dise\u00f1o que mezcla recuerdos, innovaci\u00f3n y una fuerte carga emocional. El\u00a0Renault 12\u00a0es mucho m\u00e1s que un\u00a0auto\u00a0en\u00a0Argentina.\u00a0Fue durante d\u00e9cadas un\u00a0s\u00edmbolo de resistencia, simpleza y confiabilidad, elegido tanto para la ciudad como para largos viajes por ruta. Su presencia marc\u00f3 generaciones. Con su dise\u00f1o robusto y mec\u00e1nica noble, se gan\u00f3 un lugar en la cultura popular, convirti\u00e9ndose<a class=\"read-more\" href=\"https:\/\/elfederalmendoza.com.ar\/index.php\/2026\/05\/01\/asi-es-el-renault-12-version-2027-el-clasico-automovil-que-sale-a-dominar-las-calles-de-nuevo\/\"> [&hellip;]<\/a><\/p>\n","protected":false},"author":2,"featured_media":36032,"comment_status":"open","ping_status":"open","sticky":false,"template":"","format":"standard","meta":{"footnotes":""},"categories":[5618],"tags":[],"class_list":["post-36031","post","type-post","status-publish","format-standard","has-post-thumbnail","hentry","category-arg"],"rttpg_featured_image_url":{"full":["https:\/\/elfederalmendoza.com.ar\/wp-content\/uploads\/2026\/05\/renault-placa.jpg",1005,663,false],"landscape":["https:\/\/elfederalmendoza.com.ar\/wp-content\/uploads\/2026\/05\/renault-placa.jpg",1005,663,false],"portraits":["https:\/\/elfederalmendoza.com.ar\/wp-content\/uploads\/2026\/05\/renault-placa.jpg",1005,663,false],"thumbnail":["https:\/\/elfederalmendoza.com.ar\/wp-content\/uploads\/2026\/05\/renault-placa-150x150.jpg",150,150,true],"medium":["https:\/\/elfederalmendoza.com.ar\/wp-content\/uploads\/2026\/05\/renault-placa-300x198.jpg",300,198,true],"large":["https:\/\/elfederalmendoza.com.ar\/wp-content\/uploads\/2026\/05\/renault-placa.jpg",640,422,false],"1536x1536":["https:\/\/elfederalmendoza.com.ar\/wp-content\/uploads\/2026\/05\/renault-placa.jpg",1005,663,false],"2048x2048":["https:\/\/elfederalmendoza.com.ar\/wp-content\/uploads\/2026\/05\/renault-placa.jpg",1005,663,false],"ultp_layout_landscape_large":["https:\/\/elfederalmendoza.com.ar\/wp-content\/uploads\/2026\/05\/renault-placa.jpg",1005,663,false],"ultp_layout_landscape":["https:\/\/elfederalmendoza.com.ar\/wp-content\/uploads\/2026\/05\/renault-placa-870x570.jpg",870,570,true],"ultp_layout_portrait":["https:\/\/elfederalmendoza.com.ar\/wp-content\/uploads\/2026\/05\/renault-placa-600x663.jpg",600,663,true],"ultp_layout_square":["https:\/\/elfederalmendoza.com.ar\/wp-content\/uploads\/2026\/05\/renault-placa-600x600.jpg",600,600,true],"rpwe-thumbnail":["https:\/\/elfederalmendoza.com.ar\/wp-content\/uploads\/2026\/05\/renault-placa-45x45.jpg",45,45,true],"advps-thumb-one":["https:\/\/elfederalmendoza.com.ar\/wp-content\/uploads\/2026\/05\/renault-placa-1005x420.jpg",1005,420,true]},"rttpg_author":{"display_name":"Redacci\u00f3n El Federal","author_link":"https:\/\/elfederalmendoza.com.ar\/index.php\/author\/angelflores\/"},"rttpg_comment":0,"rttpg_category":"<a href=\"https:\/\/elfederalmendoza.com.ar\/index.php\/category\/arg\/\" rel=\"category tag\">Argentina<\/a>","rttpg_excerpt":"Dise\u00f1o que mezcla recuerdos, innovaci\u00f3n y una fuerte carga emocional. El\u00a0Renault 12\u00a0es mucho m\u00e1s que un\u00a0auto\u00a0en\u00a0Argentina.\u00a0Fue durante d\u00e9cadas un\u00a0s\u00edmbolo de resistencia, simpleza y confiabilidad, elegido tanto para la ciudad como para largos viajes por ruta. Su presencia marc\u00f3 generaciones. Con su dise\u00f1o robusto y mec\u00e1nica noble, se gan\u00f3 un lugar en la cultura popular, convirti\u00e9ndose&hellip;","_links":{"self":[{"href":"https:\/\/elfederalmendoza.com.ar\/index.php\/wp-json\/wp\/v2\/posts\/36031","targetHints":{"allow":["GET"]}}],"collection":[{"href":"https:\/\/elfederalmendoza.com.ar\/index.php\/wp-json\/wp\/v2\/posts"}],"about":[{"href":"https:\/\/elfederalmendoza.com.ar\/index.php\/wp-json\/wp\/v2\/types\/post"}],"author":[{"embeddable":true,"href":"https:\/\/elfederalmendoza.com.ar\/index.php\/wp-json\/wp\/v2\/users\/2"}],"replies":[{"embeddable":true,"href":"https:\/\/elfederalmendoza.com.ar\/index.php\/wp-json\/wp\/v2\/comments?post=36031"}],"version-history":[{"count":1,"href":"https:\/\/elfederalmendoza.com.ar\/index.php\/wp-json\/wp\/v2\/posts\/36031\/revisions"}],"predecessor-version":[{"id":36033,"href":"https:\/\/elfederalmendoza.com.ar\/index.php\/wp-json\/wp\/v2\/posts\/36031\/revisions\/36033"}],"wp:featuredmedia":[{"embeddable":true,"href":"https:\/\/elfederalmendoza.com.ar\/index.php\/wp-json\/wp\/v2\/media\/36032"}],"wp:attachment":[{"href":"https:\/\/elfederalmendoza.com.ar\/index.php\/wp-json\/wp\/v2\/media?parent=36031"}],"wp:term":[{"taxonomy":"category","embeddable":true,"href":"https:\/\/elfederalmendoza.com.ar\/index.php\/wp-json\/wp\/v2\/categories?post=36031"},{"taxonomy":"post_tag","embeddable":true,"href":"https:\/\/elfederalmendoza.com.ar\/index.php\/wp-json\/wp\/v2\/tags?post=36031"}],"curies":[{"name":"wp","href":"https:\/\/api.w.org\/{rel}","templated":true}]}}