{"id":36041,"date":"2026-05-03T10:38:50","date_gmt":"2026-05-03T13:38:50","guid":{"rendered":"https:\/\/elfederalmendoza.com.ar\/?p=36041"},"modified":"2026-05-03T10:38:50","modified_gmt":"2026-05-03T13:38:50","slug":"mendoza-sumara-motoambulancias-para-atender-emergencias-criticas","status":"publish","type":"post","link":"https:\/\/elfederalmendoza.com.ar\/index.php\/2026\/05\/03\/mendoza-sumara-motoambulancias-para-atender-emergencias-criticas\/","title":{"rendered":"Mendoza sumar\u00e1 motoambulancias para atender emergencias cr\u00edticas"},"content":{"rendered":"\n<p>El\u00a0<strong>Gobierno de Mendoza<\/strong>\u00a0anunci\u00f3 que sumar\u00e1\u00a0<strong>motoambulancias al sistema de emergencias<\/strong>, con el objetivo de\u00a0<strong>reducir los tiempos de llegada ante situaciones cr\u00edticas<\/strong>\u00a0y mejorar la primera atenci\u00f3n en la v\u00eda p\u00fablica.<\/p>\n\n\n\n<p>La medida fue informada por el\u00a0<strong>ministro de Salud,\u00a0Rodolfo Montero<\/strong>, quien indic\u00f3 que estas unidades estar\u00e1n destinadas a\u00a0<strong>intervenciones r\u00e1pidas en accidentes de tr\u00e1nsito y otros eventos urgentes<\/strong>, donde los primeros minutos son determinantes.<\/p>\n\n\n\n<figure class=\"wp-block-image size-large\"><img loading=\"lazy\" decoding=\"async\" width=\"1024\" height=\"768\" src=\"https:\/\/elfederalmendoza.com.ar\/wp-content\/uploads\/2026\/05\/MOTO-AMBULANCIA1-1024x768.jpg\" alt=\"\" class=\"wp-image-36043\" srcset=\"https:\/\/elfederalmendoza.com.ar\/wp-content\/uploads\/2026\/05\/MOTO-AMBULANCIA1-1024x768.jpg 1024w, https:\/\/elfederalmendoza.com.ar\/wp-content\/uploads\/2026\/05\/MOTO-AMBULANCIA1-300x225.jpg 300w, https:\/\/elfederalmendoza.com.ar\/wp-content\/uploads\/2026\/05\/MOTO-AMBULANCIA1-768x576.jpg 768w, https:\/\/elfederalmendoza.com.ar\/wp-content\/uploads\/2026\/05\/MOTO-AMBULANCIA1-1536x1152.jpg 1536w, https:\/\/elfederalmendoza.com.ar\/wp-content\/uploads\/2026\/05\/MOTO-AMBULANCIA1.jpg 1600w\" sizes=\"auto, (max-width: 1024px) 100vw, 1024px\" \/><\/figure>\n\n\n\n<p>Seg\u00fan se explic\u00f3, las&nbsp;<strong>motoambulancias estar\u00e1n equipadas con insumos b\u00e1sicos de atenci\u00f3n prehospitalaria<\/strong>, lo que permitir\u00e1 que el personal de salud&nbsp;<strong>inicie maniobras de asistencia en el lugar<\/strong>, antes de la llegada de una ambulancia convencional encargada del traslado.<\/p>\n\n\n\n<p>El uso de este tipo de veh\u00edculos apunta a&nbsp;<strong>facilitar el acceso en zonas con tr\u00e1nsito intenso o calles de dif\u00edcil circulaci\u00f3n<\/strong>, donde una ambulancia puede demorar m\u00e1s tiempo en llegar. En esos casos, la intervenci\u00f3n inicial puede ser clave para estabilizar al paciente.<\/p>\n\n\n\n<figure class=\"wp-block-image size-large\"><img loading=\"lazy\" decoding=\"async\" width=\"1024\" height=\"687\" src=\"https:\/\/elfederalmendoza.com.ar\/wp-content\/uploads\/2026\/05\/MOTO-AMBULANCIA2-1024x687.jpeg\" alt=\"\" class=\"wp-image-36044\" srcset=\"https:\/\/elfederalmendoza.com.ar\/wp-content\/uploads\/2026\/05\/MOTO-AMBULANCIA2-1024x687.jpeg 1024w, https:\/\/elfederalmendoza.com.ar\/wp-content\/uploads\/2026\/05\/MOTO-AMBULANCIA2-300x201.jpeg 300w, https:\/\/elfederalmendoza.com.ar\/wp-content\/uploads\/2026\/05\/MOTO-AMBULANCIA2-768x515.jpeg 768w, https:\/\/elfederalmendoza.com.ar\/wp-content\/uploads\/2026\/05\/MOTO-AMBULANCIA2-1536x1030.jpeg 1536w, https:\/\/elfederalmendoza.com.ar\/wp-content\/uploads\/2026\/05\/MOTO-AMBULANCIA2-2048x1374.jpeg 2048w\" sizes=\"auto, (max-width: 1024px) 100vw, 1024px\" \/><\/figure>\n\n\n\n<p>Desde el \u00e1rea de Salud no se precisaron por el momento&nbsp;<strong>cu\u00e1ntas unidades ser\u00e1n incorporadas ni desde cu\u00e1ndo comenzar\u00e1n a operar<\/strong>, aunque se indic\u00f3 que formar\u00e1n parte del sistema de respuesta ante emergencias.<\/p>\n\n\n<div class=\"wp-block-image\">\n<figure class=\"aligncenter\"><img decoding=\"async\" src=\"https:\/\/www.mendozapost.com\/files\/image\/718\/718229\/69f4e68885e48_570_380!.jpg?s=eb884035f03b069e023150b32d4657a9&amp;d=1777657483\" alt=\"\"\/><figcaption class=\"wp-element-caption\">El ministro de Salud, Rodolfo Montero.<\/figcaption><\/figure><\/div>\n\n\n<p>La incorporaci\u00f3n de motoambulancias se suma a otras medidas anunciadas en el \u00e1rea sanitaria, entre ellas la&nbsp;<strong>apertura de un centro de di\u00e1lisis en Godoy Cruz<\/strong>, prevista para los pr\u00f3ximos meses, que contar\u00e1 con m\u00e1s de 120 puestos para atenci\u00f3n de pacientes.<\/p>\n","protected":false},"excerpt":{"rendered":"<p>El\u00a0Gobierno de Mendoza\u00a0anunci\u00f3 que sumar\u00e1\u00a0motoambulancias al sistema de emergencias, con el objetivo de\u00a0reducir los tiempos de llegada ante situaciones cr\u00edticas\u00a0y mejorar la primera atenci\u00f3n en la v\u00eda p\u00fablica. La medida fue informada por el\u00a0ministro de Salud,\u00a0Rodolfo Montero, quien indic\u00f3 que estas unidades estar\u00e1n destinadas a\u00a0intervenciones r\u00e1pidas en accidentes de tr\u00e1nsito y otros eventos urgentes, donde<a class=\"read-more\" href=\"https:\/\/elfederalmendoza.com.ar\/index.php\/2026\/05\/03\/mendoza-sumara-motoambulancias-para-atender-emergencias-criticas\/\"> [&hellip;]<\/a><\/p>\n","protected":false},"author":2,"featured_media":36042,"comment_status":"open","ping_status":"open","sticky":false,"template":"","format":"standard","meta":{"footnotes":""},"categories":[1],"tags":[],"class_list":["post-36041","post","type-post","status-publish","format-standard","has-post-thumbnail","hentry","category-mza"],"rttpg_featured_image_url":{"full":["https:\/\/elfederalmendoza.com.ar\/wp-content\/uploads\/2026\/05\/MOTO-AMBULANCIA.jpg",1383,781,false],"landscape":["https:\/\/elfederalmendoza.com.ar\/wp-content\/uploads\/2026\/05\/MOTO-AMBULANCIA.jpg",1383,781,false],"portraits":["https:\/\/elfederalmendoza.com.ar\/wp-content\/uploads\/2026\/05\/MOTO-AMBULANCIA.jpg",1383,781,false],"thumbnail":["https:\/\/elfederalmendoza.com.ar\/wp-content\/uploads\/2026\/05\/MOTO-AMBULANCIA-150x150.jpg",150,150,true],"medium":["https:\/\/elfederalmendoza.com.ar\/wp-content\/uploads\/2026\/05\/MOTO-AMBULANCIA-300x169.jpg",300,169,true],"large":["https:\/\/elfederalmendoza.com.ar\/wp-content\/uploads\/2026\/05\/MOTO-AMBULANCIA-1024x578.jpg",640,361,true],"1536x1536":["https:\/\/elfederalmendoza.com.ar\/wp-content\/uploads\/2026\/05\/MOTO-AMBULANCIA.jpg",1383,781,false],"2048x2048":["https:\/\/elfederalmendoza.com.ar\/wp-content\/uploads\/2026\/05\/MOTO-AMBULANCIA.jpg",1383,781,false],"ultp_layout_landscape_large":["https:\/\/elfederalmendoza.com.ar\/wp-content\/uploads\/2026\/05\/MOTO-AMBULANCIA-1200x781.jpg",1200,781,true],"ultp_layout_landscape":["https:\/\/elfederalmendoza.com.ar\/wp-content\/uploads\/2026\/05\/MOTO-AMBULANCIA-870x570.jpg",870,570,true],"ultp_layout_portrait":["https:\/\/elfederalmendoza.com.ar\/wp-content\/uploads\/2026\/05\/MOTO-AMBULANCIA-600x781.jpg",600,781,true],"ultp_layout_square":["https:\/\/elfederalmendoza.com.ar\/wp-content\/uploads\/2026\/05\/MOTO-AMBULANCIA-600x600.jpg",600,600,true],"rpwe-thumbnail":["https:\/\/elfederalmendoza.com.ar\/wp-content\/uploads\/2026\/05\/MOTO-AMBULANCIA-45x45.jpg",45,45,true],"advps-thumb-one":["https:\/\/elfederalmendoza.com.ar\/wp-content\/uploads\/2026\/05\/MOTO-AMBULANCIA-1200x420.jpg",1200,420,true]},"rttpg_author":{"display_name":"Redacci\u00f3n El Federal","author_link":"https:\/\/elfederalmendoza.com.ar\/index.php\/author\/angelflores\/"},"rttpg_comment":0,"rttpg_category":"<a href=\"https:\/\/elfederalmendoza.com.ar\/index.php\/category\/mza\/\" rel=\"category tag\">Mendoza<\/a>","rttpg_excerpt":"El\u00a0Gobierno de Mendoza\u00a0anunci\u00f3 que sumar\u00e1\u00a0motoambulancias al sistema de emergencias, con el objetivo de\u00a0reducir los tiempos de llegada ante situaciones cr\u00edticas\u00a0y mejorar la primera atenci\u00f3n en la v\u00eda p\u00fablica. La medida fue informada por el\u00a0ministro de Salud,\u00a0Rodolfo Montero, quien indic\u00f3 que estas unidades estar\u00e1n destinadas a\u00a0intervenciones r\u00e1pidas en accidentes de tr\u00e1nsito y otros eventos urgentes, donde&hellip;","_links":{"self":[{"href":"https:\/\/elfederalmendoza.com.ar\/index.php\/wp-json\/wp\/v2\/posts\/36041","targetHints":{"allow":["GET"]}}],"collection":[{"href":"https:\/\/elfederalmendoza.com.ar\/index.php\/wp-json\/wp\/v2\/posts"}],"about":[{"href":"https:\/\/elfederalmendoza.com.ar\/index.php\/wp-json\/wp\/v2\/types\/post"}],"author":[{"embeddable":true,"href":"https:\/\/elfederalmendoza.com.ar\/index.php\/wp-json\/wp\/v2\/users\/2"}],"replies":[{"embeddable":true,"href":"https:\/\/elfederalmendoza.com.ar\/index.php\/wp-json\/wp\/v2\/comments?post=36041"}],"version-history":[{"count":1,"href":"https:\/\/elfederalmendoza.com.ar\/index.php\/wp-json\/wp\/v2\/posts\/36041\/revisions"}],"predecessor-version":[{"id":36045,"href":"https:\/\/elfederalmendoza.com.ar\/index.php\/wp-json\/wp\/v2\/posts\/36041\/revisions\/36045"}],"wp:featuredmedia":[{"embeddable":true,"href":"https:\/\/elfederalmendoza.com.ar\/index.php\/wp-json\/wp\/v2\/media\/36042"}],"wp:attachment":[{"href":"https:\/\/elfederalmendoza.com.ar\/index.php\/wp-json\/wp\/v2\/media?parent=36041"}],"wp:term":[{"taxonomy":"category","embeddable":true,"href":"https:\/\/elfederalmendoza.com.ar\/index.php\/wp-json\/wp\/v2\/categories?post=36041"},{"taxonomy":"post_tag","embeddable":true,"href":"https:\/\/elfederalmendoza.com.ar\/index.php\/wp-json\/wp\/v2\/tags?post=36041"}],"curies":[{"name":"wp","href":"https:\/\/api.w.org\/{rel}","templated":true}]}}