{"id":36909,"date":"2026-08-31T09:02:42","date_gmt":"2026-08-31T12:02:42","guid":{"rendered":"https:\/\/elfederalmendoza.com.ar\/?p=36909"},"modified":"2026-08-31T09:02:43","modified_gmt":"2026-08-31T12:02:43","slug":"una-pareja-fue-detenida-tras-llevar-a-un-recien-nacido-en-una-mochila-e-investigan-una-tentativa-de-homicidio","status":"publish","type":"post","link":"https:\/\/elfederalmendoza.com.ar\/index.php\/2026\/08\/31\/una-pareja-fue-detenida-tras-llevar-a-un-recien-nacido-en-una-mochila-e-investigan-una-tentativa-de-homicidio\/","title":{"rendered":"Una pareja fue detenida tras llevar a un reci\u00e9n nacido en una mochila e investigan una tentativa de homicidio"},"content":{"rendered":"\n<p>El beb\u00e9 ingres\u00f3 al Hospital Lagomaggiore con asfixia perinatal y qued\u00f3 bajo protocolo de hipotermia mientras la fiscal\u00eda investiga lo ocurrido despu\u00e9s del parto.<\/p>\n\n\n\n<p id=\"p-1788171486033-29593\">Una pareja de dos j\u00f3venes de 18 y 19 a\u00f1os quedaron\u00a0<strong>detenidos<\/strong>\u00a0y son investigados por presunta\u00a0<strong>tentativa de homicidio\u00a0<\/strong>de un reci\u00e9n nacido que ingres\u00f3 al\u00a0<strong>Hospital Lagomaggiore<\/strong>\u00a0con un cuadro de\u00a0<strong>asfixia perinatal<\/strong>\u00a0y qued\u00f3 bajo protocolo de hipotermia.<\/p>\n\n\n\n<p id=\"p-1788171411548-61751\">El caso se conoci\u00f3 durante la noche del domingo, cuando un&nbsp;<strong>beb\u00e9&nbsp;<\/strong>ingres\u00f3 a la guardia del&nbsp;<strong>Hospital Lagomaggiore<\/strong>&nbsp;donde lleg\u00f3 en ambulancia del Servicio Coordinado de Emergencias junto con su madre, de 18 a\u00f1os.<\/p>\n\n\n\n<figure class=\"wp-block-image\"><img decoding=\"async\" src=\"https:\/\/media.diariouno.com.ar\/p\/0cf97de1a77b768932a4336dc6f34cff\/adjuntos\/298\/imagenes\/009\/392\/0009392872\/1200x0\/smart\/lagomaggiore-buscadores-19jpg.jpg\" alt=\"\" title=\"\"\/><\/figure>\n\n\n\n<p id=\"p-1788171411548-75016\">De acuerdo a los primeros datos de la investigaci\u00f3n, la abuela del beb\u00e9 manifest\u00f3 que desconoc\u00eda el embarazo de su hija y que, al enterarse de lo ocurrido, la busc\u00f3 y la traslad\u00f3 junto con el beb\u00e9 hasta el Centro de Salud N\u00ba300, de La Favorita, en Capital.<\/p>\n\n\n\n<h2 class=\"wp-block-heading\" id=\"p-1788171411548-48675\">El relato de los padres sobre lo ocurrido despu\u00e9s del parto<\/h2>\n\n\n\n<p id=\"p-1788171411548-59851\">El padre del reci\u00e9n nacido relat\u00f3 que su pareja hab\u00eda comenzado con&nbsp;<strong>dolores&nbsp;<\/strong>el d\u00eda anterior y que durante la ma\u00f1ana decidi\u00f3 ba\u00f1arse antes de ir a un hospital.<\/p>\n\n\n\n<p id=\"p-1788171411548-50524\">En ese momento fue cuando la joven dio a luz. Seg\u00fan el relato del joven de 19 a\u00f1os, despu\u00e9s del nacimiento ambos colocaron al&nbsp;<strong>beb\u00e9&nbsp;<\/strong>dentro de una mochila y se trasladaron a pie hasta la casa de la madre de ella.<\/p>\n\n\n\n<p id=\"p-1788171411548-95638\">El padre habr\u00eda manifestado que el reci\u00e9n nacido&nbsp;<strong>no emit\u00eda llanto ni presentaba reacci\u00f3n<\/strong>&nbsp;alguna durante ese traslado.<\/p>\n\n\n\n<p id=\"p-1788171411548-86086\">Luego fue entrevistada la progenitora, quien brind\u00f3 una versi\u00f3n coincidente en varios aspectos con la de su pareja y su madre. Seg\u00fan su declaraci\u00f3n, despu\u00e9s del nacimiento el padre tom\u00f3 al beb\u00e9 y lo coloc\u00f3 dentro de una&nbsp;<strong>mochila&nbsp;<\/strong>con la intenci\u00f3n de&nbsp;<strong>deshacerse de \u00e9l<\/strong>.<\/p>\n\n\n\n<p id=\"p-1788171411548-97944\">La joven declar\u00f3 que el hombre sali\u00f3 de la vivienda con el reci\u00e9n nacido, pero que despu\u00e9s de un tiempo&nbsp;<strong>se arrepinti\u00f3 y regres\u00f3<\/strong>. De acuerdo con lo manifestado por la madre, la decisi\u00f3n de deshacerse del&nbsp;<strong>beb\u00e9&nbsp;<\/strong>habr\u00eda sido consentida por ambos progenitores.<\/p>\n\n\n\n<h2 class=\"wp-block-heading\" id=\"p-1788171411548-98175\">El padre qued\u00f3 a disposici\u00f3n de la Justicia<\/h2>\n\n\n\n<p id=\"p-1788171411548-58996\">Con estos elementos, se dispuso el traslado del padre a disposici\u00f3n de la Oficina Fiscal, quien qued\u00f3&nbsp;<strong>detenido&nbsp;<\/strong>en&nbsp;<strong>Estrada<\/strong>, y el traslado de la abuela al Polo Judicial para prestar&nbsp;<strong>declaraci\u00f3n<\/strong>.<\/p>\n\n\n\n<p id=\"p-1788171411548-68783\">Tambi\u00e9n se orden\u00f3 el secuestro de<strong>&nbsp;prendas y tel\u00e9fonos&nbsp;<\/strong>de los progenitores, adem\u00e1s de la mochila en la que, seg\u00fan los testimonios incorporados a la causa, habr\u00eda sido trasladado el reci\u00e9n nacido.<\/p>\n\n\n\n<p id=\"p-1788171411548-60576\">Posteriormente, el fiscal de Homicidios&nbsp;<strong>Oscar Malla<\/strong>&nbsp;autoriz\u00f3 un&nbsp;<strong>allanamiento&nbsp;<\/strong>en la casa donde ocurri\u00f3 el parto, en el barrio La Favorita, pero la medida tuvo resultado negativo en cuanto al hallazgo de indicios por parte de Polic\u00eda Cient\u00edfica debido la presencia de numerosos moradores que habr\u00edan contaminado el lugar.<\/p>\n\n\n\n<p id=\"p-1788171411548-87694\">La causa contin\u00faa bajo&nbsp;<strong>investigaci\u00f3n&nbsp;<\/strong>para determinar las circunstancias exactas en las que ocurri\u00f3 el nacimiento, qu\u00e9 sucedi\u00f3 durante las horas posteriores y las responsabilidades que pudieran corresponder a los involucrados.<\/p>\n\n\n\n<p><\/p>\n\n\n\n<p><\/p>\n","protected":false},"excerpt":{"rendered":"<p>El beb\u00e9 ingres\u00f3 al Hospital Lagomaggiore con asfixia perinatal y qued\u00f3 bajo protocolo de hipotermia mientras la fiscal\u00eda investiga lo ocurrido despu\u00e9s del parto. Una pareja de dos j\u00f3venes de 18 y 19 a\u00f1os quedaron\u00a0detenidos\u00a0y son investigados por presunta\u00a0tentativa de homicidio\u00a0de un reci\u00e9n nacido que ingres\u00f3 al\u00a0Hospital Lagomaggiore\u00a0con un cuadro de\u00a0asfixia perinatal\u00a0y qued\u00f3 bajo protocolo<a class=\"read-more\" href=\"https:\/\/elfederalmendoza.com.ar\/index.php\/2026\/08\/31\/una-pareja-fue-detenida-tras-llevar-a-un-recien-nacido-en-una-mochila-e-investigan-una-tentativa-de-homicidio\/\"> [&hellip;]<\/a><\/p>\n","protected":false},"author":2,"featured_media":32705,"comment_status":"closed","ping_status":"closed","sticky":false,"template":"","format":"standard","meta":{"wpmdr_menu":1,"wpmdr_menu_extended":{"individualPostRemove":1,"individualPostRemoveDate":1,"individualPostRemoveAuthor":1,"individualPostYoastRemovePublished":1,"individualPostYoastRemoveModified":1},"footnotes":""},"categories":[1],"tags":[],"class_list":["post-36909","post","type-post","status-publish","format-standard","has-post-thumbnail","hentry","category-mza"],"rttpg_featured_image_url":{"full":["https:\/\/elfederalmendoza.com.ar\/wp-content\/uploads\/2024\/05\/bebe-cocaina.jpg",1200,675,false],"landscape":["https:\/\/elfederalmendoza.com.ar\/wp-content\/uploads\/2024\/05\/bebe-cocaina.jpg",1200,675,false],"portraits":["https:\/\/elfederalmendoza.com.ar\/wp-content\/uploads\/2024\/05\/bebe-cocaina.jpg",1200,675,false],"thumbnail":["https:\/\/elfederalmendoza.com.ar\/wp-content\/uploads\/2024\/05\/bebe-cocaina-150x150.jpg",150,150,true],"medium":["https:\/\/elfederalmendoza.com.ar\/wp-content\/uploads\/2024\/05\/bebe-cocaina-300x169.jpg",300,169,true],"large":["https:\/\/elfederalmendoza.com.ar\/wp-content\/uploads\/2024\/05\/bebe-cocaina-1024x576.jpg",640,360,true],"1536x1536":["https:\/\/elfederalmendoza.com.ar\/wp-content\/uploads\/2024\/05\/bebe-cocaina.jpg",1200,675,false],"2048x2048":["https:\/\/elfederalmendoza.com.ar\/wp-content\/uploads\/2024\/05\/bebe-cocaina.jpg",1200,675,false],"ultp_layout_landscape_large":["https:\/\/elfederalmendoza.com.ar\/wp-content\/uploads\/2024\/05\/bebe-cocaina.jpg",1200,675,false],"ultp_layout_landscape":["https:\/\/elfederalmendoza.com.ar\/wp-content\/uploads\/2024\/05\/bebe-cocaina-870x570.jpg",870,570,true],"ultp_layout_portrait":["https:\/\/elfederalmendoza.com.ar\/wp-content\/uploads\/2024\/05\/bebe-cocaina-600x675.jpg",600,675,true],"ultp_layout_square":["https:\/\/elfederalmendoza.com.ar\/wp-content\/uploads\/2024\/05\/bebe-cocaina-600x600.jpg",600,600,true],"rpwe-thumbnail":["https:\/\/elfederalmendoza.com.ar\/wp-content\/uploads\/2024\/05\/bebe-cocaina-45x45.jpg",45,45,true],"advps-thumb-one":["https:\/\/elfederalmendoza.com.ar\/wp-content\/uploads\/2024\/05\/bebe-cocaina-1200x420.jpg",1200,420,true]},"rttpg_author":{"display_name":"Redacci\u00f3n El Federal","author_link":"https:\/\/elfederalmendoza.com.ar\/index.php\/author\/angelflores\/"},"rttpg_comment":0,"rttpg_category":"<a href=\"https:\/\/elfederalmendoza.com.ar\/index.php\/category\/mza\/\" rel=\"category tag\">Mendoza<\/a>","rttpg_excerpt":"El beb\u00e9 ingres\u00f3 al Hospital Lagomaggiore con asfixia perinatal y qued\u00f3 bajo protocolo de hipotermia mientras la fiscal\u00eda investiga lo ocurrido despu\u00e9s del parto. Una pareja de dos j\u00f3venes de 18 y 19 a\u00f1os quedaron\u00a0detenidos\u00a0y son investigados por presunta\u00a0tentativa de homicidio\u00a0de un reci\u00e9n nacido que ingres\u00f3 al\u00a0Hospital Lagomaggiore\u00a0con un cuadro de\u00a0asfixia perinatal\u00a0y qued\u00f3 bajo protocolo&hellip;","_links":{"self":[{"href":"https:\/\/elfederalmendoza.com.ar\/index.php\/wp-json\/wp\/v2\/posts\/36909","targetHints":{"allow":["GET"]}}],"collection":[{"href":"https:\/\/elfederalmendoza.com.ar\/index.php\/wp-json\/wp\/v2\/posts"}],"about":[{"href":"https:\/\/elfederalmendoza.com.ar\/index.php\/wp-json\/wp\/v2\/types\/post"}],"author":[{"embeddable":true,"href":"https:\/\/elfederalmendoza.com.ar\/index.php\/wp-json\/wp\/v2\/users\/2"}],"replies":[{"embeddable":true,"href":"https:\/\/elfederalmendoza.com.ar\/index.php\/wp-json\/wp\/v2\/comments?post=36909"}],"version-history":[{"count":1,"href":"https:\/\/elfederalmendoza.com.ar\/index.php\/wp-json\/wp\/v2\/posts\/36909\/revisions"}],"predecessor-version":[{"id":36910,"href":"https:\/\/elfederalmendoza.com.ar\/index.php\/wp-json\/wp\/v2\/posts\/36909\/revisions\/36910"}],"wp:featuredmedia":[{"embeddable":true,"href":"https:\/\/elfederalmendoza.com.ar\/index.php\/wp-json\/wp\/v2\/media\/32705"}],"wp:attachment":[{"href":"https:\/\/elfederalmendoza.com.ar\/index.php\/wp-json\/wp\/v2\/media?parent=36909"}],"wp:term":[{"taxonomy":"category","embeddable":true,"href":"https:\/\/elfederalmendoza.com.ar\/index.php\/wp-json\/wp\/v2\/categories?post=36909"},{"taxonomy":"post_tag","embeddable":true,"href":"https:\/\/elfederalmendoza.com.ar\/index.php\/wp-json\/wp\/v2\/tags?post=36909"}],"curies":[{"name":"wp","href":"https:\/\/api.w.org\/{rel}","templated":true}]}}