{"id":36911,"date":"2026-08-31T09:15:39","date_gmt":"2026-08-31T12:15:39","guid":{"rendered":"https:\/\/elfederalmendoza.com.ar\/?p=36911"},"modified":"2026-08-31T09:16:32","modified_gmt":"2026-08-31T12:16:32","slug":"rina-en-un-micro-apunalaron-a-un-joven-de-20-anos","status":"publish","type":"post","link":"https:\/\/elfederalmendoza.com.ar\/index.php\/2026\/08\/31\/rina-en-un-micro-apunalaron-a-un-joven-de-20-anos\/","title":{"rendered":"Ri\u00f1a en un micro: apu\u00f1alaron a un joven de 20 a\u00f1os"},"content":{"rendered":"\n<p>Un&nbsp;<strong>joven de 20 a\u00f1os&nbsp;<\/strong>result\u00f3&nbsp;<strong>herido<\/strong>&nbsp;tras protagonizar una&nbsp;<strong>ri\u00f1a<\/strong>&nbsp;con otro pasajero en el interior de un colectivo de la<strong>&nbsp;l\u00ednea 400<\/strong>, en un hecho ocurrido durante la noche de este domingo en&nbsp;<strong>Godoy Cruz<\/strong>.<\/p>\n\n\n\n<p>El episodio se registr\u00f3 alrededor de las 20.00 cuando personal policial fue alertado sobre un pasajero lesionado dentro de la unidad que circulaba por calle&nbsp;<strong>Joaqu\u00edn V. Gonz\u00e1lez, frente al ex Hipermercado Libertad.&nbsp;<\/strong><\/p>\n\n\n\n<p>Seg\u00fan la informaci\u00f3n preliminar, el joven de 20 a\u00f1os, habr\u00eda mantenido una pelea con otro pasajero. En medio de la ri\u00f1a,&nbsp;<strong>el agresor habr\u00eda utilizado un arma blanca y le provoc\u00f3 tres heridas punzocortantes en la zona del t\u00f3rax.<\/strong>&nbsp;<\/p>\n\n\n<div class=\"wp-block-image\">\n<figure class=\"aligncenter is-resized\"><img decoding=\"async\" src=\"https:\/\/www.mendozapost.com\/files\/image\/482\/482189\/646773938103c_570_379!.jpg?s=0f5142bd2836d2ae995163d2cb456d49&amp;d=1761339709\" alt=\"\" style=\"width:840px;height:auto\"\/><figcaption class=\"wp-element-caption\">La v\u00edctima fue trasladada al Hospital Lagomaggiore.<\/figcaption><\/figure><\/div>\n\n\n<p>&nbsp;Tras el ataque, el sospechoso descendi\u00f3 del colectivo y escap\u00f3 del lugar antes de la llegada de la Polic\u00eda.&nbsp;&nbsp;<\/p>\n\n\n\n<p>La v\u00edctima fue trasladada inicialmente al Hospital El Carmen, donde los profesionales constataron las lesiones. Debido a la gravedad del cuadro, posteriormente fue&nbsp;<strong>derivada al Hospital Lagomaggiore<\/strong>, donde qued\u00f3 internada con diagn\u00f3stico reservado.<\/p>\n\n\n\n<p>Uno de los elementos clave para esclarecer&nbsp;<strong>lo ocurrido son las c\u00e1maras de seguridad instaladas en la unidad de transporte<\/strong>, que habr\u00edan registrado el momento de la pelea y el ataque. Las im\u00e1genes ser\u00e1n analizadas por los investigadores para intentar identificar al agresor y reconstruir la secuencia del hecho.<\/p>\n\n\n\n<p>La investigaci\u00f3n qued\u00f3 a cargo de la Oficina Fiscal de Godoy Cruz, que dispuso las medidas de rigor y la intervenci\u00f3n de Polic\u00eda Cient\u00edfica para realizar las pericias correspondientes.<\/p>\n\n\n\n<p>UNO<\/p>\n","protected":false},"excerpt":{"rendered":"<p>Un&nbsp;joven de 20 a\u00f1os&nbsp;result\u00f3&nbsp;herido&nbsp;tras protagonizar una&nbsp;ri\u00f1a&nbsp;con otro pasajero en el interior de un colectivo de la&nbsp;l\u00ednea 400, en un hecho ocurrido durante la noche de este domingo en&nbsp;Godoy Cruz. El episodio se registr\u00f3 alrededor de las 20.00 cuando personal policial fue alertado sobre un pasajero lesionado dentro de la unidad que circulaba por calle&nbsp;Joaqu\u00edn V.<a class=\"read-more\" href=\"https:\/\/elfederalmendoza.com.ar\/index.php\/2026\/08\/31\/rina-en-un-micro-apunalaron-a-un-joven-de-20-anos\/\"> [&hellip;]<\/a><\/p>\n","protected":false},"author":2,"featured_media":36913,"comment_status":"closed","ping_status":"closed","sticky":false,"template":"","format":"standard","meta":{"wpmdr_menu":1,"wpmdr_menu_extended":{"individualPostRemove":1,"individualPostRemoveDate":1,"individualPostRemoveAuthor":1,"individualPostYoastRemovePublished":1,"individualPostYoastRemoveModified":1},"footnotes":""},"categories":[1],"tags":[],"class_list":["post-36911","post","type-post","status-publish","format-standard","has-post-thumbnail","hentry","category-mza"],"rttpg_featured_image_url":{"full":["https:\/\/elfederalmendoza.com.ar\/wp-content\/uploads\/2026\/08\/linea402.jpg",1648,716,false],"landscape":["https:\/\/elfederalmendoza.com.ar\/wp-content\/uploads\/2026\/08\/linea402.jpg",1648,716,false],"portraits":["https:\/\/elfederalmendoza.com.ar\/wp-content\/uploads\/2026\/08\/linea402.jpg",1648,716,false],"thumbnail":["https:\/\/elfederalmendoza.com.ar\/wp-content\/uploads\/2026\/08\/linea402-150x150.jpg",150,150,true],"medium":["https:\/\/elfederalmendoza.com.ar\/wp-content\/uploads\/2026\/08\/linea402-300x130.jpg",300,130,true],"large":["https:\/\/elfederalmendoza.com.ar\/wp-content\/uploads\/2026\/08\/linea402-1024x445.jpg",640,278,true],"1536x1536":["https:\/\/elfederalmendoza.com.ar\/wp-content\/uploads\/2026\/08\/linea402-1536x667.jpg",1536,667,true],"2048x2048":["https:\/\/elfederalmendoza.com.ar\/wp-content\/uploads\/2026\/08\/linea402.jpg",1648,716,false],"ultp_layout_landscape_large":["https:\/\/elfederalmendoza.com.ar\/wp-content\/uploads\/2026\/08\/linea402-1200x716.jpg",1200,716,true],"ultp_layout_landscape":["https:\/\/elfederalmendoza.com.ar\/wp-content\/uploads\/2026\/08\/linea402-870x570.jpg",870,570,true],"ultp_layout_portrait":["https:\/\/elfederalmendoza.com.ar\/wp-content\/uploads\/2026\/08\/linea402-600x716.jpg",600,716,true],"ultp_layout_square":["https:\/\/elfederalmendoza.com.ar\/wp-content\/uploads\/2026\/08\/linea402-600x600.jpg",600,600,true],"rpwe-thumbnail":["https:\/\/elfederalmendoza.com.ar\/wp-content\/uploads\/2026\/08\/linea402-45x45.jpg",45,45,true],"advps-thumb-one":["https:\/\/elfederalmendoza.com.ar\/wp-content\/uploads\/2026\/08\/linea402-1200x420.jpg",1200,420,true]},"rttpg_author":{"display_name":"Redacci\u00f3n El Federal","author_link":"https:\/\/elfederalmendoza.com.ar\/index.php\/author\/angelflores\/"},"rttpg_comment":0,"rttpg_category":"<a href=\"https:\/\/elfederalmendoza.com.ar\/index.php\/category\/mza\/\" rel=\"category tag\">Mendoza<\/a>","rttpg_excerpt":"Un&nbsp;joven de 20 a\u00f1os&nbsp;result\u00f3&nbsp;herido&nbsp;tras protagonizar una&nbsp;ri\u00f1a&nbsp;con otro pasajero en el interior de un colectivo de la&nbsp;l\u00ednea 400, en un hecho ocurrido durante la noche de este domingo en&nbsp;Godoy Cruz. El episodio se registr\u00f3 alrededor de las 20.00 cuando personal policial fue alertado sobre un pasajero lesionado dentro de la unidad que circulaba por calle&nbsp;Joaqu\u00edn V.&hellip;","_links":{"self":[{"href":"https:\/\/elfederalmendoza.com.ar\/index.php\/wp-json\/wp\/v2\/posts\/36911","targetHints":{"allow":["GET"]}}],"collection":[{"href":"https:\/\/elfederalmendoza.com.ar\/index.php\/wp-json\/wp\/v2\/posts"}],"about":[{"href":"https:\/\/elfederalmendoza.com.ar\/index.php\/wp-json\/wp\/v2\/types\/post"}],"author":[{"embeddable":true,"href":"https:\/\/elfederalmendoza.com.ar\/index.php\/wp-json\/wp\/v2\/users\/2"}],"replies":[{"embeddable":true,"href":"https:\/\/elfederalmendoza.com.ar\/index.php\/wp-json\/wp\/v2\/comments?post=36911"}],"version-history":[{"count":2,"href":"https:\/\/elfederalmendoza.com.ar\/index.php\/wp-json\/wp\/v2\/posts\/36911\/revisions"}],"predecessor-version":[{"id":36914,"href":"https:\/\/elfederalmendoza.com.ar\/index.php\/wp-json\/wp\/v2\/posts\/36911\/revisions\/36914"}],"wp:featuredmedia":[{"embeddable":true,"href":"https:\/\/elfederalmendoza.com.ar\/index.php\/wp-json\/wp\/v2\/media\/36913"}],"wp:attachment":[{"href":"https:\/\/elfederalmendoza.com.ar\/index.php\/wp-json\/wp\/v2\/media?parent=36911"}],"wp:term":[{"taxonomy":"category","embeddable":true,"href":"https:\/\/elfederalmendoza.com.ar\/index.php\/wp-json\/wp\/v2\/categories?post=36911"},{"taxonomy":"post_tag","embeddable":true,"href":"https:\/\/elfederalmendoza.com.ar\/index.php\/wp-json\/wp\/v2\/tags?post=36911"}],"curies":[{"name":"wp","href":"https:\/\/api.w.org\/{rel}","templated":true}]}}