{"id":36918,"date":"2026-08-31T09:32:07","date_gmt":"2026-08-31T12:32:07","guid":{"rendered":"https:\/\/elfederalmendoza.com.ar\/?p=36918"},"modified":"2026-08-31T09:32:50","modified_gmt":"2026-08-31T12:32:50","slug":"encontraron-muerto-a-un-comisario-de-48-anos-en-maipu","status":"publish","type":"post","link":"https:\/\/elfederalmendoza.com.ar\/index.php\/2026\/08\/31\/encontraron-muerto-a-un-comisario-de-48-anos-en-maipu\/","title":{"rendered":"Encontraron muerto a un comisario de 48 a\u00f1os en Maip\u00fa"},"content":{"rendered":"\n<p>Un comisario muri\u00f3 este domingo al mediod\u00eda en Maip\u00fa y volvi\u00f3 a encender las alarmas dentro de la Polic\u00eda de Mendoza. Se trata de&nbsp;<strong>Roberto Carlos Villarroel Perea<\/strong>, de 48 a\u00f1os, quien estaba al frente de la&nbsp;<strong>Comisar\u00eda 10\u00aa<\/strong>&nbsp;desde hac\u00eda apenas dos semanas. Lo encontraron sin vida en el&nbsp;<strong>barrio Recodo 2<\/strong>, frente a su propia vivienda.<\/p>\n\n\n\n<p>Todo se desat\u00f3 despu\u00e9s de que su pareja diera aviso a otros polic\u00edas. Seg\u00fan la informaci\u00f3n preliminar, minutos antes la mujer hab\u00eda mantenido una discusi\u00f3n con el comisario, quien sali\u00f3 de la casa en una situaci\u00f3n de crisis. Personal de la&nbsp;<strong>UMAR<\/strong>&nbsp;lleg\u00f3 r\u00e1pido a la zona y fue quien hall\u00f3 el cuerpo, en un sector cercano al domicilio.<\/p>\n\n\n\n<p>La causa qued\u00f3 en manos del fiscal de Homicidios&nbsp;<strong>Oscar Malla<\/strong>, que investiga las circunstancias del hecho, incluso si se quit\u00f3 la vida.<\/p>\n\n\n\n<p>En el lugar trabaj\u00f3 personal de&nbsp;<strong>Polic\u00eda Cient\u00edfica<\/strong>, y un dato podr\u00eda resultar clave para la reconstrucci\u00f3n: colegas que llegaron a la escena portaban c\u00e1maras del sistema de trabajo policial que habr\u00edan registrado parte de la secuencia.<\/p>\n\n\n<div class=\"wp-block-image\">\n<figure class=\"aligncenter is-resized\"><img decoding=\"async\" src=\"https:\/\/www.mendozapost.com\/files\/image\/261\/261816\/5ee63dda6201d_570_315!.jpg?s=852189d3619ef46f5d2a50a107db9954&amp;d=1761257401\" alt=\"\" style=\"width:840px;height:auto\"\/><figcaption class=\"wp-element-caption\">La Comisar\u00eda 10\u00b0, que estaba a cargo de la v\u00edctima.<\/figcaption><\/figure><\/div>\n\n\n<p>Villarroel era un comisario en actividad, con antecedentes en la ex UEP y a\u00f1os de trayectoria en Inteligencia.<\/p>\n","protected":false},"excerpt":{"rendered":"<p>Un comisario muri\u00f3 este domingo al mediod\u00eda en Maip\u00fa y volvi\u00f3 a encender las alarmas dentro de la Polic\u00eda de Mendoza. Se trata de&nbsp;Roberto Carlos Villarroel Perea, de 48 a\u00f1os, quien estaba al frente de la&nbsp;Comisar\u00eda 10\u00aa&nbsp;desde hac\u00eda apenas dos semanas. Lo encontraron sin vida en el&nbsp;barrio Recodo 2, frente a su propia vivienda. Todo<a class=\"read-more\" href=\"https:\/\/elfederalmendoza.com.ar\/index.php\/2026\/08\/31\/encontraron-muerto-a-un-comisario-de-48-anos-en-maipu\/\"> [&hellip;]<\/a><\/p>\n","protected":false},"author":2,"featured_media":36920,"comment_status":"closed","ping_status":"closed","sticky":false,"template":"","format":"standard","meta":{"wpmdr_menu":1,"wpmdr_menu_extended":{"individualPostRemove":1,"individualPostRemoveDate":1,"individualPostRemoveAuthor":1,"individualPostYoastRemovePublished":1,"individualPostYoastRemoveModified":1},"footnotes":""},"categories":[1],"tags":[],"class_list":["post-36918","post","type-post","status-publish","format-standard","has-post-thumbnail","hentry","category-mza"],"rttpg_featured_image_url":{"full":["https:\/\/elfederalmendoza.com.ar\/wp-content\/uploads\/2026\/08\/COMISARIO1.jpg",1322,689,false],"landscape":["https:\/\/elfederalmendoza.com.ar\/wp-content\/uploads\/2026\/08\/COMISARIO1.jpg",1322,689,false],"portraits":["https:\/\/elfederalmendoza.com.ar\/wp-content\/uploads\/2026\/08\/COMISARIO1.jpg",1322,689,false],"thumbnail":["https:\/\/elfederalmendoza.com.ar\/wp-content\/uploads\/2026\/08\/COMISARIO1-150x150.jpg",150,150,true],"medium":["https:\/\/elfederalmendoza.com.ar\/wp-content\/uploads\/2026\/08\/COMISARIO1-300x156.jpg",300,156,true],"large":["https:\/\/elfederalmendoza.com.ar\/wp-content\/uploads\/2026\/08\/COMISARIO1-1024x534.jpg",640,334,true],"1536x1536":["https:\/\/elfederalmendoza.com.ar\/wp-content\/uploads\/2026\/08\/COMISARIO1.jpg",1322,689,false],"2048x2048":["https:\/\/elfederalmendoza.com.ar\/wp-content\/uploads\/2026\/08\/COMISARIO1.jpg",1322,689,false],"ultp_layout_landscape_large":["https:\/\/elfederalmendoza.com.ar\/wp-content\/uploads\/2026\/08\/COMISARIO1-1200x689.jpg",1200,689,true],"ultp_layout_landscape":["https:\/\/elfederalmendoza.com.ar\/wp-content\/uploads\/2026\/08\/COMISARIO1-870x570.jpg",870,570,true],"ultp_layout_portrait":["https:\/\/elfederalmendoza.com.ar\/wp-content\/uploads\/2026\/08\/COMISARIO1-600x689.jpg",600,689,true],"ultp_layout_square":["https:\/\/elfederalmendoza.com.ar\/wp-content\/uploads\/2026\/08\/COMISARIO1-600x600.jpg",600,600,true],"rpwe-thumbnail":["https:\/\/elfederalmendoza.com.ar\/wp-content\/uploads\/2026\/08\/COMISARIO1-45x45.jpg",45,45,true],"advps-thumb-one":["https:\/\/elfederalmendoza.com.ar\/wp-content\/uploads\/2026\/08\/COMISARIO1-1200x420.jpg",1200,420,true]},"rttpg_author":{"display_name":"Redacci\u00f3n El Federal","author_link":"https:\/\/elfederalmendoza.com.ar\/index.php\/author\/angelflores\/"},"rttpg_comment":0,"rttpg_category":"<a href=\"https:\/\/elfederalmendoza.com.ar\/index.php\/category\/mza\/\" rel=\"category tag\">Mendoza<\/a>","rttpg_excerpt":"Un comisario muri\u00f3 este domingo al mediod\u00eda en Maip\u00fa y volvi\u00f3 a encender las alarmas dentro de la Polic\u00eda de Mendoza. Se trata de&nbsp;Roberto Carlos Villarroel Perea, de 48 a\u00f1os, quien estaba al frente de la&nbsp;Comisar\u00eda 10\u00aa&nbsp;desde hac\u00eda apenas dos semanas. Lo encontraron sin vida en el&nbsp;barrio Recodo 2, frente a su propia vivienda. Todo&hellip;","_links":{"self":[{"href":"https:\/\/elfederalmendoza.com.ar\/index.php\/wp-json\/wp\/v2\/posts\/36918","targetHints":{"allow":["GET"]}}],"collection":[{"href":"https:\/\/elfederalmendoza.com.ar\/index.php\/wp-json\/wp\/v2\/posts"}],"about":[{"href":"https:\/\/elfederalmendoza.com.ar\/index.php\/wp-json\/wp\/v2\/types\/post"}],"author":[{"embeddable":true,"href":"https:\/\/elfederalmendoza.com.ar\/index.php\/wp-json\/wp\/v2\/users\/2"}],"replies":[{"embeddable":true,"href":"https:\/\/elfederalmendoza.com.ar\/index.php\/wp-json\/wp\/v2\/comments?post=36918"}],"version-history":[{"count":1,"href":"https:\/\/elfederalmendoza.com.ar\/index.php\/wp-json\/wp\/v2\/posts\/36918\/revisions"}],"predecessor-version":[{"id":36919,"href":"https:\/\/elfederalmendoza.com.ar\/index.php\/wp-json\/wp\/v2\/posts\/36918\/revisions\/36919"}],"wp:featuredmedia":[{"embeddable":true,"href":"https:\/\/elfederalmendoza.com.ar\/index.php\/wp-json\/wp\/v2\/media\/36920"}],"wp:attachment":[{"href":"https:\/\/elfederalmendoza.com.ar\/index.php\/wp-json\/wp\/v2\/media?parent=36918"}],"wp:term":[{"taxonomy":"category","embeddable":true,"href":"https:\/\/elfederalmendoza.com.ar\/index.php\/wp-json\/wp\/v2\/categories?post=36918"},{"taxonomy":"post_tag","embeddable":true,"href":"https:\/\/elfederalmendoza.com.ar\/index.php\/wp-json\/wp\/v2\/tags?post=36918"}],"curies":[{"name":"wp","href":"https:\/\/api.w.org\/{rel}","templated":true}]}}