{"id":36921,"date":"2026-09-01T09:03:38","date_gmt":"2026-09-01T12:03:38","guid":{"rendered":"https:\/\/elfederalmendoza.com.ar\/?p=36921"},"modified":"2026-09-01T09:03:39","modified_gmt":"2026-09-01T12:03:39","slug":"javier-milei-reune-a-su-gabinete-y-prepara-una-nueva-ofensiva-para-eliminar-las-paso","status":"publish","type":"post","link":"https:\/\/elfederalmendoza.com.ar\/index.php\/2026\/09\/01\/javier-milei-reune-a-su-gabinete-y-prepara-una-nueva-ofensiva-para-eliminar-las-paso\/","title":{"rendered":"Javier Milei re\u00fane a su Gabinete y prepara una nueva ofensiva para eliminar las PASO"},"content":{"rendered":"\n<p>El presidente encabezar\u00e1 una nueva reuni\u00f3n de Gabinete, mientras Karina Milei reunir\u00e1 a la mesa pol\u00edtica para analizar la reforma electoral, <strong>el futuro de las PASO y las negociaciones con el PRO rumbo a 2027.<\/strong><\/p>\n\n\n\n<p id=\"p-1788261893226-85394\">El presidente&nbsp;<strong>Javier Milei<\/strong>&nbsp;encabezar\u00e1 este martes una nueva reuni\u00f3n de&nbsp;<strong>Gabinete<\/strong>&nbsp;en la Casa Rosada, en una jornada cargada de definiciones pol\u00edticas en la que el oficialismo volver\u00e1 a poner sobre la mesa la&nbsp;<strong>reforma electoral<\/strong>, la posible eliminaci\u00f3n de las&nbsp;<strong>Primarias, Abiertas, Simult\u00e1neas y Obligatorias (PASO)<\/strong>&nbsp;y las negociaciones con el&nbsp;<strong>PRO<\/strong>&nbsp;de cara a las elecciones de 2027.<\/p>\n\n\n\n<p id=\"p-1788261893226-59245\">La actividad presidencial comenzar\u00e1 con el encuentro del Gabinete, donde los funcionarios coordinar\u00e1n las distintas posturas que ser\u00e1n planteadas durante la cumbre \u201cVientos de Cambio: Avanza la Libertad en Argentina y las Am\u00e9ricas\u201d, organizada por el Archbridge Institute, Libertad y Progreso y Reason.<\/p>\n\n\n\n<p id=\"p-1788261893226-3463\"><strong>Javier Milei&nbsp;<\/strong>tendr\u00e1 a su cargo el discurso de cierre del encuentro, que reunir\u00e1 exposiciones y foros vinculados con las ideas de la libertad y el escenario pol\u00edtico regional.<\/p>\n\n\n\n<h2 class=\"wp-block-heading\" id=\"p-1788261893226-71824\">Reforma electoral y eliminaci\u00f3n de las PASO<\/h2>\n\n\n\n<p id=\"p-1788261893226-37182\">Tres horas despu\u00e9s de la reuni\u00f3n de Gabinete, la actividad pol\u00edtica continuar\u00e1 con la habitual&nbsp;<strong>Mesa Pol\u00edtica<\/strong>&nbsp;del oficialismo, encabezada por la secretaria general de la Presidencia,&nbsp;<strong>Karina Milei<\/strong>.<\/p>\n\n\n\n<p id=\"p-1788261893226-91968\">Uno de los principales temas de la reuni\u00f3n ser\u00e1 la discusi\u00f3n sobre la&nbsp;<strong>reforma electoral<\/strong>&nbsp;que impulsa el Gobierno y, particularmente, la posibilidad de avanzar con la&nbsp;<strong>eliminaci\u00f3n de las PASO<\/strong>.<\/p>\n\n\n<div class=\"wp-block-image\">\n<figure class=\"aligncenter is-resized\"><img decoding=\"async\" src=\"https:\/\/media.mdzol.com\/p\/3b99f58f3c061726edefae23c36e6c69\/adjuntos\/373\/imagenes\/001\/966\/0001966168\/760x0\/smart\/el-gobierno-hizo-una-nueva-reunion-la-mesa-politica.jpeg\" alt=\"El Gobierno hizo una nueva reuni\u00f3n de la mesa pol\u00edtica\" style=\"width:840px;height:auto\" title=\"El Gobierno hizo una nueva reuni\u00f3n de la mesa pol\u00edtica\"\/><\/figure><\/div>\n\n\n<p id=\"p-1788261939319-79256\">El Gobierno hizo una nueva reuni\u00f3n de la mesa pol\u00edtica<\/p>\n\n\n\n<p id=\"p-1788261893226-69956\">La iniciativa forma parte de la agenda pol\u00edtica del oficialismo y se encuentra vinculada al objetivo de modificar las reglas electorales antes de los comicios presidenciales de 2027.<\/p>\n\n\n\n<p id=\"p-1788261893226-83663\">En la mesa tambi\u00e9n se analizar\u00e1 el escenario pol\u00edtico y el armado territorial de&nbsp;<strong>La Libertad Avanza<\/strong>, con la mirada puesta en consolidar la estructura partidaria de cara al pr\u00f3ximo ciclo electoral.<\/p>\n\n\n\n<h2 class=\"wp-block-heading\" id=\"p-1788261893226-75227\">Negociaci\u00f3n con el PRO<\/h2>\n\n\n\n<p id=\"p-1788261893226-40156\">Otro de los ejes centrales ser\u00e1 el v\u00ednculo entre el oficialismo y los dirigentes provenientes del&nbsp;<strong>macrismo<\/strong>&nbsp;que participan de la mesa pol\u00edtica.<\/p>\n\n\n\n<p id=\"p-1788261893226-17210\">Funcionarios libertarios y referentes vinculados al&nbsp;<strong>PRO<\/strong>&nbsp;volver\u00e1n a analizar las condiciones de un eventual acuerdo electoral y las estrategias de negociaci\u00f3n que podr\u00edan adoptar ambas fuerzas de cara a 2027.<\/p>\n\n\n\n<p id=\"p-1788261893226-38251\">La discusi\u00f3n se dar\u00e1 en un escenario en el que el oficialismo busca ampliar su estructura pol\u00edtica y avanzar en acuerdos con sectores que podr\u00edan confluir en una estrategia electoral com\u00fan.<\/p>\n\n\n\n<p id=\"p-1788261893226-27741\">El armado partidario ser\u00e1, por lo tanto, uno de los principales desaf\u00edos de La Libertad Avanza durante los pr\u00f3ximos meses.<\/p>\n\n\n\n<h2 class=\"wp-block-heading\" id=\"p-1788261893226-19285\">La agenda legislativa tambi\u00e9n estar\u00e1 sobre la mesa<\/h2>\n\n\n\n<p id=\"p-1788261893226-11183\">Durante el encuentro pol\u00edtico tambi\u00e9n se repasar\u00e1n los consensos necesarios para avanzar con los principales proyectos que el Gobierno pretende impulsar en el&nbsp;<strong>Congreso de la Naci\u00f3n<\/strong>.<\/p>\n\n\n\n<p id=\"p-1788261893226-48924\">La discusi\u00f3n parlamentaria adquiere especial relevancia despu\u00e9s de la reciente aprobaci\u00f3n en la&nbsp;<strong>C\u00e1mara de Diputados<\/strong>&nbsp;de la reforma de la&nbsp;<strong>Carta Org\u00e1nica del Banco Central<\/strong>, uno de los proyectos promovidos por el oficialismo dentro de su agenda econ\u00f3mica.<\/p>\n\n\n<div class=\"wp-block-image\">\n<figure class=\"aligncenter is-resized\"><img decoding=\"async\" src=\"https:\/\/media.mdzol.com\/p\/1a2af9037703256a422ef02636c15dc5\/adjuntos\/373\/imagenes\/001\/985\/0001985092\/diputados-hoy.jpg?2026-08-26-13-10-11\" alt=\"Tratamiento 26 de Agosto en Diputados \" style=\"width:840px;height:auto\" title=\"Tratamiento 26 de Agosto en Diputados \"\/><\/figure><\/div>\n\n\n<p id=\"p-1788261970444-49336\">Tratamiento 26 de Agosto en Diputados Prensa Diputados<\/p>\n\n\n\n<p id=\"p-1788261893226-99001\">En ese contexto, la conducci\u00f3n libertaria buscar\u00e1 ordenar prioridades y evaluar el escenario legislativo para los pr\u00f3ximos meses.<\/p>\n\n\n\n<h2 class=\"wp-block-heading\" id=\"p-1788261893226-14682\">La visita del Papa Le\u00f3n XIV<\/h2>\n\n\n\n<p id=\"p-1788261893226-36043\">La Mesa Pol\u00edtica tambi\u00e9n tendr\u00e1 entre sus temas la organizaci\u00f3n de la visita del&nbsp;<strong>papa Le\u00f3n XIV a la Argentina<\/strong>, prevista para noviembre.<\/p>\n\n\n\n<p id=\"p-1788261893226-58857\">Karina Milei y los principales referentes del oficialismo analizar\u00e1n la log\u00edstica que deber\u00e1 implementarse ante la llegada del pont\u00edfice, adem\u00e1s de las cuestiones vinculadas con la organizaci\u00f3n y coordinaci\u00f3n institucional del evento.<\/p>\n\n\n<div class=\"wp-block-image\">\n<figure class=\"aligncenter is-resized\"><img decoding=\"async\" src=\"https:\/\/media.mdzol.com\/p\/9fcdddaf477f0a7d420c8b39256609ea\/adjuntos\/373\/imagenes\/001\/981\/0001981365\/760x0\/547x141:567x161\/el-papa-leon-xiv-visitara-argentina-noviembre.jpg\" alt=\"El Papa Le\u00f3n XIV visitar\u00e1 Argentina en noviembre\" style=\"width:840px;height:auto\" title=\"El Papa Le\u00f3n XIV visitar\u00e1 Argentina en noviembre\"\/><\/figure><\/div>\n\n\n<p id=\"p-1788261995045-94080\">El Papa Le\u00f3n XIV visitar\u00e1 Argentina en noviembre EFE<\/p>\n\n\n\n<p id=\"p-1788261893226-79975\">La visita del Papa representar\u00e1 uno de los acontecimientos pol\u00edticos y sociales m\u00e1s relevantes del calendario argentino de noviembre.<\/p>\n\n\n\n<h2 class=\"wp-block-heading\" id=\"p-1788261893226-86551\">Conferencia de prensa por la tarde<\/h2>\n\n\n\n<p id=\"p-1788261893226-3242\">La agenda oficial continuar\u00e1 a las 15, cuando el vocero presidencial&nbsp;<strong>Adri\u00e1n Ravier<\/strong>&nbsp;brinde su habitual conferencia de prensa semanal en la Casa de Gobierno.<\/p>\n\n\n\n<p id=\"p-1788261893226-29304\">All\u00ed se espera que se comuniquen los principales anuncios y definiciones surgidos de la jornada de trabajo del Gobierno.<\/p>\n\n\n\n<p id=\"p-1788261893226-69073\">De esta manera, la Casa Rosada tendr\u00e1 una agenda atravesada por la pol\u00edtica electoral, la negociaci\u00f3n con el PRO y la estrategia legislativa, mientras el oficialismo comienza a delinear el escenario con la mira puesta en&nbsp;<strong>2027<\/strong>.<\/p>\n","protected":false},"excerpt":{"rendered":"<p>El presidente encabezar\u00e1 una nueva reuni\u00f3n de Gabinete, mientras Karina Milei reunir\u00e1 a la mesa pol\u00edtica para analizar la reforma electoral, el futuro de las PASO y las negociaciones con el PRO rumbo a 2027. El presidente&nbsp;Javier Milei&nbsp;encabezar\u00e1 este martes una nueva reuni\u00f3n de&nbsp;Gabinete&nbsp;en la Casa Rosada, en una jornada cargada de definiciones pol\u00edticas en<a class=\"read-more\" href=\"https:\/\/elfederalmendoza.com.ar\/index.php\/2026\/09\/01\/javier-milei-reune-a-su-gabinete-y-prepara-una-nueva-ofensiva-para-eliminar-las-paso\/\"> [&hellip;]<\/a><\/p>\n","protected":false},"author":2,"featured_media":36922,"comment_status":"closed","ping_status":"closed","sticky":false,"template":"","format":"standard","meta":{"wpmdr_menu":1,"wpmdr_menu_extended":{"individualPostRemove":1,"individualPostRemoveDate":1,"individualPostRemoveAuthor":1,"individualPostYoastRemovePublished":1,"individualPostYoastRemoveModified":1},"footnotes":""},"categories":[5618],"tags":[],"class_list":["post-36921","post","type-post","status-publish","format-standard","has-post-thumbnail","hentry","category-arg"],"rttpg_featured_image_url":{"full":["https:\/\/elfederalmendoza.com.ar\/wp-content\/uploads\/2026\/09\/gabinete.jpg",1157,768,false],"landscape":["https:\/\/elfederalmendoza.com.ar\/wp-content\/uploads\/2026\/09\/gabinete.jpg",1157,768,false],"portraits":["https:\/\/elfederalmendoza.com.ar\/wp-content\/uploads\/2026\/09\/gabinete.jpg",1157,768,false],"thumbnail":["https:\/\/elfederalmendoza.com.ar\/wp-content\/uploads\/2026\/09\/gabinete-150x150.jpg",150,150,true],"medium":["https:\/\/elfederalmendoza.com.ar\/wp-content\/uploads\/2026\/09\/gabinete-300x199.jpg",300,199,true],"large":["https:\/\/elfederalmendoza.com.ar\/wp-content\/uploads\/2026\/09\/gabinete-1024x680.jpg",640,425,true],"1536x1536":["https:\/\/elfederalmendoza.com.ar\/wp-content\/uploads\/2026\/09\/gabinete.jpg",1157,768,false],"2048x2048":["https:\/\/elfederalmendoza.com.ar\/wp-content\/uploads\/2026\/09\/gabinete.jpg",1157,768,false],"ultp_layout_landscape_large":["https:\/\/elfederalmendoza.com.ar\/wp-content\/uploads\/2026\/09\/gabinete.jpg",1157,768,false],"ultp_layout_landscape":["https:\/\/elfederalmendoza.com.ar\/wp-content\/uploads\/2026\/09\/gabinete-870x570.jpg",870,570,true],"ultp_layout_portrait":["https:\/\/elfederalmendoza.com.ar\/wp-content\/uploads\/2026\/09\/gabinete-600x768.jpg",600,768,true],"ultp_layout_square":["https:\/\/elfederalmendoza.com.ar\/wp-content\/uploads\/2026\/09\/gabinete-600x600.jpg",600,600,true],"rpwe-thumbnail":["https:\/\/elfederalmendoza.com.ar\/wp-content\/uploads\/2026\/09\/gabinete-45x45.jpg",45,45,true],"advps-thumb-one":["https:\/\/elfederalmendoza.com.ar\/wp-content\/uploads\/2026\/09\/gabinete-1157x420.jpg",1157,420,true]},"rttpg_author":{"display_name":"Redacci\u00f3n El Federal","author_link":"https:\/\/elfederalmendoza.com.ar\/index.php\/author\/angelflores\/"},"rttpg_comment":0,"rttpg_category":"<a href=\"https:\/\/elfederalmendoza.com.ar\/index.php\/category\/arg\/\" rel=\"category tag\">Argentina<\/a>","rttpg_excerpt":"El presidente encabezar\u00e1 una nueva reuni\u00f3n de Gabinete, mientras Karina Milei reunir\u00e1 a la mesa pol\u00edtica para analizar la reforma electoral, el futuro de las PASO y las negociaciones con el PRO rumbo a 2027. El presidente&nbsp;Javier Milei&nbsp;encabezar\u00e1 este martes una nueva reuni\u00f3n de&nbsp;Gabinete&nbsp;en la Casa Rosada, en una jornada cargada de definiciones pol\u00edticas en&hellip;","_links":{"self":[{"href":"https:\/\/elfederalmendoza.com.ar\/index.php\/wp-json\/wp\/v2\/posts\/36921","targetHints":{"allow":["GET"]}}],"collection":[{"href":"https:\/\/elfederalmendoza.com.ar\/index.php\/wp-json\/wp\/v2\/posts"}],"about":[{"href":"https:\/\/elfederalmendoza.com.ar\/index.php\/wp-json\/wp\/v2\/types\/post"}],"author":[{"embeddable":true,"href":"https:\/\/elfederalmendoza.com.ar\/index.php\/wp-json\/wp\/v2\/users\/2"}],"replies":[{"embeddable":true,"href":"https:\/\/elfederalmendoza.com.ar\/index.php\/wp-json\/wp\/v2\/comments?post=36921"}],"version-history":[{"count":1,"href":"https:\/\/elfederalmendoza.com.ar\/index.php\/wp-json\/wp\/v2\/posts\/36921\/revisions"}],"predecessor-version":[{"id":36923,"href":"https:\/\/elfederalmendoza.com.ar\/index.php\/wp-json\/wp\/v2\/posts\/36921\/revisions\/36923"}],"wp:featuredmedia":[{"embeddable":true,"href":"https:\/\/elfederalmendoza.com.ar\/index.php\/wp-json\/wp\/v2\/media\/36922"}],"wp:attachment":[{"href":"https:\/\/elfederalmendoza.com.ar\/index.php\/wp-json\/wp\/v2\/media?parent=36921"}],"wp:term":[{"taxonomy":"category","embeddable":true,"href":"https:\/\/elfederalmendoza.com.ar\/index.php\/wp-json\/wp\/v2\/categories?post=36921"},{"taxonomy":"post_tag","embeddable":true,"href":"https:\/\/elfederalmendoza.com.ar\/index.php\/wp-json\/wp\/v2\/tags?post=36921"}],"curies":[{"name":"wp","href":"https:\/\/api.w.org\/{rel}","templated":true}]}}