{"id":36924,"date":"2026-09-01T09:18:58","date_gmt":"2026-09-01T12:18:58","guid":{"rendered":"https:\/\/elfederalmendoza.com.ar\/?p=36924"},"modified":"2026-09-01T09:18:58","modified_gmt":"2026-09-01T12:18:58","slug":"los-senadores-pasaran-a-cobrar-mas-de-13-millones-desde-enero-de-2027","status":"publish","type":"post","link":"https:\/\/elfederalmendoza.com.ar\/index.php\/2026\/09\/01\/los-senadores-pasaran-a-cobrar-mas-de-13-millones-desde-enero-de-2027\/","title":{"rendered":"Los senadores pasar\u00e1n a cobrar m\u00e1s de $13 millones desde enero de 2027"},"content":{"rendered":"\n<p>El acuerdo entre las autoridades del Congreso y los gremios legislativos aplica <strong>1,9%, 1,8%, 1,6% y 1,5% entre septiembre y diciembre: 6,97% acumulado, sin bono.<\/strong><\/p>\n\n\n\n<p id=\"p-1788220464057-22467\">Las dietas del Senado trepar\u00e1n por encima de los <strong>$13.100.000 brutos a partir de enero de 2027<\/strong>, seg\u00fan el nuevo acuerdo salarial entre las autoridades del Congreso y los gremios legislativos. El n\u00famero surge de aplicar sobre la dieta actual los cuatro tramos pactados para el \u00faltimo cuatrimestre de 2026, cuyo \u00faltimo aumento se percibe reci\u00e9n en enero.<\/p>\n\n\n\n<p id=\"p-1788220464057-80841\">Los porcentajes son los mismos que el Gobierno cerr\u00f3 con los estatales: 1,9% en septiembre, 1,8% en octubre, 1,6% en noviembre y 1,5% en diciembre. Encadenados dan 6,97% acumulado, algo m\u00e1s que la suma simple de 6,8%. La diferencia con el resto de la administraci\u00f3n p\u00fablica es que los legisladores no perciben el bono que s\u00ed cobran los empleados estatales.<\/p>\n\n\n\n<h2 class=\"wp-block-heading\" id=\"p-1788220464057-24553\">Por qu\u00e9 las dietas se mueven solas<\/h2>\n\n\n\n<p id=\"p-1788220464057-79359\">La clave est\u00e1 en una decisi\u00f3n de 2024: los senadores votaron a mano alzada atar sus dietas a las paritarias de los trabajadores del Parlamento. Desde entonces, cada vez que el personal legislativo consigue una recomposici\u00f3n, la dieta se actualiza en el mismo porcentaje sin necesidad de una votaci\u00f3n espec\u00edfica.<\/p>\n\n\n\n<p id=\"p-1788220464057-94126\">El esc\u00e1ndalo que gener\u00f3 aquella votaci\u00f3n forz\u00f3 una marcha atr\u00e1s. El Senado anul\u00f3 las subas de julio y agosto de 2025 y congel\u00f3 las dietas hasta el 31 de diciembre. La medida se aprob\u00f3 por unanimidad de los presentes, con 65 votos afirmativos.<strong> Ese congelamiento venci\u00f3 y este a\u00f1o la actualizaci\u00f3n autom\u00e1tica volvi\u00f3 a funcionar.<\/strong><\/p>\n\n\n\n<h2 class=\"wp-block-heading\" id=\"p-1788220464057-19147\">Qu\u00e9 pas\u00f3 con la resoluci\u00f3n de Villarruel y Menem<\/h2>\n\n\n\n<p id=\"p-1788220464057-11057\">En las \u00faltimas semanas tambi\u00e9n hubo que revertir un incremento que hab\u00eda surgido de una resoluci\u00f3n conjunta firmada por Victoria Villarruel y Mart\u00edn Menem, titulares de ambas c\u00e1maras.<\/p>\n\n\n\n<p id=\"p-1788220486527-44035\">La respuesta del bloque de La Libertad Avanza, que conduce <strong>Patricia Bullrich<\/strong>, fue anunciar en julio que sus senadores donar\u00edan el aumento a entidades ben\u00e9ficas, instituciones p\u00fablicas provinciales o a las que el propio Senado ya tiene designadas. Villarruel, por su parte, propuso que el destino fuera el Hospital Guti\u00e9rrez.<\/p>\n\n\n\n<h2 class=\"wp-block-heading\" id=\"p-1788220464057-37498\">C\u00f3mo se calcula la dieta de un senador<\/h2>\n\n\n\n<p id=\"p-1788220464057-33296\"><strong>El sueldo se mide en m\u00f3dulos: 2.500 por la dieta propiamente dicha, 1.000 por gastos de representaci\u00f3n y 500 por desarraigo<\/strong>, que perciben los legisladores del interior. A eso se sum\u00f3 una dieta adicional sobre las doce originales para equiparar el aguinaldo.<\/p>\n\n\n\n<p id=\"p-1788220490668-38209\">La \u00fanica integrante de la C\u00e1mara alta que no cobra dieta es Alicia Kirchner, que al asumir su banca opt\u00f3 por mantener su jubilaci\u00f3n como exgobernadora de Santa Cruz.<\/p>\n","protected":false},"excerpt":{"rendered":"<p>El acuerdo entre las autoridades del Congreso y los gremios legislativos aplica 1,9%, 1,8%, 1,6% y 1,5% entre septiembre y diciembre: 6,97% acumulado, sin bono. Las dietas del Senado trepar\u00e1n por encima de los $13.100.000 brutos a partir de enero de 2027, seg\u00fan el nuevo acuerdo salarial entre las autoridades del Congreso y los gremios<a class=\"read-more\" href=\"https:\/\/elfederalmendoza.com.ar\/index.php\/2026\/09\/01\/los-senadores-pasaran-a-cobrar-mas-de-13-millones-desde-enero-de-2027\/\"> [&hellip;]<\/a><\/p>\n","protected":false},"author":2,"featured_media":34653,"comment_status":"closed","ping_status":"closed","sticky":false,"template":"","format":"standard","meta":{"wpmdr_menu":1,"wpmdr_menu_extended":{"individualPostRemove":1,"individualPostRemoveDate":1,"individualPostRemoveAuthor":1,"individualPostYoastRemovePublished":1,"individualPostYoastRemoveModified":1},"footnotes":""},"categories":[5618],"tags":[],"class_list":["post-36924","post","type-post","status-publish","format-standard","has-post-thumbnail","hentry","category-arg"],"rttpg_featured_image_url":{"full":["https:\/\/elfederalmendoza.com.ar\/wp-content\/uploads\/2025\/09\/senado-veto.jpg",1274,729,false],"landscape":["https:\/\/elfederalmendoza.com.ar\/wp-content\/uploads\/2025\/09\/senado-veto.jpg",1274,729,false],"portraits":["https:\/\/elfederalmendoza.com.ar\/wp-content\/uploads\/2025\/09\/senado-veto.jpg",1274,729,false],"thumbnail":["https:\/\/elfederalmendoza.com.ar\/wp-content\/uploads\/2025\/09\/senado-veto-150x150.jpg",150,150,true],"medium":["https:\/\/elfederalmendoza.com.ar\/wp-content\/uploads\/2025\/09\/senado-veto-300x172.jpg",300,172,true],"large":["https:\/\/elfederalmendoza.com.ar\/wp-content\/uploads\/2025\/09\/senado-veto-1024x586.jpg",640,366,true],"1536x1536":["https:\/\/elfederalmendoza.com.ar\/wp-content\/uploads\/2025\/09\/senado-veto.jpg",1274,729,false],"2048x2048":["https:\/\/elfederalmendoza.com.ar\/wp-content\/uploads\/2025\/09\/senado-veto.jpg",1274,729,false],"ultp_layout_landscape_large":["https:\/\/elfederalmendoza.com.ar\/wp-content\/uploads\/2025\/09\/senado-veto-1200x729.jpg",1200,729,true],"ultp_layout_landscape":["https:\/\/elfederalmendoza.com.ar\/wp-content\/uploads\/2025\/09\/senado-veto-870x570.jpg",870,570,true],"ultp_layout_portrait":["https:\/\/elfederalmendoza.com.ar\/wp-content\/uploads\/2025\/09\/senado-veto-600x729.jpg",600,729,true],"ultp_layout_square":["https:\/\/elfederalmendoza.com.ar\/wp-content\/uploads\/2025\/09\/senado-veto-600x600.jpg",600,600,true],"rpwe-thumbnail":["https:\/\/elfederalmendoza.com.ar\/wp-content\/uploads\/2025\/09\/senado-veto-45x45.jpg",45,45,true],"advps-thumb-one":["https:\/\/elfederalmendoza.com.ar\/wp-content\/uploads\/2025\/09\/senado-veto-1200x420.jpg",1200,420,true]},"rttpg_author":{"display_name":"Redacci\u00f3n El Federal","author_link":"https:\/\/elfederalmendoza.com.ar\/index.php\/author\/angelflores\/"},"rttpg_comment":0,"rttpg_category":"<a href=\"https:\/\/elfederalmendoza.com.ar\/index.php\/category\/arg\/\" rel=\"category tag\">Argentina<\/a>","rttpg_excerpt":"El acuerdo entre las autoridades del Congreso y los gremios legislativos aplica 1,9%, 1,8%, 1,6% y 1,5% entre septiembre y diciembre: 6,97% acumulado, sin bono. Las dietas del Senado trepar\u00e1n por encima de los $13.100.000 brutos a partir de enero de 2027, seg\u00fan el nuevo acuerdo salarial entre las autoridades del Congreso y los gremios&hellip;","_links":{"self":[{"href":"https:\/\/elfederalmendoza.com.ar\/index.php\/wp-json\/wp\/v2\/posts\/36924","targetHints":{"allow":["GET"]}}],"collection":[{"href":"https:\/\/elfederalmendoza.com.ar\/index.php\/wp-json\/wp\/v2\/posts"}],"about":[{"href":"https:\/\/elfederalmendoza.com.ar\/index.php\/wp-json\/wp\/v2\/types\/post"}],"author":[{"embeddable":true,"href":"https:\/\/elfederalmendoza.com.ar\/index.php\/wp-json\/wp\/v2\/users\/2"}],"replies":[{"embeddable":true,"href":"https:\/\/elfederalmendoza.com.ar\/index.php\/wp-json\/wp\/v2\/comments?post=36924"}],"version-history":[{"count":1,"href":"https:\/\/elfederalmendoza.com.ar\/index.php\/wp-json\/wp\/v2\/posts\/36924\/revisions"}],"predecessor-version":[{"id":36925,"href":"https:\/\/elfederalmendoza.com.ar\/index.php\/wp-json\/wp\/v2\/posts\/36924\/revisions\/36925"}],"wp:featuredmedia":[{"embeddable":true,"href":"https:\/\/elfederalmendoza.com.ar\/index.php\/wp-json\/wp\/v2\/media\/34653"}],"wp:attachment":[{"href":"https:\/\/elfederalmendoza.com.ar\/index.php\/wp-json\/wp\/v2\/media?parent=36924"}],"wp:term":[{"taxonomy":"category","embeddable":true,"href":"https:\/\/elfederalmendoza.com.ar\/index.php\/wp-json\/wp\/v2\/categories?post=36924"},{"taxonomy":"post_tag","embeddable":true,"href":"https:\/\/elfederalmendoza.com.ar\/index.php\/wp-json\/wp\/v2\/tags?post=36924"}],"curies":[{"name":"wp","href":"https:\/\/api.w.org\/{rel}","templated":true}]}}