{"id":36926,"date":"2026-09-01T19:11:23","date_gmt":"2026-09-01T22:11:23","guid":{"rendered":"https:\/\/elfederalmendoza.com.ar\/?p=36926"},"modified":"2026-09-01T19:11:23","modified_gmt":"2026-09-01T22:11:23","slug":"les-mostraban-videos-de-dos-chicas-besandose-la-polemica-que-reavivo-el-debate-en-un-colegio-de-mendoza","status":"publish","type":"post","link":"https:\/\/elfederalmendoza.com.ar\/index.php\/2026\/09\/01\/les-mostraban-videos-de-dos-chicas-besandose-la-polemica-que-reavivo-el-debate-en-un-colegio-de-mendoza\/","title":{"rendered":"\u00abLes mostraban videos de dos chicas bes\u00e1ndose\u00bb: la pol\u00e9mica que reaviv\u00f3 el debate en un colegio de Mendoza"},"content":{"rendered":"\n<p>Entre el rechazo a la \u00abideolog\u00eda de g\u00e9nero\u00bb y la defensa institucional, el caso en el colegio San Luis Gonzaga expone las tensiones sobre la Ley ESI.<\/p>\n\n\n\n<p id=\"p-1788270718297-14091\">Un conflicto en el\u00a0<strong>colegio<\/strong>\u00a0<strong>San Luis Gonzaga<\/strong>\u00a0volvi\u00f3 a poner en el centro del debate la modalidad de dictado de la\u00a0<strong>Educaci\u00f3n Sexual Integral<\/strong>\u00a0(<strong>ESI<\/strong>). El enfrentamiento, originado en agosto del a\u00f1o pasado entre las autoridades del establecimiento jesuita y una familia de la comunidad educativa, deriv\u00f3 en la desvinculaci\u00f3n de un docente de Biolog\u00eda y la no renovaci\u00f3n de la matr\u00edcula de sus cuatro hijas.<\/p>\n\n\n\n<p id=\"p-1788271002482-24669\">La controversia trasciende lo escolar y expone las visiones encontradas sobre los l\u00edmites curriculares, los derechos de los ni\u00f1os y el rol de los padres en la formaci\u00f3n afectivo-sexual de sus hijos.<\/p>\n\n\n\n<figure class=\"wp-block-image\"><img decoding=\"async\" src=\"https:\/\/media.diariouno.com.ar\/p\/5864d7def01a0a520d3e19826e394831\/adjuntos\/298\/imagenes\/009\/731\/0009731632\/1200x0\/smart\/charla-esi-padres-unidos.jpeg\" alt=\"La asociaci\u00f3n Padres Unidos Argentina da charlas debate sobre ESI en todo el pa\u00eds, tambi\u00e9n en Mendoza cuyo \u00faltimo encuentro en la UNCuyo termin\u00f3 en esc\u00e1ndalo.\" title=\"La asociaci\u00f3n Padres Unidos Argentina da charlas debate sobre ESI en todo el pa\u00eds, tambi\u00e9n en Mendoza cuyo \u00faltimo encuentro en la UNCuyo termin\u00f3 en esc\u00e1ndalo.\"\/><\/figure>\n\n\n\n<p id=\"p-1788273226682-30276\">La asociaci\u00f3n Padres Unidos Argentina da charlas debate sobre ESI en todo el pa\u00eds, tambi\u00e9n en Mendoza cuyo \u00faltimo encuentro en la UNCuyo termin\u00f3 en esc\u00e1ndalo.<\/p>\n\n\n\n<p id=\"p-1788271157313-10797\">Desde su perspectiva, los contenidos impartidos en las aulas de ese&nbsp;<strong>colegio&nbsp;<\/strong>de Mendoza promueven la \u00ab<strong>ideolog\u00eda de g\u00e9nero<\/strong>\u00bb y la \u00abhipersexualizaci\u00f3n\u00bb de los ni\u00f1os, alej\u00e1ndose de los aspectos estrictamente cient\u00edficos y biol\u00f3gicos.<\/p>\n\n\n\n<p id=\"p-1788270718297-38543\">\u00abMi hija vino un d\u00eda y me dijo que se sent\u00eda inc\u00f3moda en las clases de&nbsp;<strong>ESI&nbsp;<\/strong>porque los contenidos no eran acordes a su edad. Estaba en sexto grado\u00bb, relat\u00f3 Alonso en los estudios de&nbsp;<strong>Radio Nihuil&nbsp;<\/strong>este martes, adonde fue acompa\u00f1ada por su marido quien tambi\u00e9n cuestion\u00f3 las din\u00e1micas transversales para impartir educaci\u00f3n sexual integral, como \u00ablos cambios de roles en Educaci\u00f3n F\u00edsica donde mezclan a los varones con las mujeres\u00bb.<\/p>\n\n\n\n<h2 class=\"wp-block-heading\" id=\"p-1788271597442-32151\">En el colegio \u00ables hac\u00edan ver un video con dos chicas bes\u00e1ndose\u00bb<\/h2>\n\n\n\n<p id=\"p-1788270718297-26610\"><strong>Cristi\u00e1n Bolz\u00f3n<\/strong>\u00a0fundament\u00f3 sus objeciones desde el rol pedag\u00f3gico y profesional que ejerc\u00eda en ese\u00a0<strong>colegio<\/strong>: <\/p>\n\n\n\n<blockquote class=\"wp-block-quote is-layout-flow wp-block-quote-is-layout-flow\">\n<p id=\"p-1788270718297-26610\"><strong>\u00abEra profesor de Biolog\u00eda en el\u00a0colegio\u00a0y me desvincularon por lo mismo, porque nunca aval\u00e9\u00a0la forma de dar\u00a0ESI. Busco la verdad a partir de la evidencia cient\u00edfica. No puedo callarme si un alumno viene a decirme que existen 50 g\u00e9neros\u00bb<\/strong><\/p>\n<\/blockquote>\n\n\n\n<p id=\"p-1788272323574-48704\">En ese sentido, manifest\u00f3 al aire que \u00e9l con su mujer est\u00e1n en contra de \u00abla hipersexualizaci\u00f3n y la\u00a0<strong>ideolog\u00eda de g\u00e9nero<\/strong>, en el\u00a0<strong>colegio\u00a0<\/strong>les hac\u00edan ver un video de una canci\u00f3n donde sal\u00edan dos chicas bes\u00e1ndose\u00bb. Y reclam\u00f3 que <strong>\u00abno confundan a los chicos porque la homosexualidad no tiene que ver con la psicolog\u00eda ni la biolog\u00eda de las personas\u00bb.<\/strong><\/p>\n\n\n\n<p id=\"p-1788270718297-78559\">El matrimonio, que cuestiona el uso de cuadernillos oficiales por considerar que promueven el adoctrinamiento y adem\u00e1s niegan la eficacia de la Ley 26.150 en la prevenci\u00f3n de abusos sexuales, sostiene que \u00ablos ni\u00f1os no saben qu\u00e9 est\u00e1 bien y qu\u00e9 est\u00e1 mal, no debe darse una&nbsp;<strong>ideolog\u00eda de g\u00e9nero<\/strong>&nbsp;(&#8230;) Eso confunde a los ni\u00f1os y no es adecuado impartir desde la educaci\u00f3n\u00bb.<\/p>\n\n\n\n<figure class=\"wp-block-image\"><img decoding=\"async\" src=\"https:\/\/media.diariouno.com.ar\/p\/5642405cbad4899ddb062f77df790a34\/adjuntos\/298\/imagenes\/009\/807\/0009807863\/1200x0\/smart\/colegio-san-luis-gonzaga.jpg\" alt=\"En marzo de este a\u00f1o el colegio San Luis Gonzaga cumpli\u00f3 100 a\u00f1os de fundaci\u00f3n.\" title=\"En marzo de este a\u00f1o el colegio San Luis Gonzaga cumpli\u00f3 100 a\u00f1os de fundaci\u00f3n.\"\/><\/figure>\n\n\n\n<p id=\"p-1788273845443-50129\">En marzo de este a\u00f1o el colegio San Luis Gonzaga cumpli\u00f3 100 a\u00f1os de fundaci\u00f3n. Foto: Instagram<\/p>\n\n\n\n<p id=\"p-1788271438339-36850\">De acuerdo a las declaraciones de ellos en el programa \u00abNo ten\u00e9s cara\u00bb de<em>&nbsp;radio Nihuil<\/em>, tras intentar modificar el contrato de matriculaci\u00f3n para el ciclo lectivo siguiente, el&nbsp;<strong>colegio San Luis Gonzaga<\/strong>&nbsp;resolvi\u00f3 no renovar las vacantes de sus hijas.<\/p>\n\n\n\n<p id=\"p-1788271503490-43019\">\u00abNuestras hijas no fueron expulsadas del&nbsp;<strong>colegio&nbsp;<\/strong>pero el&nbsp;<strong>colegio&nbsp;<\/strong>se reserv\u00f3 el derecho de admisi\u00f3n y para este a\u00f1o las vacantes iban a ser ocupadas por otros alumnos (&#8230;) Le pedimos tiempo para ubicar a nuestros hijos en otro colegio pero no nos lo dieron\u00bb, cont\u00f3 el profesor Bolz\u00f3n, aunque la versi\u00f3n del rector general del&nbsp;<strong>colegio&nbsp;<\/strong>fue otra.<\/p>\n\n\n\n<h2 class=\"wp-block-heading\" id=\"p-1788270718297-91339\">El rector del colegio defendi\u00f3 la forma de impartir ESI<\/h2>\n\n\n\n<p id=\"p-1788270718297-43714\">Desde la conducci\u00f3n del\u00a0<strong>colegio San Luis Gonzaga<\/strong>,\u00a0el rector general\u00a0<strong>Julio Navarro Sanz\u00a0<\/strong>defendi\u00f3 el proyecto pedag\u00f3gico de la instituci\u00f3n, remarcando que el dictado de la\u00a0<strong>ESI<\/strong>\u00a0se realiza bajo los marcos de la Ley 26.150 pero adaptado a su ideario propio, apoy\u00e1ndose en la dimensi\u00f3n espiritual y en la visi\u00f3n que la Iglesia Cat\u00f3lica estableci\u00f3 sobre la sexualidad en 1983.<\/p>\n\n\n\n<p id=\"p-1788270718297-58894\">\u00abNos parece importante la dimensi\u00f3n sociocultural de&nbsp;<strong>g\u00e9nero&nbsp;<\/strong>para visibilizar rotulaciones o violencias que est\u00e1n insertas en la sociedad a trav\u00e9s del tiempo y que est\u00e1 bueno deconstruirlas\u00bb, explic\u00f3 Navarro Sanz en&nbsp;<strong>Radio Nihuil<\/strong>, aclarando que el&nbsp;<strong>colegio&nbsp;<\/strong>no utiliza los cuadernillos cuestionados por la familia sino material y contenidos de desarrollo propio.<\/p>\n\n\n\n<p id=\"p-1788272753703-7736\">Y aport\u00f3: \u00abNuestro ideario es claro, robusto, est\u00e1 bien definido, est\u00e1 publicado en la web del&nbsp;<strong>colegio<\/strong>, me parece que es muy posibilitador y humanizante\u00bb. Ya que, seg\u00fan Navarro Sanz, \u00abcada vez que vamos creciendo en el desarrollo de una&nbsp;<strong>ley sexual<\/strong>&nbsp;verdaderamente integral creemos que hacemos mucho bien a nuestros ni\u00f1os, ni\u00f1as y adolescentes; generamos pensamiento cr\u00edtico, problematizamos situaciones complejas y nos damos cuenta de que no hay otra manera de amar y de servir al otro si no es a partir de nuestra condici\u00f3n sexuada\u00bb.<\/p>\n\n\n\n<p id=\"p-1788271686631-65890\">\u00abBuscamos dar&nbsp;<strong>ESI&nbsp;<\/strong>sin&nbsp;<strong>ideolog\u00eda de g\u00e9nero<\/strong>&nbsp;pero s\u00ed con&nbsp;<strong>perspectiva de g\u00e9nero<\/strong>\u00ab, precis\u00f3.<\/p>\n\n\n\n<figure class=\"wp-block-image\"><img decoding=\"async\" src=\"https:\/\/media.diariouno.com.ar\/p\/4cb1edb3617c52291cdd460095dd86dc\/adjuntos\/298\/imagenes\/009\/807\/0009807864\/1200x0\/smart\/julio-navarro-sanz-rector-general-del-colegio-san-luis-gonzaga.jpg\" alt=\"Julio Navarro Sanz, rector general del colegio San Luis Gonzaga.\" title=\"Julio Navarro Sanz, rector general del colegio San Luis Gonzaga.\"\/><\/figure>\n\n\n\n<p id=\"p-1788273896943-68858\">Julio Navarro Sanz, rector general del colegio San Luis Gonzaga. Foto: Instagram<\/p>\n\n\n\n<p id=\"p-1788270718297-95783\">Respecto a la desvinculaci\u00f3n de la familia y el docente de Biolog\u00eda, el rector desminti\u00f3 que haya existido una expulsi\u00f3n o sanci\u00f3n disciplinaria hacia las alumnas: \u00abTerminaron el a\u00f1o escolar con normalidad, no se complet\u00f3 su matriculaci\u00f3n para el ciclo siguiente porque la familia present\u00f3 un contrato de adhesi\u00f3n para continuar en el colegio de manera modificada unilateralmente. Por lo tanto el contrato es inv\u00e1lido. Pedimos que se revisara y al no hacerlo, se vencieron los plazos (&#8230;) Ser\u00eda un caos aceptar un contrato de adhesi\u00f3n al colegio dise\u00f1ado a la carta\u00bb.<\/p>\n\n\n\n<h2 class=\"wp-block-heading\" id=\"p-1788274733319-73014\">El dictamen de la DGE ante este caso<\/h2>\n\n\n\n<p id=\"p-1788270711887-95224\">Asimismo, el directivo subray\u00f3 que la Direcci\u00f3n General de Escuelas (<strong>DGE<\/strong>) emiti\u00f3 un dictamen a pedido del&nbsp;<strong>colegio&nbsp;<\/strong>en el que se establece que \u00ablos padres no pueden impedir que se imparta&nbsp;<strong>ESI&nbsp;<\/strong>porque es un derecho de los ni\u00f1os\u00bb, reafirmando que la instituci\u00f3n busca \u00abacompa\u00f1ar de manera respetuosa a la persona con su identidad humana\u00bb.<\/p>\n\n\n\n<p id=\"p-1788274662545-40747\">Desde la&nbsp;<strong>DGE&nbsp;<\/strong>informaron a Diario UNO que \u00abno hay otros casos de denuncias o que la&nbsp;<strong>DGE&nbsp;<\/strong>tenga que dictaminar como pas\u00f3 con el&nbsp;<strong>San Luis Gonzaga<\/strong>, y desde la Direcci\u00f3n de Acompa\u00f1amiento Escolar reciben consultan pero no reclamos sobre la&nbsp;<strong>ESI<\/strong>\u00ab.<\/p>\n\n\n\n<p id=\"p-1788274693983-57967\">Por \u00faltimo recordaron que el 148 es la l\u00ednea de contacto para reclamos, consultas o denuncias que pueden hacer los padres a la&nbsp;<strong>DGE<\/strong>.<\/p>\n\n\n\n<p>UNO<\/p>\n","protected":false},"excerpt":{"rendered":"<p>Entre el rechazo a la \u00abideolog\u00eda de g\u00e9nero\u00bb y la defensa institucional, el caso en el colegio San Luis Gonzaga expone las tensiones sobre la Ley ESI. Un conflicto en el\u00a0colegio\u00a0San Luis Gonzaga\u00a0volvi\u00f3 a poner en el centro del debate la modalidad de dictado de la\u00a0Educaci\u00f3n Sexual Integral\u00a0(ESI). El enfrentamiento, originado en agosto del a\u00f1o<a class=\"read-more\" href=\"https:\/\/elfederalmendoza.com.ar\/index.php\/2026\/09\/01\/les-mostraban-videos-de-dos-chicas-besandose-la-polemica-que-reavivo-el-debate-en-un-colegio-de-mendoza\/\"> [&hellip;]<\/a><\/p>\n","protected":false},"author":2,"featured_media":36927,"comment_status":"closed","ping_status":"closed","sticky":false,"template":"","format":"standard","meta":{"wpmdr_menu":1,"wpmdr_menu_extended":{"individualPostRemove":1,"individualPostRemoveDate":1,"individualPostRemoveAuthor":1,"individualPostYoastRemovePublished":1,"individualPostYoastRemoveModified":1},"footnotes":""},"categories":[1],"tags":[],"class_list":["post-36926","post","type-post","status-publish","format-standard","has-post-thumbnail","hentry","category-mza"],"rttpg_featured_image_url":{"full":["https:\/\/elfederalmendoza.com.ar\/wp-content\/uploads\/2026\/09\/genero.jpg",984,554,false],"landscape":["https:\/\/elfederalmendoza.com.ar\/wp-content\/uploads\/2026\/09\/genero.jpg",984,554,false],"portraits":["https:\/\/elfederalmendoza.com.ar\/wp-content\/uploads\/2026\/09\/genero.jpg",984,554,false],"thumbnail":["https:\/\/elfederalmendoza.com.ar\/wp-content\/uploads\/2026\/09\/genero-150x150.jpg",150,150,true],"medium":["https:\/\/elfederalmendoza.com.ar\/wp-content\/uploads\/2026\/09\/genero-300x169.jpg",300,169,true],"large":["https:\/\/elfederalmendoza.com.ar\/wp-content\/uploads\/2026\/09\/genero.jpg",640,360,false],"1536x1536":["https:\/\/elfederalmendoza.com.ar\/wp-content\/uploads\/2026\/09\/genero.jpg",984,554,false],"2048x2048":["https:\/\/elfederalmendoza.com.ar\/wp-content\/uploads\/2026\/09\/genero.jpg",984,554,false],"ultp_layout_landscape_large":["https:\/\/elfederalmendoza.com.ar\/wp-content\/uploads\/2026\/09\/genero.jpg",984,554,false],"ultp_layout_landscape":["https:\/\/elfederalmendoza.com.ar\/wp-content\/uploads\/2026\/09\/genero-870x554.jpg",870,554,true],"ultp_layout_portrait":["https:\/\/elfederalmendoza.com.ar\/wp-content\/uploads\/2026\/09\/genero-600x554.jpg",600,554,true],"ultp_layout_square":["https:\/\/elfederalmendoza.com.ar\/wp-content\/uploads\/2026\/09\/genero-600x554.jpg",600,554,true],"rpwe-thumbnail":["https:\/\/elfederalmendoza.com.ar\/wp-content\/uploads\/2026\/09\/genero-45x45.jpg",45,45,true],"advps-thumb-one":["https:\/\/elfederalmendoza.com.ar\/wp-content\/uploads\/2026\/09\/genero-984x420.jpg",984,420,true]},"rttpg_author":{"display_name":"Redacci\u00f3n El Federal","author_link":"https:\/\/elfederalmendoza.com.ar\/index.php\/author\/angelflores\/"},"rttpg_comment":0,"rttpg_category":"<a href=\"https:\/\/elfederalmendoza.com.ar\/index.php\/category\/mza\/\" rel=\"category tag\">Mendoza<\/a>","rttpg_excerpt":"Entre el rechazo a la \u00abideolog\u00eda de g\u00e9nero\u00bb y la defensa institucional, el caso en el colegio San Luis Gonzaga expone las tensiones sobre la Ley ESI. Un conflicto en el\u00a0colegio\u00a0San Luis Gonzaga\u00a0volvi\u00f3 a poner en el centro del debate la modalidad de dictado de la\u00a0Educaci\u00f3n Sexual Integral\u00a0(ESI). El enfrentamiento, originado en agosto del a\u00f1o&hellip;","_links":{"self":[{"href":"https:\/\/elfederalmendoza.com.ar\/index.php\/wp-json\/wp\/v2\/posts\/36926","targetHints":{"allow":["GET"]}}],"collection":[{"href":"https:\/\/elfederalmendoza.com.ar\/index.php\/wp-json\/wp\/v2\/posts"}],"about":[{"href":"https:\/\/elfederalmendoza.com.ar\/index.php\/wp-json\/wp\/v2\/types\/post"}],"author":[{"embeddable":true,"href":"https:\/\/elfederalmendoza.com.ar\/index.php\/wp-json\/wp\/v2\/users\/2"}],"replies":[{"embeddable":true,"href":"https:\/\/elfederalmendoza.com.ar\/index.php\/wp-json\/wp\/v2\/comments?post=36926"}],"version-history":[{"count":1,"href":"https:\/\/elfederalmendoza.com.ar\/index.php\/wp-json\/wp\/v2\/posts\/36926\/revisions"}],"predecessor-version":[{"id":36928,"href":"https:\/\/elfederalmendoza.com.ar\/index.php\/wp-json\/wp\/v2\/posts\/36926\/revisions\/36928"}],"wp:featuredmedia":[{"embeddable":true,"href":"https:\/\/elfederalmendoza.com.ar\/index.php\/wp-json\/wp\/v2\/media\/36927"}],"wp:attachment":[{"href":"https:\/\/elfederalmendoza.com.ar\/index.php\/wp-json\/wp\/v2\/media?parent=36926"}],"wp:term":[{"taxonomy":"category","embeddable":true,"href":"https:\/\/elfederalmendoza.com.ar\/index.php\/wp-json\/wp\/v2\/categories?post=36926"},{"taxonomy":"post_tag","embeddable":true,"href":"https:\/\/elfederalmendoza.com.ar\/index.php\/wp-json\/wp\/v2\/tags?post=36926"}],"curies":[{"name":"wp","href":"https:\/\/api.w.org\/{rel}","templated":true}]}}