{"id":36929,"date":"2026-09-02T09:52:25","date_gmt":"2026-09-02T12:52:25","guid":{"rendered":"https:\/\/elfederalmendoza.com.ar\/?p=36929"},"modified":"2026-09-02T09:55:40","modified_gmt":"2026-09-02T12:55:40","slug":"cristina-kirchner-saludo-a-la-militancia-en-el-acto-que-el-pj-organizo-en-san-jose-1111-a-cuatro-anos-de-su-intento-de-asesinato","status":"publish","type":"post","link":"https:\/\/elfederalmendoza.com.ar\/index.php\/2026\/09\/02\/cristina-kirchner-saludo-a-la-militancia-en-el-acto-que-el-pj-organizo-en-san-jose-1111-a-cuatro-anos-de-su-intento-de-asesinato\/","title":{"rendered":"Cristina Kirchner salud\u00f3 a la militancia en el acto que el PJ organiz\u00f3 en San Jos\u00e9 1111 a cuatro a\u00f1os de su intento de asesinato"},"content":{"rendered":"\n<p>M\u00e1ximo Kirchner habl\u00f3 frente a la militancia durante el evento, mientras tambi\u00e9n se present\u00f3 un documento firmado por distintas fuerzas pol\u00edticas con el que se reclam\u00f3 justicia. Advirtieron sobre los riesgos de la violencia pol\u00edtica en la Argentina.<\/p>\n\n\n\n<p>A cuatro a\u00f1os del ataque que estuvo a cent\u00edmetros de terminar con su vida, la militancia peronista volvi\u00f3 a concentrarse este martes frente al edificio de\u00a0<strong>San Jos\u00e9 1111<\/strong>, en el barrio porte\u00f1o de\u00a0<strong>Recoleta<\/strong>, donde\u00a0<strong>Cristina Kirchner<\/strong>\u00a0cumple la condena de la causa Vialidad. All\u00ed,\u00a0<strong>M\u00e1ximo Kirchner<\/strong>\u00a0<strong>encabez\u00f3 un acto para reivindicar la figura de la ex presidenta<\/strong>\u00a0y ley\u00f3 ante los presentes un saludo que ella misma le hizo llegar minutos antes de bajar a hablar: \u201cUn abrazo grande, que sean fuertes y gracias por estar hoy ac\u00e1\u201d, traslad\u00f3 el diputado, que aclar\u00f3 de entrada que sab\u00eda que el p\u00fablico hubiese preferido escucharla a ella.\u00a0<strong>En el cierre, la ex presidenta sali\u00f3 al balc\u00f3n y salud\u00f3 a la militancia.<\/strong><a href=\"https:\/\/www.infobae.com\/politica\/2026\/09\/01\/el-reino-unido-le-respondio-a-donald-trump-tras-sus-dichos-sobre-las-islas-malvinas\/\" target=\"_blank\" rel=\"noreferrer noopener\"><\/a><\/p>\n\n\n\n<p>El dirigente, que fue el \u00fanico orador de la jornada convocada por el&nbsp;<strong>Partido Justicialista (PJ)<\/strong>, agradeci\u00f3 a \u201ccada amigo, amiga, compa\u00f1ero, compa\u00f1era, argentino, argentina\u201d que mostr\u00f3 solidaridad durante estos cuatro a\u00f1os, m\u00e1s all\u00e1 de la posici\u00f3n pol\u00edtica de cada uno. Tambi\u00e9n reconoci\u00f3 a los partidos que firmaron el documento difundido en el marco del aniversario, aunque no ahorr\u00f3 iron\u00eda al respecto: \u201cSi ustedes supieran la cantidad de miserias que hay en la pol\u00edtica\u201d, lanz\u00f3, entre aplausos.<\/p>\n\n\n<div class=\"wp-block-image\">\n<figure class=\"aligncenter is-resized\"><img decoding=\"async\" src=\"https:\/\/www.infobae.com\/resizer\/v2\/ZD2CNS5W2NERHEESNPNJV6JSFI.png?auth=c5fd88637f128f193dea431fe05d969cbaca759e210295bc6051ea133b21e0e3&amp;smart=true&amp;width=350&amp;height=197&amp;quality=85\" alt=\"Cristina Fern\u00e1ndez de Kirchner saludo a la militancia en el balcon de San Jose 1111\" style=\"width:840px;height:auto\"\/><\/figure><\/div>\n\n\n<p>El repaso de\u00a0<strong>M\u00e1ximo Kirchner<\/strong>\u00a0volvi\u00f3 al 1 de septiembre de 2022, cuando\u00a0<strong>Cristina Kirchner<\/strong>\u00a0volv\u00eda del Senado a su domicilio tras una reuni\u00f3n con representantes de\u00a0<strong>Petronas<\/strong>\u00a0por\u00a0<strong>Vaca Muerta<\/strong>\u00a0y el gas licuado. Seg\u00fan describi\u00f3, esos d\u00edas hab\u00edan estado marcados por \u201cun hostigamiento permanente\u201d hacia la ex mandataria, al punto de recordar el episodio de unas vallas colocadas esa ma\u00f1ana y retiradas horas despu\u00e9s. En ese contexto, apunt\u00f3 contra el\u00a0<strong>Poder Judicial<\/strong>\u00a0a los que acus\u00f3 de haber tratado a la ex presidenta \u201ccomo una verdadera mierda humana\u201d, en sus palabras, para preparar el terreno antes del ataque.<a href=\"https:\/\/www.infobae.com\/politica\/2026\/09\/01\/polemica-reaccion-de-china-a-un-tuit-de-un-funcionario-argentino-sobre-el-origen-de-la-tragedia-en-nepal\/\" target=\"_blank\" rel=\"noreferrer noopener\"><\/a><\/p>\n\n\n\n<p>El diputado record\u00f3 que, tras conocerse el fallo del intento de magnicidio, hubo quienes sostuvieron que el arma usada era \u201cun objeto brilloso, chiquitito\u201d y no una pistola, hasta que las im\u00e1genes del hecho terminaron por desmentir esa versi\u00f3n.<\/p>\n\n\n\n<p><img loading=\"lazy\" decoding=\"async\" height=\"1066\" width=\"1600\" src=\"https:\/\/www.infobae.com\/resizer\/v2\/6DVEQLUEDJEDNEZKU3CFNOP7VI.jpeg?auth=60e5222f378085b2309d330268c5fa4afaf27828cf95e8e7a1decc137eb5011b&amp;smart=true&amp;width=350&amp;height=233&amp;quality=85\" alt=\"M\u00e1ximo Kirchner habla en el acto para reivindicar a Cristina Kirchner a cuatro a\u00f1os del intento de asesinato\">Dirigentes de La C\u00e1mpora y legisladores cercanos al kirchnerismo estar\u00e1n presentes en primera fila durante la convocatoria (AFP)<\/p>\n\n\n\n<p><strong>M\u00e1ximo Kirchner<\/strong>\u00a0traz\u00f3 adem\u00e1s un paralelismo entre el trato judicial que recibi\u00f3\u00a0<strong>Cristina Kirchner<\/strong>\u00a0y el que tuvo\u00a0<strong>Fernando de la R\u00faa<\/strong>, expresidente que dej\u00f3 el poder en 2001 en medio de una crisis con 50 muertos y sin que, seg\u00fan el dirigente, el Poder Judicial le \u201chaya hecho cosquillas\u201d. En contraste, describi\u00f3 que la ex mandataria termin\u00f3 su gesti\u00f3n en 2015 con\u00a0<strong>la Plaza de Mayo colmada de militantes que fueron a agradecerle<\/strong>, y que hoy permanece con arresto domiciliario en San Jos\u00e9 1111.<a href=\"https:\/\/www.infobae.com\/politica\/2026\/09\/01\/revelaron-los-motivos-que-habria-tenido-la-militante-maria-soledad-calle-para-comprar-el-departamento-debajo-del-de-cristina-kirchner\/\" target=\"_blank\" rel=\"noreferrer noopener\"><\/a><\/p>\n\n\n\n<p>Buena parte del discurso estuvo dedicada a la situaci\u00f3n econ\u00f3mica actual. El diputado habl\u00f3 de familias que ya no pueden pagar la factura de luz, de j\u00f3venes sin expectativas de futuro y de casos de suicidio vinculados a la crisis, un fen\u00f3meno que, remarc\u00f3, no distingue entre votantes peronistas y no peronistas. Mencion\u00f3 tambi\u00e9n la&nbsp;<strong>Asignaci\u00f3n Universal por Hijo<\/strong>&nbsp;como una de las pol\u00edticas que, a su entender, mejor\u00f3 la vida cotidiana de las familias durante los gobiernos kirchneristas.<\/p>\n\n\n\n<p>Sobre el sector energ\u00e9tico,&nbsp;<strong>M\u00e1ximo Kirchner<\/strong>&nbsp;sostuvo que la recuperaci\u00f3n de&nbsp;<strong>YPF<\/strong>&nbsp;y de&nbsp;<strong>Vaca Muerta<\/strong>, impulsada durante la gesti\u00f3n de&nbsp;<strong>Cristina Kirchner<\/strong>, busc\u00f3 generar valor agregado dentro del pa\u00eds y no solo aumentar la explotaci\u00f3n de petr\u00f3leo y gas. En ese punto, cuestion\u00f3 que las petroleras y energ\u00e9ticas giren ganancias en d\u00f3lares al exterior mientras las tarifas dom\u00e9sticas se dolarizaron. Tambi\u00e9n responsabiliz\u00f3 al expresidente&nbsp;<strong>Mauricio Macri<\/strong>&nbsp;por el endeudamiento con el&nbsp;<strong>Fondo Monetario Internacional (FMI)<\/strong>, y record\u00f3 que el gasoducto se termin\u00f3 de construir reci\u00e9n con fondos del impuesto a las grandes fortunas.<\/p>\n\n\n\n<blockquote class=\"twitter-tweet\" data-media-max-width=\"560\"><p lang=\"es\" dir=\"ltr\">\u2757\ufe0f A 4 A\u00d1OS DEL ATENTADO: CRISTINA SALI\u00d3 AL BALC\u00d3N EN SAN JOS\u00c9 1111 ANTE UNA MULTITUD QUE EXIGI\u00d3 SU LIBERTAD Y CANDIDATURA<br><br>A cuatro a\u00f1os del intento de magnicidio del 1 de septiembre de 2022, una marea de militantes cop\u00f3 la esquina de Constituci\u00f3n bajo las consignas &quot;CFK Libre&quot;\u2026 <a href=\"https:\/\/t.co\/vtQSGqnv3H\">pic.twitter.com\/vtQSGqnv3H<\/a><\/p>&mdash; Diagonales (@diagonalesweb) <a href=\"https:\/\/x.com\/diagonalesweb\/status\/2094937410492629326?ref_src=twsrc%5Etfw\">September 1, 2026<\/a><\/blockquote> <script async src=\"https:\/\/platform.x.com\/widgets.js\" charset=\"utf-8\"><\/script>\n\n\n\n<p>Hacia el final, el diputado volvi\u00f3 sobre la candidatura de&nbsp;<strong>Cristina Kirchner<\/strong>&nbsp;en la tercera secci\u00f3n electoral de la provincia de Buenos Aires en 2019 y remarc\u00f3 la rapidez con la que, seg\u00fan dijo, reaccion\u00f3 la Justicia en aquel momento, en contraste con la lentitud que \u2014afirm\u00f3\u2014 caracteriza a los tr\u00e1mites de adopci\u00f3n y a las denuncias de violencia de g\u00e9nero. Cerr\u00f3 su intervenci\u00f3n con una descripci\u00f3n de la rutina de la ex mandataria durante su arresto domiciliario: \u201cTodos los d\u00edas disciplinadamente hace gimnasia, lee todo, estudia, se prepara\u201d, dijo, y agreg\u00f3 que&nbsp;<strong>Cristina Kirchner<\/strong>&nbsp;\u201cno practica la autocompasi\u00f3n ah\u00ed arriba\u201d y que por eso, remarc\u00f3, llev\u00f3 su reclamo por derechos pol\u00edticos ante la&nbsp;<strong>Organizaci\u00f3n de las Naciones Unidas (ONU)<\/strong>.<\/p>\n\n\n\n<p>El acto se desarroll\u00f3 sin invitaciones formales, bajo la consigna de que \u201cel que quiera puede venir\u201d, seg\u00fan indicaron desde el entorno de la familia Kirchner. El gobernador bonaerense&nbsp;<strong>Axel Kicillof<\/strong>&nbsp;no fue convocado ni particip\u00f3 de la organizaci\u00f3n, en un v\u00ednculo con el sector cristinista que contin\u00faa limitado a acuerdos pol\u00edticos y electorales puntuales.<\/p>\n\n\n\n<p><\/p>\n","protected":false},"excerpt":{"rendered":"<p>M\u00e1ximo Kirchner habl\u00f3 frente a la militancia durante el evento, mientras tambi\u00e9n se present\u00f3 un documento firmado por distintas fuerzas pol\u00edticas con el que se reclam\u00f3 justicia. Advirtieron sobre los riesgos de la violencia pol\u00edtica en la Argentina. A cuatro a\u00f1os del ataque que estuvo a cent\u00edmetros de terminar con su vida, la militancia peronista<a class=\"read-more\" href=\"https:\/\/elfederalmendoza.com.ar\/index.php\/2026\/09\/02\/cristina-kirchner-saludo-a-la-militancia-en-el-acto-que-el-pj-organizo-en-san-jose-1111-a-cuatro-anos-de-su-intento-de-asesinato\/\"> [&hellip;]<\/a><\/p>\n","protected":false},"author":2,"featured_media":36932,"comment_status":"closed","ping_status":"closed","sticky":false,"template":"","format":"standard","meta":{"wpmdr_menu":1,"wpmdr_menu_extended":{"individualPostRemove":1,"individualPostRemoveDate":1,"individualPostRemoveAuthor":1,"individualPostYoastRemovePublished":1,"individualPostYoastRemoveModified":1},"footnotes":""},"categories":[5618],"tags":[],"class_list":["post-36929","post","type-post","status-publish","format-standard","has-post-thumbnail","hentry","category-arg"],"rttpg_featured_image_url":{"full":["https:\/\/elfederalmendoza.com.ar\/wp-content\/uploads\/2026\/09\/kris1.jpg",1164,889,false],"landscape":["https:\/\/elfederalmendoza.com.ar\/wp-content\/uploads\/2026\/09\/kris1.jpg",1164,889,false],"portraits":["https:\/\/elfederalmendoza.com.ar\/wp-content\/uploads\/2026\/09\/kris1.jpg",1164,889,false],"thumbnail":["https:\/\/elfederalmendoza.com.ar\/wp-content\/uploads\/2026\/09\/kris1-150x150.jpg",150,150,true],"medium":["https:\/\/elfederalmendoza.com.ar\/wp-content\/uploads\/2026\/09\/kris1-300x229.jpg",300,229,true],"large":["https:\/\/elfederalmendoza.com.ar\/wp-content\/uploads\/2026\/09\/kris1-1024x782.jpg",640,489,true],"1536x1536":["https:\/\/elfederalmendoza.com.ar\/wp-content\/uploads\/2026\/09\/kris1.jpg",1164,889,false],"2048x2048":["https:\/\/elfederalmendoza.com.ar\/wp-content\/uploads\/2026\/09\/kris1.jpg",1164,889,false],"ultp_layout_landscape_large":["https:\/\/elfederalmendoza.com.ar\/wp-content\/uploads\/2026\/09\/kris1-1164x800.jpg",1164,800,true],"ultp_layout_landscape":["https:\/\/elfederalmendoza.com.ar\/wp-content\/uploads\/2026\/09\/kris1-870x570.jpg",870,570,true],"ultp_layout_portrait":["https:\/\/elfederalmendoza.com.ar\/wp-content\/uploads\/2026\/09\/kris1-600x889.jpg",600,889,true],"ultp_layout_square":["https:\/\/elfederalmendoza.com.ar\/wp-content\/uploads\/2026\/09\/kris1-600x600.jpg",600,600,true],"rpwe-thumbnail":["https:\/\/elfederalmendoza.com.ar\/wp-content\/uploads\/2026\/09\/kris1-45x45.jpg",45,45,true],"advps-thumb-one":["https:\/\/elfederalmendoza.com.ar\/wp-content\/uploads\/2026\/09\/kris1-1164x420.jpg",1164,420,true]},"rttpg_author":{"display_name":"Redacci\u00f3n El Federal","author_link":"https:\/\/elfederalmendoza.com.ar\/index.php\/author\/angelflores\/"},"rttpg_comment":0,"rttpg_category":"<a href=\"https:\/\/elfederalmendoza.com.ar\/index.php\/category\/arg\/\" rel=\"category tag\">Argentina<\/a>","rttpg_excerpt":"M\u00e1ximo Kirchner habl\u00f3 frente a la militancia durante el evento, mientras tambi\u00e9n se present\u00f3 un documento firmado por distintas fuerzas pol\u00edticas con el que se reclam\u00f3 justicia. Advirtieron sobre los riesgos de la violencia pol\u00edtica en la Argentina. A cuatro a\u00f1os del ataque que estuvo a cent\u00edmetros de terminar con su vida, la militancia peronista&hellip;","_links":{"self":[{"href":"https:\/\/elfederalmendoza.com.ar\/index.php\/wp-json\/wp\/v2\/posts\/36929","targetHints":{"allow":["GET"]}}],"collection":[{"href":"https:\/\/elfederalmendoza.com.ar\/index.php\/wp-json\/wp\/v2\/posts"}],"about":[{"href":"https:\/\/elfederalmendoza.com.ar\/index.php\/wp-json\/wp\/v2\/types\/post"}],"author":[{"embeddable":true,"href":"https:\/\/elfederalmendoza.com.ar\/index.php\/wp-json\/wp\/v2\/users\/2"}],"replies":[{"embeddable":true,"href":"https:\/\/elfederalmendoza.com.ar\/index.php\/wp-json\/wp\/v2\/comments?post=36929"}],"version-history":[{"count":1,"href":"https:\/\/elfederalmendoza.com.ar\/index.php\/wp-json\/wp\/v2\/posts\/36929\/revisions"}],"predecessor-version":[{"id":36930,"href":"https:\/\/elfederalmendoza.com.ar\/index.php\/wp-json\/wp\/v2\/posts\/36929\/revisions\/36930"}],"wp:featuredmedia":[{"embeddable":true,"href":"https:\/\/elfederalmendoza.com.ar\/index.php\/wp-json\/wp\/v2\/media\/36932"}],"wp:attachment":[{"href":"https:\/\/elfederalmendoza.com.ar\/index.php\/wp-json\/wp\/v2\/media?parent=36929"}],"wp:term":[{"taxonomy":"category","embeddable":true,"href":"https:\/\/elfederalmendoza.com.ar\/index.php\/wp-json\/wp\/v2\/categories?post=36929"},{"taxonomy":"post_tag","embeddable":true,"href":"https:\/\/elfederalmendoza.com.ar\/index.php\/wp-json\/wp\/v2\/tags?post=36929"}],"curies":[{"name":"wp","href":"https:\/\/api.w.org\/{rel}","templated":true}]}}