{"id":36933,"date":"2026-09-03T09:25:08","date_gmt":"2026-09-03T12:25:08","guid":{"rendered":"https:\/\/elfederalmendoza.com.ar\/?p=36933"},"modified":"2026-09-03T09:25:08","modified_gmt":"2026-09-03T12:25:08","slug":"expectativa-por-el-mensaje-de-milei-por-cadena-nacional-sobre-malvinas-a-que-hora-y-como-sera","status":"publish","type":"post","link":"https:\/\/elfederalmendoza.com.ar\/index.php\/2026\/09\/03\/expectativa-por-el-mensaje-de-milei-por-cadena-nacional-sobre-malvinas-a-que-hora-y-como-sera\/","title":{"rendered":"Expectativa por el mensaje de Milei por cadena nacional sobre Malvinas: a qu\u00e9 hora y c\u00f3mo ser\u00e1"},"content":{"rendered":"\n<p id=\"p-1788432515091-39885\">El presidente\u00a0<strong>Javier Milei<\/strong>\u00a0encarar\u00e1 una jornada de alt\u00edsima intensidad pol\u00edtica e internacional este jueves. Tras concretar una visita expr\u00e9s a Santiago de\u00a0<strong>Chile\u00a0<\/strong>para participar de un foro conservador y mantener reuniones bilaterales de alto nivel<strong>. <\/strong>El jefe de Estado retornar\u00e1 por la tarde a Buenos Aires para grabar el mensaje por cadena nacional en el que fijar\u00e1 la postura oficial de la\u00a0<strong>Argentina\u00a0<\/strong>respecto a la soberan\u00eda de las\u00a0<strong>Islas Malvinas<\/strong>.<\/p>\n\n\n\n<p id=\"p-1788432515091-16652\">La partida del mandatario hacia el pa\u00eds trasandino inici\u00f3 a 7. Su primera actividad oficial tendr\u00e1 lugar a las 10:20, hora en la que disertar\u00e1 en el Foro de Madrid, un encuentro organizado por la Fundaci\u00f3n Disenso \u2014el&nbsp;<em>think tank<\/em>&nbsp;vinculado al partido espa\u00f1ol VOX y presidido por Santiago Abascal\u2014.<\/p>\n\n\n\n<h2 class=\"wp-block-heading\" id=\"p-1788432515091-35945\">Cumbre con Kast y contactos clave con la administraci\u00f3n Trump<\/h2>\n\n\n\n<figure class=\"wp-block-image\"><img decoding=\"async\" src=\"https:\/\/media.mdzol.com\/p\/4bd200f6f3baec8aed5df04cc05fcb84\/adjuntos\/373\/imagenes\/001\/898\/0001898894\/760x0\/smart\/jose-antonio-kast-se-mostro-milei-marzo.jpg\" alt=\"Jos\u00e9 Antonio Kast se mostr\u00f3 con Milei en marzo\" title=\"Jos\u00e9 Antonio Kast se mostr\u00f3 con Milei en marzo\"\/><\/figure>\n\n\n\n<p id=\"p-1788433579104-95548\">Jos\u00e9 Antonio Kast se mostr\u00f3 con Milei en marzo EFE<\/p>\n\n\n\n<p id=\"p-1788432515091-53279\">En el marco de su estrategia para consolidarse como el principal referente de la derecha en la regi\u00f3n y un interlocutor directo de la Casa Blanca, la agenda de Milei en Chile incluir\u00e1 dos encuentros geopol\u00edticos centrales:<\/p>\n\n\n\n<ul id=\"p-1788432515091-47883\" class=\"wp-block-list\">\n<li><strong>Reuni\u00f3n con funcionarios de EE. UU.:<\/strong>\u00a0El libertario se entrevistar\u00e1 con Sarah Rogers, subsecretaria de Estado para la Diplomacia P\u00fablica de los Estados Unidos y enviada de la gesti\u00f3n republicana.<\/li>\n\n\n\n<li><strong>Bilateral en La Moneda:<\/strong>\u00a0Al mediod\u00eda, Milei ser\u00e1 recibido por su par chileno, Jos\u00e9 Antonio Kast, para repasar la agenda bilateral y regional.<\/li>\n<\/ul>\n\n\n\n<h2 class=\"wp-block-heading\" id=\"p-1788432515091-56777\">Hermetismo en la Casa Rosada y expectativas por la Cadena Nacional<\/h2>\n\n\n\n<p id=\"p-1788432515091-54632\">Inmediatamente despu\u00e9s de sus compromisos en Santiago, el mandatario emprender\u00e1 el regreso a la Argentina. A las 16, junto a sus equipos de comunicaci\u00f3n, encabezar\u00e1<strong>&nbsp;la grabaci\u00f3n del mensaje<\/strong>&nbsp;sobre&nbsp;<strong>Malvinas&nbsp;<\/strong>que&nbsp;<strong>se emitir\u00e1 a las 21 por cadena nacional<\/strong>, con el Sal\u00f3n Blanco de la Casa Rosada como escenario tentativo.<\/p>\n\n\n\n<figure class=\"wp-block-image\"><img decoding=\"async\" src=\"https:\/\/media.mdzol.com\/p\/bb27a8e7c0febe5057113397f08c61c4\/adjuntos\/373\/imagenes\/001\/874\/0001874728\/760x0\/1873x1374:1893x1394\/javier-milei-cara-cara-donald-trump.jpg\" alt=\"Javier Milei cara a cara con Donald Trump.\" title=\"Javier Milei cara a cara con Donald Trump.\"\/><\/figure>\n\n\n\n<p id=\"p-1788433591942-13431\">Javier Milei cara a cara con Donald Trump. EFE<\/p>\n\n\n\n<p id=\"p-1788432515091-87962\">El contenido del discurso se mantiene bajo un estricto hermetismo dentro del Poder Ejecutivo. La decisi\u00f3n de enviar este mensaje a todo el pa\u00eds se defini\u00f3 durante la reuni\u00f3n de Gabinete encabezada por el Presidente, luego de que el canciller&nbsp;<strong>Pablo Quirno<\/strong>&nbsp;expusiera las implicancias diplom\u00e1ticas tras las declaraciones de&nbsp;<strong>Donald Trump<\/strong>&nbsp;en el Despacho Oval, donde el l\u00edder estadounidense abri\u00f3 la puerta a modificar la postura de Washington respecto al reclamo argentino: \u201cSiempre reviso todas las posiciones. Esa es apenas una entre muchas\u201d, hab\u00eda deslizado el presidente norteamericano.<\/p>\n","protected":false},"excerpt":{"rendered":"<p>El presidente\u00a0Javier Milei\u00a0encarar\u00e1 una jornada de alt\u00edsima intensidad pol\u00edtica e internacional este jueves. Tras concretar una visita expr\u00e9s a Santiago de\u00a0Chile\u00a0para participar de un foro conservador y mantener reuniones bilaterales de alto nivel. El jefe de Estado retornar\u00e1 por la tarde a Buenos Aires para grabar el mensaje por cadena nacional en el que fijar\u00e1<a class=\"read-more\" href=\"https:\/\/elfederalmendoza.com.ar\/index.php\/2026\/09\/03\/expectativa-por-el-mensaje-de-milei-por-cadena-nacional-sobre-malvinas-a-que-hora-y-como-sera\/\"> [&hellip;]<\/a><\/p>\n","protected":false},"author":2,"featured_media":32526,"comment_status":"closed","ping_status":"closed","sticky":false,"template":"","format":"standard","meta":{"wpmdr_menu":1,"wpmdr_menu_extended":{"individualPostRemove":1,"individualPostRemoveDate":1,"individualPostRemoveAuthor":1,"individualPostYoastRemovePublished":1,"individualPostYoastRemoveModified":1},"footnotes":""},"categories":[5618],"tags":[],"class_list":["post-36933","post","type-post","status-publish","format-standard","has-post-thumbnail","hentry","category-arg"],"rttpg_featured_image_url":{"full":["https:\/\/elfederalmendoza.com.ar\/wp-content\/uploads\/2024\/04\/milei-iran.jpg",1193,795,false],"landscape":["https:\/\/elfederalmendoza.com.ar\/wp-content\/uploads\/2024\/04\/milei-iran.jpg",1193,795,false],"portraits":["https:\/\/elfederalmendoza.com.ar\/wp-content\/uploads\/2024\/04\/milei-iran.jpg",1193,795,false],"thumbnail":["https:\/\/elfederalmendoza.com.ar\/wp-content\/uploads\/2024\/04\/milei-iran-150x150.jpg",150,150,true],"medium":["https:\/\/elfederalmendoza.com.ar\/wp-content\/uploads\/2024\/04\/milei-iran-300x200.jpg",300,200,true],"large":["https:\/\/elfederalmendoza.com.ar\/wp-content\/uploads\/2024\/04\/milei-iran-1024x682.jpg",640,426,true],"1536x1536":["https:\/\/elfederalmendoza.com.ar\/wp-content\/uploads\/2024\/04\/milei-iran.jpg",1193,795,false],"2048x2048":["https:\/\/elfederalmendoza.com.ar\/wp-content\/uploads\/2024\/04\/milei-iran.jpg",1193,795,false],"ultp_layout_landscape_large":["https:\/\/elfederalmendoza.com.ar\/wp-content\/uploads\/2024\/04\/milei-iran.jpg",1193,795,false],"ultp_layout_landscape":["https:\/\/elfederalmendoza.com.ar\/wp-content\/uploads\/2024\/04\/milei-iran-870x570.jpg",870,570,true],"ultp_layout_portrait":["https:\/\/elfederalmendoza.com.ar\/wp-content\/uploads\/2024\/04\/milei-iran-600x795.jpg",600,795,true],"ultp_layout_square":["https:\/\/elfederalmendoza.com.ar\/wp-content\/uploads\/2024\/04\/milei-iran-600x600.jpg",600,600,true],"rpwe-thumbnail":["https:\/\/elfederalmendoza.com.ar\/wp-content\/uploads\/2024\/04\/milei-iran-45x45.jpg",45,45,true],"advps-thumb-one":["https:\/\/elfederalmendoza.com.ar\/wp-content\/uploads\/2024\/04\/milei-iran-1193x420.jpg",1193,420,true]},"rttpg_author":{"display_name":"Redacci\u00f3n El Federal","author_link":"https:\/\/elfederalmendoza.com.ar\/index.php\/author\/angelflores\/"},"rttpg_comment":0,"rttpg_category":"<a href=\"https:\/\/elfederalmendoza.com.ar\/index.php\/category\/arg\/\" rel=\"category tag\">Argentina<\/a>","rttpg_excerpt":"El presidente\u00a0Javier Milei\u00a0encarar\u00e1 una jornada de alt\u00edsima intensidad pol\u00edtica e internacional este jueves. Tras concretar una visita expr\u00e9s a Santiago de\u00a0Chile\u00a0para participar de un foro conservador y mantener reuniones bilaterales de alto nivel. El jefe de Estado retornar\u00e1 por la tarde a Buenos Aires para grabar el mensaje por cadena nacional en el que fijar\u00e1&hellip;","_links":{"self":[{"href":"https:\/\/elfederalmendoza.com.ar\/index.php\/wp-json\/wp\/v2\/posts\/36933","targetHints":{"allow":["GET"]}}],"collection":[{"href":"https:\/\/elfederalmendoza.com.ar\/index.php\/wp-json\/wp\/v2\/posts"}],"about":[{"href":"https:\/\/elfederalmendoza.com.ar\/index.php\/wp-json\/wp\/v2\/types\/post"}],"author":[{"embeddable":true,"href":"https:\/\/elfederalmendoza.com.ar\/index.php\/wp-json\/wp\/v2\/users\/2"}],"replies":[{"embeddable":true,"href":"https:\/\/elfederalmendoza.com.ar\/index.php\/wp-json\/wp\/v2\/comments?post=36933"}],"version-history":[{"count":1,"href":"https:\/\/elfederalmendoza.com.ar\/index.php\/wp-json\/wp\/v2\/posts\/36933\/revisions"}],"predecessor-version":[{"id":36934,"href":"https:\/\/elfederalmendoza.com.ar\/index.php\/wp-json\/wp\/v2\/posts\/36933\/revisions\/36934"}],"wp:featuredmedia":[{"embeddable":true,"href":"https:\/\/elfederalmendoza.com.ar\/index.php\/wp-json\/wp\/v2\/media\/32526"}],"wp:attachment":[{"href":"https:\/\/elfederalmendoza.com.ar\/index.php\/wp-json\/wp\/v2\/media?parent=36933"}],"wp:term":[{"taxonomy":"category","embeddable":true,"href":"https:\/\/elfederalmendoza.com.ar\/index.php\/wp-json\/wp\/v2\/categories?post=36933"},{"taxonomy":"post_tag","embeddable":true,"href":"https:\/\/elfederalmendoza.com.ar\/index.php\/wp-json\/wp\/v2\/tags?post=36933"}],"curies":[{"name":"wp","href":"https:\/\/api.w.org\/{rel}","templated":true}]}}