{"id":36935,"date":"2026-09-03T12:11:37","date_gmt":"2026-09-03T15:11:37","guid":{"rendered":"https:\/\/elfederalmendoza.com.ar\/?p=36935"},"modified":"2026-09-03T12:16:08","modified_gmt":"2026-09-03T15:16:08","slug":"underc0de-day-2026-por-que-no-hace-falta-ser-un-nerd-para-disfrutar-del-mayor-evento-tecnologico-de-cuyo","status":"publish","type":"post","link":"https:\/\/elfederalmendoza.com.ar\/index.php\/2026\/09\/03\/underc0de-day-2026-por-que-no-hace-falta-ser-un-nerd-para-disfrutar-del-mayor-evento-tecnologico-de-cuyo\/","title":{"rendered":"Underc0de Day 2026: Por qu\u00e9 no hace falta ser un \u00abnerd\u00bb para disfrutar del mayor evento tecnol\u00f3gico de Cuyo"},"content":{"rendered":"\n<p><strong>La expo tecnol\u00f3gica<\/strong> regresa a Mendoza con una propuesta que rompe los estereotipos. Videojuegos, inclusi\u00f3n social y oportunidades para toda la familia en un fin de semana diferente.<\/p>\n\n\n\n<p>Cuando escuchamos hablar de un \u00abencuentro tecnol\u00f3gico\u00bb, es f\u00e1cil imaginar un sal\u00f3n lleno de pantallas, c\u00f3digos complejos y expertos hablando en un idioma incomprensible. Sin embargo, la tercera edici\u00f3n del <strong>Underc0de Day<\/strong> llega para derribar ese mito. El mayor encuentro tecnol\u00f3gico de la regi\u00f3n de Cuyo se realizar\u00e1 el pr\u00f3ximo <strong>s\u00e1bado 12 de septiembre, de 11:00 a 20:00 horas, en el emblem\u00e1tico Espacio Arizu (Belgrano 1335, Godoy Cruz, Mendoza)<\/strong>. Y la gran noticia es que la jornada cuenta con actividades pensadas para toda la comunidad, sin importar si sabes programar o no.<\/p>\n\n\n\n<figure class=\"wp-block-image size-large\"><img loading=\"lazy\" decoding=\"async\" width=\"1024\" height=\"683\" src=\"https:\/\/elfederalmendoza.com.ar\/wp-content\/uploads\/2026\/09\/espacio-arizu1-1024x683.jpg\" alt=\"\" class=\"wp-image-36937\" srcset=\"https:\/\/elfederalmendoza.com.ar\/wp-content\/uploads\/2026\/09\/espacio-arizu1-1024x683.jpg 1024w, https:\/\/elfederalmendoza.com.ar\/wp-content\/uploads\/2026\/09\/espacio-arizu1-300x200.jpg 300w, https:\/\/elfederalmendoza.com.ar\/wp-content\/uploads\/2026\/09\/espacio-arizu1-768x512.jpg 768w, https:\/\/elfederalmendoza.com.ar\/wp-content\/uploads\/2026\/09\/espacio-arizu1.jpg 1080w\" sizes=\"auto, (max-width: 1024px) 100vw, 1024px\" \/><\/figure>\n\n\n\n<h2 class=\"wp-block-heading\"><strong>Entretenimiento, gastronom\u00eda y relax<\/strong><\/h2>\n\n\n\n<p>\u00bfPor qu\u00e9 deber\u00edas agendar esta fecha si lo tuyo no son las computadoras? Porque el evento abandon\u00f3 el formato r\u00edgido para organizarse en <strong>seis sectores tem\u00e1ticos <\/strong>dise\u00f1ados para captar m\u00faltiples intereses.<\/p>\n\n\n\n<p><strong>Arena Gamer gigante: si te divierten los videojuegos, habr\u00e1 un sector equipado con consolas, PCs, torneos y desaf\u00edos pensados para competir y ganar premios.<\/strong><\/p>\n\n\n\n<p><strong>Transmisi\u00f3n en vivo: para quienes prefieran disfrutar la experiencia en formato audiovisual, habr\u00e1 streaming en vivo siguiendo todo lo que ocurra en el predio.<\/strong><\/p>\n\n\n\n<p><strong>Comida y disfrute: el evento contar\u00e1 con un \u00e1rea espec\u00edfica de \u00abEspacio Abierto\u00bb repleta de foodtrucks para disfrutar de diversas propuestas gastron\u00f3micas a lo largo de toda la jornada.<\/strong><\/p>\n\n\n\n<figure class=\"wp-block-image size-large\"><img loading=\"lazy\" decoding=\"async\" width=\"1024\" height=\"576\" src=\"https:\/\/elfederalmendoza.com.ar\/wp-content\/uploads\/2026\/09\/espacio-arizu2-1024x576.jpg\" alt=\"\" class=\"wp-image-36938\" srcset=\"https:\/\/elfederalmendoza.com.ar\/wp-content\/uploads\/2026\/09\/espacio-arizu2-1024x576.jpg 1024w, https:\/\/elfederalmendoza.com.ar\/wp-content\/uploads\/2026\/09\/espacio-arizu2-300x169.jpg 300w, https:\/\/elfederalmendoza.com.ar\/wp-content\/uploads\/2026\/09\/espacio-arizu2-768x432.jpg 768w, https:\/\/elfederalmendoza.com.ar\/wp-content\/uploads\/2026\/09\/espacio-arizu2.jpg 1281w\" sizes=\"auto, (max-width: 1024px) 100vw, 1024px\" \/><\/figure>\n\n\n\n<h2 class=\"wp-block-heading\"><strong>Un espacio solidario y totalmente accesible<\/strong><\/h2>\n\n\n\n<p>El encuentro es organizado por<strong> Danilo Vezzoni desde la Fundaci\u00f3n Underc0de<\/strong>, uniendo innovaci\u00f3n, educaci\u00f3n y solidaridad en un mismo lugar.<\/p>\n\n\n\n<p><strong>\u2022 Entrada y donaci\u00f3n: la participaci\u00f3n es totalmente gratuita y con cupos limitados a trav\u00e9s de inscripci\u00f3n previa, pero se invita a los asistentes a colaborar con un alimento no perecedero. Todo lo recaudado ser\u00e1 destinado directamente al Merendero Los Pitufitos de Agrelo.<br><br>\u2022 Premios por ayudar: quienes se acerquen al stand correspondiente con su donaci\u00f3n participar\u00e1n de un sorteo especial con premios exclusivos del evento.<br><br>\u2022 Accesibilidad e inclusi\u00f3n: la edici\u00f3n 2026 marca la diferencia al incorporar una nueva \u00e1rea inclusiva, la cual contar\u00e1 con stands totalmente accesibles para personas con discapacidad.<\/strong><\/p>\n\n\n\n<figure class=\"wp-block-image size-large\"><img loading=\"lazy\" decoding=\"async\" width=\"1024\" height=\"680\" src=\"https:\/\/elfederalmendoza.com.ar\/wp-content\/uploads\/2026\/09\/espacio-arizu3-1024x680.jpg\" alt=\"\" class=\"wp-image-36939\" srcset=\"https:\/\/elfederalmendoza.com.ar\/wp-content\/uploads\/2026\/09\/espacio-arizu3-1024x680.jpg 1024w, https:\/\/elfederalmendoza.com.ar\/wp-content\/uploads\/2026\/09\/espacio-arizu3-300x199.jpg 300w, https:\/\/elfederalmendoza.com.ar\/wp-content\/uploads\/2026\/09\/espacio-arizu3-768x510.jpg 768w, https:\/\/elfederalmendoza.com.ar\/wp-content\/uploads\/2026\/09\/espacio-arizu3.jpg 1082w\" sizes=\"auto, (max-width: 1024px) 100vw, 1024px\" \/><\/figure>\n\n\n\n<h2 class=\"wp-block-heading\"><strong>Networking m\u00e1s all\u00e1 del c\u00f3digo (ideal para curiosos)<\/strong><\/h2>\n\n\n\n<p>Incluso si tu perfil profesional no es estrictamente de Tecnolog\u00eda de la Informaci\u00f3n (IT), el evento reunir\u00e1 a m\u00e1s de 80 empresas e instituciones. Dentro de Espacio Arizu, el sector empresarial ser\u00e1 el m\u00e1s grande de todos, albergando a m\u00e1s de 40 firmas locales y regionales.<\/p>\n\n\n\n<p>\u2022 <strong>Nuevas oportunidades laborales: las empresas estar\u00e1n recibiendo curr\u00edculums y buscando nuevos talentos para sumar a sus equipos. Es el lugar ideal para hacer networking, recordando que las firmas tecnol\u00f3gicas tambi\u00e9n buscan perfiles creativos vinculados a la comunicaci\u00f3n, el dise\u00f1o, la gesti\u00f3n de proyectos y las ventas.<br><br>\u2022 Conexiones para el futuro: adem\u00e1s de compa\u00f1\u00edas, los asistentes podr\u00e1n conectar con instituciones educativas y comunidades para descubrir hacia d\u00f3nde va el mundo laboral.<\/strong><\/p>\n\n\n\n<figure class=\"wp-block-image size-large\"><img loading=\"lazy\" decoding=\"async\" width=\"1024\" height=\"682\" src=\"https:\/\/elfederalmendoza.com.ar\/wp-content\/uploads\/2026\/09\/espacio-arizu4-1024x682.jpg\" alt=\"\" class=\"wp-image-36940\" srcset=\"https:\/\/elfederalmendoza.com.ar\/wp-content\/uploads\/2026\/09\/espacio-arizu4-1024x682.jpg 1024w, https:\/\/elfederalmendoza.com.ar\/wp-content\/uploads\/2026\/09\/espacio-arizu4-300x200.jpg 300w, https:\/\/elfederalmendoza.com.ar\/wp-content\/uploads\/2026\/09\/espacio-arizu4-768x511.jpg 768w, https:\/\/elfederalmendoza.com.ar\/wp-content\/uploads\/2026\/09\/espacio-arizu4.jpg 1080w\" sizes=\"auto, (max-width: 1024px) 100vw, 1024px\" \/><\/figure>\n\n\n\n<p>Para asegurar tu lugar en esta experiencia comunitaria, el registro debe realizarse previamente a trav\u00e9s de la plataforma Luma <strong><a href=\"https:\/\/luma.com\/ldtb8901\">https:\/\/luma.com\/ldtb8901<\/a><\/strong>. Animate a disfrutar de un s\u00e1bado distinto y descubr\u00ed que la tecnolog\u00eda, la solidaridad y el entretenimiento son un lenguaje universal.<\/p>\n","protected":false},"excerpt":{"rendered":"<p>La expo tecnol\u00f3gica regresa a Mendoza con una propuesta que rompe los estereotipos. Videojuegos, inclusi\u00f3n social y oportunidades para toda la familia en un fin de semana diferente. Cuando escuchamos hablar de un \u00abencuentro tecnol\u00f3gico\u00bb, es f\u00e1cil imaginar un sal\u00f3n lleno de pantallas, c\u00f3digos complejos y expertos hablando en un idioma incomprensible. Sin embargo, la<a class=\"read-more\" href=\"https:\/\/elfederalmendoza.com.ar\/index.php\/2026\/09\/03\/underc0de-day-2026-por-que-no-hace-falta-ser-un-nerd-para-disfrutar-del-mayor-evento-tecnologico-de-cuyo\/\"> [&hellip;]<\/a><\/p>\n","protected":false},"author":2,"featured_media":36936,"comment_status":"closed","ping_status":"closed","sticky":false,"template":"","format":"standard","meta":{"wpmdr_menu":1,"wpmdr_menu_extended":{"individualPostRemove":1,"individualPostRemoveDate":1,"individualPostRemoveAuthor":1,"individualPostYoastRemovePublished":1,"individualPostYoastRemoveModified":1},"footnotes":""},"categories":[1],"tags":[],"class_list":["post-36935","post","type-post","status-publish","format-standard","has-post-thumbnail","hentry","category-mza"],"rttpg_featured_image_url":{"full":["https:\/\/elfederalmendoza.com.ar\/wp-content\/uploads\/2026\/09\/espacio-arizu.jpg",1086,716,false],"landscape":["https:\/\/elfederalmendoza.com.ar\/wp-content\/uploads\/2026\/09\/espacio-arizu.jpg",1086,716,false],"portraits":["https:\/\/elfederalmendoza.com.ar\/wp-content\/uploads\/2026\/09\/espacio-arizu.jpg",1086,716,false],"thumbnail":["https:\/\/elfederalmendoza.com.ar\/wp-content\/uploads\/2026\/09\/espacio-arizu-150x150.jpg",150,150,true],"medium":["https:\/\/elfederalmendoza.com.ar\/wp-content\/uploads\/2026\/09\/espacio-arizu-300x198.jpg",300,198,true],"large":["https:\/\/elfederalmendoza.com.ar\/wp-content\/uploads\/2026\/09\/espacio-arizu-1024x675.jpg",640,422,true],"1536x1536":["https:\/\/elfederalmendoza.com.ar\/wp-content\/uploads\/2026\/09\/espacio-arizu.jpg",1086,716,false],"2048x2048":["https:\/\/elfederalmendoza.com.ar\/wp-content\/uploads\/2026\/09\/espacio-arizu.jpg",1086,716,false],"ultp_layout_landscape_large":["https:\/\/elfederalmendoza.com.ar\/wp-content\/uploads\/2026\/09\/espacio-arizu.jpg",1086,716,false],"ultp_layout_landscape":["https:\/\/elfederalmendoza.com.ar\/wp-content\/uploads\/2026\/09\/espacio-arizu-870x570.jpg",870,570,true],"ultp_layout_portrait":["https:\/\/elfederalmendoza.com.ar\/wp-content\/uploads\/2026\/09\/espacio-arizu-600x716.jpg",600,716,true],"ultp_layout_square":["https:\/\/elfederalmendoza.com.ar\/wp-content\/uploads\/2026\/09\/espacio-arizu-600x600.jpg",600,600,true],"rpwe-thumbnail":["https:\/\/elfederalmendoza.com.ar\/wp-content\/uploads\/2026\/09\/espacio-arizu-45x45.jpg",45,45,true],"advps-thumb-one":["https:\/\/elfederalmendoza.com.ar\/wp-content\/uploads\/2026\/09\/espacio-arizu-1086x420.jpg",1086,420,true]},"rttpg_author":{"display_name":"Redacci\u00f3n El Federal","author_link":"https:\/\/elfederalmendoza.com.ar\/index.php\/author\/angelflores\/"},"rttpg_comment":0,"rttpg_category":"<a href=\"https:\/\/elfederalmendoza.com.ar\/index.php\/category\/mza\/\" rel=\"category tag\">Mendoza<\/a>","rttpg_excerpt":"La expo tecnol\u00f3gica regresa a Mendoza con una propuesta que rompe los estereotipos. Videojuegos, inclusi\u00f3n social y oportunidades para toda la familia en un fin de semana diferente. Cuando escuchamos hablar de un \u00abencuentro tecnol\u00f3gico\u00bb, es f\u00e1cil imaginar un sal\u00f3n lleno de pantallas, c\u00f3digos complejos y expertos hablando en un idioma incomprensible. Sin embargo, la&hellip;","_links":{"self":[{"href":"https:\/\/elfederalmendoza.com.ar\/index.php\/wp-json\/wp\/v2\/posts\/36935","targetHints":{"allow":["GET"]}}],"collection":[{"href":"https:\/\/elfederalmendoza.com.ar\/index.php\/wp-json\/wp\/v2\/posts"}],"about":[{"href":"https:\/\/elfederalmendoza.com.ar\/index.php\/wp-json\/wp\/v2\/types\/post"}],"author":[{"embeddable":true,"href":"https:\/\/elfederalmendoza.com.ar\/index.php\/wp-json\/wp\/v2\/users\/2"}],"replies":[{"embeddable":true,"href":"https:\/\/elfederalmendoza.com.ar\/index.php\/wp-json\/wp\/v2\/comments?post=36935"}],"version-history":[{"count":2,"href":"https:\/\/elfederalmendoza.com.ar\/index.php\/wp-json\/wp\/v2\/posts\/36935\/revisions"}],"predecessor-version":[{"id":36943,"href":"https:\/\/elfederalmendoza.com.ar\/index.php\/wp-json\/wp\/v2\/posts\/36935\/revisions\/36943"}],"wp:featuredmedia":[{"embeddable":true,"href":"https:\/\/elfederalmendoza.com.ar\/index.php\/wp-json\/wp\/v2\/media\/36936"}],"wp:attachment":[{"href":"https:\/\/elfederalmendoza.com.ar\/index.php\/wp-json\/wp\/v2\/media?parent=36935"}],"wp:term":[{"taxonomy":"category","embeddable":true,"href":"https:\/\/elfederalmendoza.com.ar\/index.php\/wp-json\/wp\/v2\/categories?post=36935"},{"taxonomy":"post_tag","embeddable":true,"href":"https:\/\/elfederalmendoza.com.ar\/index.php\/wp-json\/wp\/v2\/tags?post=36935"}],"curies":[{"name":"wp","href":"https:\/\/api.w.org\/{rel}","templated":true}]}}