{"id":36944,"date":"2026-09-04T07:38:58","date_gmt":"2026-09-04T10:38:58","guid":{"rendered":"https:\/\/elfederalmendoza.com.ar\/?p=36944"},"modified":"2026-09-04T07:38:59","modified_gmt":"2026-09-04T10:38:59","slug":"impacto-mundial-por-el-discurso-de-milei-el-reino-unido-respondio-de-inmediato-y-la-causa-malvinas-volvio-al-centro-de-la-escena-mundial","status":"publish","type":"post","link":"https:\/\/elfederalmendoza.com.ar\/index.php\/2026\/09\/04\/impacto-mundial-por-el-discurso-de-milei-el-reino-unido-respondio-de-inmediato-y-la-causa-malvinas-volvio-al-centro-de-la-escena-mundial\/","title":{"rendered":"Impacto mundial por el discurso de Milei: El Reino Unido respondi\u00f3 de inmediato y la causa Malvinas volvi\u00f3 al centro de la escena mundial"},"content":{"rendered":"\n<p>La cadena nacional del presidente Javier Milei sobre las Islas Malvinas logr\u00f3 algo que hac\u00eda tiempo no ocurr\u00eda: <strong>volver a instalar la disputa por la soberan\u00eda del archipi\u00e9lago en la agenda internacional<\/strong> y provocar una reacci\u00f3n inmediata del Gobierno brit\u00e1nico, de la prensa inglesa y de medios de todo el mundo.<\/p>\n\n\n\n<p>El mensaje presidencial, en el que anunci\u00f3 sanciones contra empresas petroleras que exploten recursos en las islas sin autorizaci\u00f3n argentina, la creaci\u00f3n de nuevas herramientas legales para defender la soberan\u00eda y el fortalecimiento de la presencia estrat\u00e9gica argentina en el Atl\u00e1ntico Sur,<strong> fue reproducido por agencias internacionales, diarios europeos y cadenas de televisi\u00f3n brit\u00e1nicas pocas horas despu\u00e9s de emitirse. <\/strong><\/p>\n\n\n\n<h2 class=\"wp-block-heading\">LONDRES SALI\u00d3 A CONTESTAR<\/h2>\n\n\n\n<p>La respuesta oficial del Reino Unido fue r\u00e1pida y contundente.<\/p>\n\n\n\n<p>El secretario de Defensa brit\u00e1nico, <strong>Wes Streeting<\/strong>, afirm\u00f3 que el compromiso de Londres con las Islas Malvinas es \u201c<strong>absoluto e inquebrantable\u201d<\/strong> y sostuvo que las declaraciones de Milei reflejan m\u00e1s la pol\u00edtica interna argentina que una discusi\u00f3n real sobre la soberan\u00eda del archipi\u00e9lago. <\/p>\n\n\n\n<p>El gobierno brit\u00e1nico insisti\u00f3 en que las islas<strong> seguir\u00e1n siendo brit\u00e1nicas<\/strong> porque sus habitantes as\u00ed lo desean, retomando el argumento hist\u00f3rico utilizado por Londres desde el refer\u00e9ndum realizado en 2013. <\/p>\n\n\n\n<h2 class=\"wp-block-heading\">LA PRENSA INGLESA PUSO EL FOCO EN MILEI<\/h2>\n\n\n\n<p>Los principales medios brit\u00e1nicos dedicaron amplios espacios al discurso presidencial.<\/p>\n\n\n\n<p><strong>Sky News<\/strong> calific\u00f3 el reclamo argentino como una posici\u00f3n hist\u00f3rica conocida, aunque destac\u00f3 que el contexto internacional actual es diferente debido a las recientes declaraciones de Donald Trump sobre la cuesti\u00f3n Malvinas. <\/p>\n\n\n\n<p>Por su parte, <strong>The Independent<\/strong> public\u00f3 an\u00e1lisis advirtiendo que el Reino Unido debe prepararse para defender sus intereses estrat\u00e9gicos en el Atl\u00e1ntico Sur frente a los nuevos escenarios geopol\u00edticos. <\/p>\n\n\n\n<p><strong>The Guardian<\/strong> tambi\u00e9n destac\u00f3 el discurso de Milei y la inmediata reacci\u00f3n del gobierno brit\u00e1nico, se\u00f1alando que las palabras del mandatario argentino reactivaron una controversia que parec\u00eda relegada en la agenda internacional. <\/p>\n\n\n\n<figure class=\"wp-block-image size-full\"><img loading=\"lazy\" decoding=\"async\" width=\"896\" height=\"807\" src=\"https:\/\/elfederalmendoza.com.ar\/wp-content\/uploads\/2026\/09\/fal1.jpg\" alt=\"\" class=\"wp-image-36946\" srcset=\"https:\/\/elfederalmendoza.com.ar\/wp-content\/uploads\/2026\/09\/fal1.jpg 896w, https:\/\/elfederalmendoza.com.ar\/wp-content\/uploads\/2026\/09\/fal1-300x270.jpg 300w, https:\/\/elfederalmendoza.com.ar\/wp-content\/uploads\/2026\/09\/fal1-768x692.jpg 768w\" sizes=\"auto, (max-width: 896px) 100vw, 896px\" \/><\/figure>\n\n\n\n<h2 class=\"wp-block-heading\">EL PETR\u00d3LEO, LA CLAVE DEL CONFLICTO<\/h2>\n\n\n\n<p>Gran parte de la cobertura internacional vincul\u00f3 el discurso presidencial con el proyecto petrolero<strong> Sea Lion<\/strong>, impulsado por empresas brit\u00e1nicas e israel\u00edes en aguas cercanas a las islas.<\/p>\n\n\n\n<p>Las medidas anunciadas por Milei fueron interpretadas como un intento de elevar el costo pol\u00edtico y econ\u00f3mico de la explotaci\u00f3n de recursos naturales en una zona cuya soberan\u00eda contin\u00faa siendo objeto de disputa ante las Naciones Unidas. <\/p>\n\n\n\n<h2 class=\"wp-block-heading\">UN HECHO POL\u00cdTICO QUE TRASPAS\u00d3 LAS FRONTERAS<\/h2>\n\n\n\n<p>M\u00e1s all\u00e1 de las posiciones enfrentadas, existe un dato que ning\u00fan observador internacional discute: el discurso de Milei consigui\u00f3 que Malvinas volviera a ocupar titulares en <strong>Londres, Washington, Bruselas y las principales redacciones del mundo.<\/strong><\/p>\n\n\n\n<p>La reacci\u00f3n inmediata del Gobierno brit\u00e1nico, la cobertura de medios como<strong> Sky News, The Guardian, The Independent, Reuters y Associated Press<\/strong>, y el debate generado en torno a la explotaci\u00f3n petrolera del Atl\u00e1ntico Sur muestran que el mensaje presidencial tuvo un impacto internacional mucho mayor al habitual para este tipo de pronunciamientos. <\/p>\n\n\n\n<figure class=\"wp-block-image size-large\"><img loading=\"lazy\" decoding=\"async\" width=\"1024\" height=\"494\" src=\"https:\/\/elfederalmendoza.com.ar\/wp-content\/uploads\/2026\/09\/fal-1024x494.jpg\" alt=\"\" class=\"wp-image-36945\" srcset=\"https:\/\/elfederalmendoza.com.ar\/wp-content\/uploads\/2026\/09\/fal-1024x494.jpg 1024w, https:\/\/elfederalmendoza.com.ar\/wp-content\/uploads\/2026\/09\/fal-300x145.jpg 300w, https:\/\/elfederalmendoza.com.ar\/wp-content\/uploads\/2026\/09\/fal-768x371.jpg 768w, https:\/\/elfederalmendoza.com.ar\/wp-content\/uploads\/2026\/09\/fal.jpg 1034w\" sizes=\"auto, (max-width: 1024px) 100vw, 1024px\" \/><\/figure>\n","protected":false},"excerpt":{"rendered":"<p>La cadena nacional del presidente Javier Milei sobre las Islas Malvinas logr\u00f3 algo que hac\u00eda tiempo no ocurr\u00eda: volver a instalar la disputa por la soberan\u00eda del archipi\u00e9lago en la agenda internacional y provocar una reacci\u00f3n inmediata del Gobierno brit\u00e1nico, de la prensa inglesa y de medios de todo el mundo. El mensaje presidencial, en<a class=\"read-more\" href=\"https:\/\/elfederalmendoza.com.ar\/index.php\/2026\/09\/04\/impacto-mundial-por-el-discurso-de-milei-el-reino-unido-respondio-de-inmediato-y-la-causa-malvinas-volvio-al-centro-de-la-escena-mundial\/\"> [&hellip;]<\/a><\/p>\n","protected":false},"author":2,"featured_media":36947,"comment_status":"closed","ping_status":"closed","sticky":false,"template":"","format":"standard","meta":{"wpmdr_menu":1,"wpmdr_menu_extended":{"individualPostRemove":1,"individualPostRemoveDate":1,"individualPostRemoveAuthor":1,"individualPostYoastRemovePublished":1,"individualPostYoastRemoveModified":1},"footnotes":""},"categories":[5619],"tags":[],"class_list":["post-36944","post","type-post","status-publish","format-standard","has-post-thumbnail","hentry","category-mundo"],"rttpg_featured_image_url":{"full":["https:\/\/elfederalmendoza.com.ar\/wp-content\/uploads\/2026\/09\/repercuciones-malvinas.jpg",1332,716,false],"landscape":["https:\/\/elfederalmendoza.com.ar\/wp-content\/uploads\/2026\/09\/repercuciones-malvinas.jpg",1332,716,false],"portraits":["https:\/\/elfederalmendoza.com.ar\/wp-content\/uploads\/2026\/09\/repercuciones-malvinas.jpg",1332,716,false],"thumbnail":["https:\/\/elfederalmendoza.com.ar\/wp-content\/uploads\/2026\/09\/repercuciones-malvinas-150x150.jpg",150,150,true],"medium":["https:\/\/elfederalmendoza.com.ar\/wp-content\/uploads\/2026\/09\/repercuciones-malvinas-300x161.jpg",300,161,true],"large":["https:\/\/elfederalmendoza.com.ar\/wp-content\/uploads\/2026\/09\/repercuciones-malvinas-1024x550.jpg",640,344,true],"1536x1536":["https:\/\/elfederalmendoza.com.ar\/wp-content\/uploads\/2026\/09\/repercuciones-malvinas.jpg",1332,716,false],"2048x2048":["https:\/\/elfederalmendoza.com.ar\/wp-content\/uploads\/2026\/09\/repercuciones-malvinas.jpg",1332,716,false],"ultp_layout_landscape_large":["https:\/\/elfederalmendoza.com.ar\/wp-content\/uploads\/2026\/09\/repercuciones-malvinas-1200x716.jpg",1200,716,true],"ultp_layout_landscape":["https:\/\/elfederalmendoza.com.ar\/wp-content\/uploads\/2026\/09\/repercuciones-malvinas-870x570.jpg",870,570,true],"ultp_layout_portrait":["https:\/\/elfederalmendoza.com.ar\/wp-content\/uploads\/2026\/09\/repercuciones-malvinas-600x716.jpg",600,716,true],"ultp_layout_square":["https:\/\/elfederalmendoza.com.ar\/wp-content\/uploads\/2026\/09\/repercuciones-malvinas-600x600.jpg",600,600,true],"rpwe-thumbnail":["https:\/\/elfederalmendoza.com.ar\/wp-content\/uploads\/2026\/09\/repercuciones-malvinas-45x45.jpg",45,45,true],"advps-thumb-one":["https:\/\/elfederalmendoza.com.ar\/wp-content\/uploads\/2026\/09\/repercuciones-malvinas-1200x420.jpg",1200,420,true]},"rttpg_author":{"display_name":"Redacci\u00f3n El Federal","author_link":"https:\/\/elfederalmendoza.com.ar\/index.php\/author\/angelflores\/"},"rttpg_comment":0,"rttpg_category":"<a href=\"https:\/\/elfederalmendoza.com.ar\/index.php\/category\/mundo\/\" rel=\"category tag\">El Mundo<\/a>","rttpg_excerpt":"La cadena nacional del presidente Javier Milei sobre las Islas Malvinas logr\u00f3 algo que hac\u00eda tiempo no ocurr\u00eda: volver a instalar la disputa por la soberan\u00eda del archipi\u00e9lago en la agenda internacional y provocar una reacci\u00f3n inmediata del Gobierno brit\u00e1nico, de la prensa inglesa y de medios de todo el mundo. El mensaje presidencial, en&hellip;","_links":{"self":[{"href":"https:\/\/elfederalmendoza.com.ar\/index.php\/wp-json\/wp\/v2\/posts\/36944","targetHints":{"allow":["GET"]}}],"collection":[{"href":"https:\/\/elfederalmendoza.com.ar\/index.php\/wp-json\/wp\/v2\/posts"}],"about":[{"href":"https:\/\/elfederalmendoza.com.ar\/index.php\/wp-json\/wp\/v2\/types\/post"}],"author":[{"embeddable":true,"href":"https:\/\/elfederalmendoza.com.ar\/index.php\/wp-json\/wp\/v2\/users\/2"}],"replies":[{"embeddable":true,"href":"https:\/\/elfederalmendoza.com.ar\/index.php\/wp-json\/wp\/v2\/comments?post=36944"}],"version-history":[{"count":1,"href":"https:\/\/elfederalmendoza.com.ar\/index.php\/wp-json\/wp\/v2\/posts\/36944\/revisions"}],"predecessor-version":[{"id":36948,"href":"https:\/\/elfederalmendoza.com.ar\/index.php\/wp-json\/wp\/v2\/posts\/36944\/revisions\/36948"}],"wp:featuredmedia":[{"embeddable":true,"href":"https:\/\/elfederalmendoza.com.ar\/index.php\/wp-json\/wp\/v2\/media\/36947"}],"wp:attachment":[{"href":"https:\/\/elfederalmendoza.com.ar\/index.php\/wp-json\/wp\/v2\/media?parent=36944"}],"wp:term":[{"taxonomy":"category","embeddable":true,"href":"https:\/\/elfederalmendoza.com.ar\/index.php\/wp-json\/wp\/v2\/categories?post=36944"},{"taxonomy":"post_tag","embeddable":true,"href":"https:\/\/elfederalmendoza.com.ar\/index.php\/wp-json\/wp\/v2\/tags?post=36944"}],"curies":[{"name":"wp","href":"https:\/\/api.w.org\/{rel}","templated":true}]}}