{"id":36949,"date":"2026-09-04T09:24:59","date_gmt":"2026-09-04T12:24:59","guid":{"rendered":"https:\/\/elfederalmendoza.com.ar\/?p=36949"},"modified":"2026-09-04T09:24:59","modified_gmt":"2026-09-04T12:24:59","slug":"un-municipio-de-mendoza-aprobo-una-norma-que-prohibe-la-semidesnudez-provocativa-en-eventos","status":"publish","type":"post","link":"https:\/\/elfederalmendoza.com.ar\/index.php\/2026\/09\/04\/un-municipio-de-mendoza-aprobo-una-norma-que-prohibe-la-semidesnudez-provocativa-en-eventos\/","title":{"rendered":"Un municipio de Mendoza aprob\u00f3 una norma que proh\u00edbe la \u00absemidesnudez provocativa\u00bb en eventos"},"content":{"rendered":"\n<p>Lavalle aprob\u00f3 una norma que proh\u00edbe la \u00absemidesnudez provocativa\u00bb en eventos.<strong> Justifican que copiaron un texto de hace 15 a\u00f1os y que no saldr\u00e1n a sancionar.<\/strong><\/p>\n\n\n\n<p id=\"p-1788461940989-36541\">La discusi\u00f3n legislativa en\u00a0<strong>Lavalle\u00a0<\/strong>parece haber quedado atrapada en un t\u00fanel del tiempo. La reciente aprobaci\u00f3n y publicaci\u00f3n en el Bolet\u00edn Oficial de la Ordenanza N\u00ba 1303\/2026 que regula la nueva categor\u00eda de \u00abPatios de Eventos\u00bb en el rubro de los\u00a0<strong>comercios\u00a0<\/strong>desat\u00f3 un esc\u00e1ndalo de aristas morales.<\/p>\n\n\n\n<p id=\"p-1788461964145-28297\">El texto proh\u00edbe de forma tajante la realizaci\u00f3n de&nbsp;<strong>espect\u00e1culos&nbsp;<\/strong>con \u00abdesnudez o semidesnudez provocativa\u00bb, desatando una ola de cuestionamientos entre artistas, vecinos y gastron\u00f3micos.<\/p>\n\n\n\n<h2 class=\"wp-block-heading\" id=\"p-1788461940989-24486\">La respuesta del Concejo Deliberante de Lavalle<\/h2>\n\n\n\n<p id=\"p-1788461940989-71251\">Frente a la catarata de cr\u00edticas por el tono retr\u00f3grado y la falta de par\u00e1metros objetivos, la presidenta del&nbsp;<strong>Concejo Deliberante de Lavalle<\/strong>,&nbsp;<strong>Guadalupe Par\u00e9s Martino<\/strong>, intent\u00f3 justificar la medida ante la insistencia de pedido de respuesta por parte de&nbsp;<em>Diario UNO<\/em>.<\/p>\n\n\n\n<p id=\"p-1788462156751-71713\">Sin embargo, en lugar de fundamentar el criterio t\u00e9cnico o est\u00e9tico que utilizar\u00e1 el municipio de&nbsp;<strong>Lavalle&nbsp;<\/strong>para aplicar la normativa ya vigente en estos nuevos&nbsp;<strong>comercios<\/strong>, la funcionaria legislativa prefiri\u00f3 culpar al pasado.<\/p>\n\n\n\n<p id=\"p-1788461940989-43901\"><strong>Par\u00e9s Martino<\/strong>\u00a0argument\u00f3 que\u00a0la norma es simplemente una \u00abmodificatoria\u00bb de la Ordenanza N\u00ba 765 del a\u00f1o 2011\u00a0y un \u00abcopiado\u00bb adaptado a la Ley Provincial 8296\/2011.<\/p>\n\n\n\n<figure class=\"wp-block-image\"><img decoding=\"async\" src=\"https:\/\/media.diariouno.com.ar\/p\/a410470fed109e3a302e4e974bf6cd70\/adjuntos\/298\/imagenes\/009\/809\/0009809396\/1200x0\/smart\/edgardo-gonzalez-intendente-lavalle.jpg\" alt=\"Edgardo Gonz\u00e1lez es el intendente de Lavalle. Su secretario de Gobierno aclar\u00f3 a este diario que no saldr\u00e1n a controlar la desnudez o semidesnudez provocativa en eventos al aire libre.\" title=\"Edgardo Gonz\u00e1lez es el intendente de Lavalle. Su secretario de Gobierno aclar\u00f3 a este diario que no saldr\u00e1n a controlar la desnudez o semidesnudez provocativa en eventos al aire libre.\"\/><\/figure>\n\n\n\n<p id=\"p-1788465577326-49213\"><strong>Edgardo Gonz\u00e1lez<\/strong> es el intendente de Lavalle. Su secretario de Gobierno aclar\u00f3 a este diario que no saldr\u00e1n a controlar la desnudez o semidesnudez provocativa en eventos al aire libre.. Foto: Gentileza Municipalidad de Lavalle<\/p>\n\n\n\n<p id=\"p-1788462218918-95716\">Seg\u00fan su postura, la intenci\u00f3n principal era regular cuestiones operativas para \u00abpatios de eventos\u00bb sobre todo al&nbsp;<strong>aire libre<\/strong>, ahora que llega el calorcito y que no contaban con un marco legal para su funcionamiento.<\/p>\n\n\n\n<p id=\"p-1788464760261-47623\">En esa l\u00ednea de argumentaci\u00f3n se mostr\u00f3 el secretario de Gobierno del municipio,&nbsp;<strong>Sebasti\u00e1n Oribe<\/strong>, quien no obstante reconoci\u00f3 que esa frase de la ordenanza sobre la desnudez o semidesnudez provocativa \u00abentiendo que se ve medio desactualizado\u00bb.<\/p>\n\n\n\n<h2 class=\"wp-block-heading\" id=\"p-1788461940989-24486\">La ordenanza, una \u00abcopia\u00bb del pasado<\/h2>\n\n\n\n<p id=\"p-1788464925644-76034\">El funcionario del municipio que comanda <strong>Edgardo Gonz\u00e1lez<\/strong> confirm\u00f3 que \u00abel objeto de la actualizaci\u00f3n o modificaci\u00f3n de nuestra ordenanza de 2011 fue otro, y por un tema de redacci\u00f3n todo lo dem\u00e1s qued\u00f3 igual\u00bb.<\/p>\n\n\n\n<p id=\"p-1788465059327-9198\">Y aclar\u00f3 que \u00abobviamente desde el municipio de&nbsp;<strong>Lavalle&nbsp;<\/strong>nosotros no vamos a destinar recursos para controlar eso (la desnudez o semidesnudez provocativa), los \u00fanicos encargados de controlar eso son las personas mayores de edad o los padres o tutores de los menores de edad que presencien ese evento\u00bb.<\/p>\n\n\n\n<p id=\"p-1788462316285-79648\">Entre otros puntos, la ordenanza municipal establece para estos\u00a0comercios nocturnos a cielo abierto\u00a0<strong>un l\u00edmite sonoro de 60 decibeles en el volumen<\/strong>, funcionar s\u00f3lo los viernes, s\u00e1bados, domingos y feriados con un cierre tope de las 2 de la madrugada y contar con un \u00e1rea de estacionamiento propia o cercano (no m\u00e1s de 300 metros).<\/p>\n\n\n\n<figure class=\"wp-block-image\"><img decoding=\"async\" src=\"https:\/\/media.diariouno.com.ar\/p\/ca0920ec391349357a7ee5939754660b\/adjuntos\/298\/imagenes\/009\/752\/0009752078\/1200x0\/smart\/el-estudio-danza-obra-bulsara-homenaje-queen-danza-jazz-y-contemporanea.jpeg\" alt=\"Espect\u00e1culos con desnudez o semidesnudez provocativa en sus artistas deber\u00edan ser sancionados, seg\u00fan ley provincial.\" title=\"Espect\u00e1culos con desnudez o semidesnudez provocativa en sus artistas deber\u00edan ser sancionados, seg\u00fan ley provincial.\"\/><\/figure>\n\n\n\n<p id=\"p-1788466139373-68423\">Espect\u00e1culos con desnudez o semidesnudez provocativa en sus artistas deber\u00edan ser sancionados, seg\u00fan ley provincial.. Foto: Gentileza El Estudio Danza<\/p>\n\n\n\n<p id=\"p-1788461940989-50009\">La defensa de la presidenta del&nbsp;<strong>Concejo Deliberante<\/strong>&nbsp;lavallino se sostuvo en el argumento de que como la cl\u00e1usula ya estaba redactada en una ordenanza de hace 15 a\u00f1os, se mantuvo sin revisar, modernizar ni cuestionar.<\/p>\n\n\n\n<p id=\"p-1788462618780-96425\">\u00abEl articulado, tanto de la ordenanza del 2011 como esta modificatoria, respeta la Ley Provincial que manifiesta en su redacci\u00f3n la prohibici\u00f3n de realizar espect\u00e1culos de desnudez, semidesnudez y\/o striptease en eventos o locales autorizados para que ingresen menores de edad\u00bb, explic\u00f3 a este medio&nbsp;<strong>Guadalupe Par\u00e9s Martino<\/strong>.<\/p>\n\n\n\n<h2 class=\"wp-block-heading\" id=\"p-1788461940989-42127\">Arbitrariedad a la hora de aplicar la sanci\u00f3n<\/h2>\n\n\n\n<p id=\"p-1788462752501-22687\">La justificaci\u00f3n de&nbsp;<strong>Par\u00e9s Martino<\/strong>&nbsp;se ampara en que \u00abeste nuevo comercio (patio de eventos), agregado en la modificatoria, es un espacio para que concurra la familia y es nuestra responsabilidad garantizar que se respeten las premisas establecidas en la Ley Provincial 8296\/2011\u00bb.<\/p>\n\n\n\n<p id=\"p-1788462700235-89416\">La<strong>&nbsp;disposici\u00f3n municipal<\/strong>&nbsp;encendi\u00f3 los \u00e1nimos del sector art\u00edstico y social, con usuarios expresando en redes su preocupaci\u00f3n por dejar a merced de la arbitrariedad de un inspector municipal si una persona est\u00e1 provocando con su vestuario art\u00edstico o vestimenta para ser sancionada.<\/p>\n\n\n\n<p id=\"p-1788461940989-59471\">\u00abA la falta de par\u00e1metros objetivos se suma que el cuerpo de inspecci\u00f3n municipal est\u00e1 integrado hist\u00f3ricamente en su mayor\u00eda por hombres. Esto transforma la ordenanza en una herramienta moralista: la definici\u00f3n de &#8216;semidesnudez&#8217; queda bajo la mirada y el juzgamiento masculino\u00bb, fue una de las reflexiones virales tras conocerse la medida en&nbsp;<strong>Lavalle<\/strong>.<\/p>\n\n\n\n<h2 class=\"wp-block-heading\" id=\"p-1788463175914-57283\">Una ordenanza que roza la censura art\u00edstica y el control moral<\/h2>\n\n\n\n<p id=\"p-1788461940989-15850\">Al ratificar que la aplicaci\u00f3n y el control de esta norma quedar\u00e1 exclusivamente en manos del \u00c1rea de Inspecci\u00f3n General Municipal, el<strong>&nbsp;Concejo Deliberante<\/strong>&nbsp;dej\u00f3 sin responder la pregunta de fondo: \u00bfun show de danza urbana con prendas ajustadas o un m\u00fasico actuando sin remera en pleno verano mendocino correr\u00e1n el riesgo de ser sancionados seg\u00fan el criterio del inspector de turno?<\/p>\n\n\n\n<p id=\"p-1788463084110-64081\">Para la presidenta del&nbsp;<strong>Concejo Deliberante<\/strong>&nbsp;de&nbsp;<strong>Lavalle<\/strong>, por semidesnudez se entiende simplemente \u00abcomo el estado de estar casi o parcialmente desnudo\u00bb.<\/p>\n\n\n\n<p id=\"p-1788461940989-66090\">Y de este modo termin\u00f3 confirmando la vigencia de una norma donde la l\u00ednea entre el ordenamiento urbano, el control moral y la censura previa queda completamente desdibujada.<\/p>\n","protected":false},"excerpt":{"rendered":"<p>Lavalle aprob\u00f3 una norma que proh\u00edbe la \u00absemidesnudez provocativa\u00bb en eventos. Justifican que copiaron un texto de hace 15 a\u00f1os y que no saldr\u00e1n a sancionar. La discusi\u00f3n legislativa en\u00a0Lavalle\u00a0parece haber quedado atrapada en un t\u00fanel del tiempo. La reciente aprobaci\u00f3n y publicaci\u00f3n en el Bolet\u00edn Oficial de la Ordenanza N\u00ba 1303\/2026 que regula la<a class=\"read-more\" href=\"https:\/\/elfederalmendoza.com.ar\/index.php\/2026\/09\/04\/un-municipio-de-mendoza-aprobo-una-norma-que-prohibe-la-semidesnudez-provocativa-en-eventos\/\"> [&hellip;]<\/a><\/p>\n","protected":false},"author":2,"featured_media":36950,"comment_status":"closed","ping_status":"closed","sticky":false,"template":"","format":"standard","meta":{"wpmdr_menu":1,"wpmdr_menu_extended":{"individualPostRemove":1,"individualPostRemoveDate":1,"individualPostRemoveAuthor":1,"individualPostYoastRemovePublished":1,"individualPostYoastRemoveModified":1},"footnotes":""},"categories":[1],"tags":[],"class_list":["post-36949","post","type-post","status-publish","format-standard","has-post-thumbnail","hentry","category-mza"],"rttpg_featured_image_url":{"full":["https:\/\/elfederalmendoza.com.ar\/wp-content\/uploads\/2026\/09\/evento5.jpg",993,558,false],"landscape":["https:\/\/elfederalmendoza.com.ar\/wp-content\/uploads\/2026\/09\/evento5.jpg",993,558,false],"portraits":["https:\/\/elfederalmendoza.com.ar\/wp-content\/uploads\/2026\/09\/evento5.jpg",993,558,false],"thumbnail":["https:\/\/elfederalmendoza.com.ar\/wp-content\/uploads\/2026\/09\/evento5-150x150.jpg",150,150,true],"medium":["https:\/\/elfederalmendoza.com.ar\/wp-content\/uploads\/2026\/09\/evento5-300x169.jpg",300,169,true],"large":["https:\/\/elfederalmendoza.com.ar\/wp-content\/uploads\/2026\/09\/evento5.jpg",640,360,false],"1536x1536":["https:\/\/elfederalmendoza.com.ar\/wp-content\/uploads\/2026\/09\/evento5.jpg",993,558,false],"2048x2048":["https:\/\/elfederalmendoza.com.ar\/wp-content\/uploads\/2026\/09\/evento5.jpg",993,558,false],"ultp_layout_landscape_large":["https:\/\/elfederalmendoza.com.ar\/wp-content\/uploads\/2026\/09\/evento5.jpg",993,558,false],"ultp_layout_landscape":["https:\/\/elfederalmendoza.com.ar\/wp-content\/uploads\/2026\/09\/evento5-870x558.jpg",870,558,true],"ultp_layout_portrait":["https:\/\/elfederalmendoza.com.ar\/wp-content\/uploads\/2026\/09\/evento5-600x558.jpg",600,558,true],"ultp_layout_square":["https:\/\/elfederalmendoza.com.ar\/wp-content\/uploads\/2026\/09\/evento5-600x558.jpg",600,558,true],"rpwe-thumbnail":["https:\/\/elfederalmendoza.com.ar\/wp-content\/uploads\/2026\/09\/evento5-45x45.jpg",45,45,true],"advps-thumb-one":["https:\/\/elfederalmendoza.com.ar\/wp-content\/uploads\/2026\/09\/evento5-993x420.jpg",993,420,true]},"rttpg_author":{"display_name":"Redacci\u00f3n El Federal","author_link":"https:\/\/elfederalmendoza.com.ar\/index.php\/author\/angelflores\/"},"rttpg_comment":0,"rttpg_category":"<a href=\"https:\/\/elfederalmendoza.com.ar\/index.php\/category\/mza\/\" rel=\"category tag\">Mendoza<\/a>","rttpg_excerpt":"Lavalle aprob\u00f3 una norma que proh\u00edbe la \u00absemidesnudez provocativa\u00bb en eventos. Justifican que copiaron un texto de hace 15 a\u00f1os y que no saldr\u00e1n a sancionar. La discusi\u00f3n legislativa en\u00a0Lavalle\u00a0parece haber quedado atrapada en un t\u00fanel del tiempo. La reciente aprobaci\u00f3n y publicaci\u00f3n en el Bolet\u00edn Oficial de la Ordenanza N\u00ba 1303\/2026 que regula la&hellip;","_links":{"self":[{"href":"https:\/\/elfederalmendoza.com.ar\/index.php\/wp-json\/wp\/v2\/posts\/36949","targetHints":{"allow":["GET"]}}],"collection":[{"href":"https:\/\/elfederalmendoza.com.ar\/index.php\/wp-json\/wp\/v2\/posts"}],"about":[{"href":"https:\/\/elfederalmendoza.com.ar\/index.php\/wp-json\/wp\/v2\/types\/post"}],"author":[{"embeddable":true,"href":"https:\/\/elfederalmendoza.com.ar\/index.php\/wp-json\/wp\/v2\/users\/2"}],"replies":[{"embeddable":true,"href":"https:\/\/elfederalmendoza.com.ar\/index.php\/wp-json\/wp\/v2\/comments?post=36949"}],"version-history":[{"count":1,"href":"https:\/\/elfederalmendoza.com.ar\/index.php\/wp-json\/wp\/v2\/posts\/36949\/revisions"}],"predecessor-version":[{"id":36951,"href":"https:\/\/elfederalmendoza.com.ar\/index.php\/wp-json\/wp\/v2\/posts\/36949\/revisions\/36951"}],"wp:featuredmedia":[{"embeddable":true,"href":"https:\/\/elfederalmendoza.com.ar\/index.php\/wp-json\/wp\/v2\/media\/36950"}],"wp:attachment":[{"href":"https:\/\/elfederalmendoza.com.ar\/index.php\/wp-json\/wp\/v2\/media?parent=36949"}],"wp:term":[{"taxonomy":"category","embeddable":true,"href":"https:\/\/elfederalmendoza.com.ar\/index.php\/wp-json\/wp\/v2\/categories?post=36949"},{"taxonomy":"post_tag","embeddable":true,"href":"https:\/\/elfederalmendoza.com.ar\/index.php\/wp-json\/wp\/v2\/tags?post=36949"}],"curies":[{"name":"wp","href":"https:\/\/api.w.org\/{rel}","templated":true}]}}