{"id":4166,"date":"2021-06-09T10:58:25","date_gmt":"2021-06-09T13:58:25","guid":{"rendered":"https:\/\/elfederalmendoza.com\/?p=4166"},"modified":"2021-06-09T10:58:26","modified_gmt":"2021-06-09T13:58:26","slug":"sorprendente-mas-de-5-000-docentes-mendocinos-eligieron-no-vacunarse-contra-el-covid-19","status":"publish","type":"post","link":"https:\/\/elfederalmendoza.com.ar\/index.php\/2021\/06\/09\/sorprendente-mas-de-5-000-docentes-mendocinos-eligieron-no-vacunarse-contra-el-covid-19\/","title":{"rendered":"Sorprendente: m\u00e1s de 5.000 docentes mendocinos eligieron no vacunarse contra el Covid-19"},"content":{"rendered":"\n<p>En Mendoza&nbsp;son m\u00e1s de 5.000 los docentes y no docentes que trabajan en el \u00e1mbito educativo que expresaron su rechazo a la vacunaci\u00f3n contra el Covid-19.&nbsp;El n\u00famero es llamativo porque representa casi el 10% de todo el personal que trabaja en las escuelas, en los distintos niveles.<\/p>\n\n\n\n<p>En concreto, son 5.166 los trabajadores de la educaci\u00f3n de Mendoza que firmaron su Declaraci\u00f3n Jurada en la que manifestaron expresamente la intenci\u00f3n de no recibir la inmunizaci\u00f3n contra el SarsCov2 que tiene a maltraer a todo el mundo.<\/p>\n\n\n\n<p>Seg\u00fan indicaron desde la Direcci\u00f3n General de Escuelas, desde que comenz\u00f3 el operativo de vacunaci\u00f3n a la fecha, esta es la cantidad de personas que figuran registradas en el sistema GEM que rechazan la inoculaci\u00f3n. El dato llam\u00f3 la atenci\u00f3n tanto de las autoridades educativas como sanitarias por lo que se reforz\u00f3 la campa\u00f1a de concientizaci\u00f3n respecto a la importancia de la vacunaci\u00f3n, entendiendo que es -hasta el momento- la \u00fanica forma de dar batalla a la pandemia.<\/p>\n\n\n\n<p>Seg\u00fan explic\u00f3 a\u00a0medios locales,\u00a0<strong>Patricio Cabral, jefe de Gabinete de la DGE<\/strong>, las personas que expresaron este rechazo \u00abquedan en condiciones de igualdad con los vacunados\u00bb, es decir que si por alg\u00fan motivo hoy no est\u00e1n dando clases presenciales en los colegios, cuando se los convoque para que lo hagan, deber\u00e1n asistir. De todas maneras, aclar\u00f3 Cabral, \u00abes posible que muchos de ellos hayan cambiado de opini\u00f3n en el transcurso del tiempo y finalmente se hayan vacunado\u00bb.\u00a0<\/p>\n\n\n\n<p>Cabe aclarar que el personal docente y no docente que trabaja en los colegios fue incluido en el esquema de personal estrat\u00e9gico, por lo que tuvieron prioridad a la hora de recibir las vacunas respecto a otros grupos de trabajadores. \u00abSi una persona rechaz\u00f3 la vacuna y est\u00e1 en el grupo de riesgo, est\u00e1 en igualdad de condiciones que los vacunados a la hora de presentarse a trabajar\u00bb, aclar\u00f3.&nbsp;<\/p>\n\n\n\n<p>Si bien la vacunaci\u00f3n no es obligatoria, representa la estrategia sanitaria encarada por todos los gobiernos para dar batalla al Covid. Por eso, en sucesivas oportunidades el propio gobernador Rodolfo Suarez inst\u00f3 a todos aquellos incluidos en el esquema vacunatorio que se inscriban para recibir su dosis. De hecho,\u00a0son m\u00e1s de 35.000 mendocinos mayores de 55 a\u00f1os que no lo han hecho por lo que los municipios montaron diversos operativos para salir a buscarlos.<\/p>\n\n\n\n<p>En cuanto a las causas, Cabral explic\u00f3 que si bien no se conoce al detalle, la gran mayor\u00eda la rechaz\u00f3 por propia voluntad y \u00abun grupo muy peque\u00f1o lo hizo por alguna contraindicaci\u00f3n m\u00e9dica\u00bb.&nbsp;<\/p>\n\n\n\n<p>Por el contrario, a la fecha son m\u00e1s de 35.000 los docentes que ya fueron inoculados. \u00abSi bien se trata de personal estrat\u00e9gico, muchos recibieron las vacunas por pertenecer a los grupos de riesgo que fueron incluidos en el esquema vacunatorio. Estamos esperando el cruzamiento de datos para determinar cu\u00e1ntos son los que recibieron su vacunaci\u00f3n en estos grupos\u00bb, destac\u00f3 Cabral.&nbsp;<\/p>\n\n\n\n<figure class=\"wp-block-image is-resized\"><img loading=\"lazy\" decoding=\"async\" src=\"https:\/\/www.sitioandino.com.ar\/files\/image\/475\/475623\/60b515a0c51c4_836_551!.jpg?s=97fe980271ceb2fba6cc5044707db12d&amp;d=1623109594\" alt=\"\" width=\"1033\" height=\"681\"\/><\/figure>\n\n\n\n<p>Pero hay un dato que lo anticipa: del grupo de docentes convocados para vacunarse, de m\u00e1s de 40 a\u00f1os, la asistencia fue del 60%, con lo cual se estima que el 30% recibi\u00f3 su dosis por estar incluido en alguno de los otros grupos. Mientras que un 10% falt\u00f3 con aviso por haber atravesado diversas circunstancias, tales como alguna enfermedad, cursar un cuadro de Covid o haber sido contacto estrecho de un paciente cuyo hisopado fue positivo. Mientras que en el grupo de 30 a 40 a\u00f1os \u00abla asistencia fue casi perfecta\u00bb, aclar\u00f3 el jefe de Gabinete de la DGE.<\/p>\n\n\n\n<p>En tanto, seg\u00fan los datos son cerca de 15.000 los docentes y no que ya cuentan con el esquema vacunatorio completo, es decir las dos dosis. Si bien desde la DGE aseguran que todas esas personas deber\u00edan estar trabajando en las escuelas, admiten que es probable que muchas no lo hagan por estar incluidas en los grupos de riesgo. \u00abDeber\u00edan estar en el aula pero no es una exigencia porque no hay una normativa que los obligue\u00bb, destac\u00f3.<\/p>\n\n\n\n<p>En cuanto a esto, las disposiciones de la DGE han estado en sinton\u00eda con las de la Naci\u00f3n, por lo que admiten que \u00abcon la llegada de la temporada invernal va a ser dif\u00edcil que se convoque especialmente a quienes integran los grupos de riesgo porque las condiciones de circulaci\u00f3n del virus son m\u00e1s altas\u00bb.&nbsp;<\/p>\n","protected":false},"excerpt":{"rendered":"<p>En Mendoza&nbsp;son m\u00e1s de 5.000 los docentes y no docentes que trabajan en el \u00e1mbito educativo que expresaron su rechazo a la vacunaci\u00f3n contra el Covid-19.&nbsp;El n\u00famero es llamativo porque representa casi el 10% de todo el personal que trabaja en las escuelas, en los distintos niveles. En concreto, son 5.166 los trabajadores de la<a class=\"read-more\" href=\"https:\/\/elfederalmendoza.com.ar\/index.php\/2021\/06\/09\/sorprendente-mas-de-5-000-docentes-mendocinos-eligieron-no-vacunarse-contra-el-covid-19\/\"> [&hellip;]<\/a><\/p>\n","protected":false},"author":2,"featured_media":4167,"comment_status":"open","ping_status":"open","sticky":false,"template":"","format":"standard","meta":{"footnotes":""},"categories":[1],"tags":[],"class_list":["post-4166","post","type-post","status-publish","format-standard","has-post-thumbnail","hentry","category-mza"],"rttpg_featured_image_url":{"full":["https:\/\/elfederalmendoza.com.ar\/wp-content\/uploads\/2021\/06\/foto-telam-872843-143236.jpg",1004,565,false],"landscape":["https:\/\/elfederalmendoza.com.ar\/wp-content\/uploads\/2021\/06\/foto-telam-872843-143236.jpg",1004,565,false],"portraits":["https:\/\/elfederalmendoza.com.ar\/wp-content\/uploads\/2021\/06\/foto-telam-872843-143236.jpg",1004,565,false],"thumbnail":["https:\/\/elfederalmendoza.com.ar\/wp-content\/uploads\/2021\/06\/foto-telam-872843-143236-150x150.jpg",150,150,true],"medium":["https:\/\/elfederalmendoza.com.ar\/wp-content\/uploads\/2021\/06\/foto-telam-872843-143236-300x169.jpg",300,169,true],"large":["https:\/\/elfederalmendoza.com.ar\/wp-content\/uploads\/2021\/06\/foto-telam-872843-143236.jpg",640,360,false],"1536x1536":["https:\/\/elfederalmendoza.com.ar\/wp-content\/uploads\/2021\/06\/foto-telam-872843-143236.jpg",1004,565,false],"2048x2048":["https:\/\/elfederalmendoza.com.ar\/wp-content\/uploads\/2021\/06\/foto-telam-872843-143236.jpg",1004,565,false],"ultp_layout_landscape_large":["https:\/\/elfederalmendoza.com.ar\/wp-content\/uploads\/2021\/06\/foto-telam-872843-143236.jpg",1004,565,false],"ultp_layout_landscape":["https:\/\/elfederalmendoza.com.ar\/wp-content\/uploads\/2021\/06\/foto-telam-872843-143236-870x565.jpg",870,565,true],"ultp_layout_portrait":["https:\/\/elfederalmendoza.com.ar\/wp-content\/uploads\/2021\/06\/foto-telam-872843-143236-600x565.jpg",600,565,true],"ultp_layout_square":["https:\/\/elfederalmendoza.com.ar\/wp-content\/uploads\/2021\/06\/foto-telam-872843-143236-600x565.jpg",600,565,true],"rpwe-thumbnail":["https:\/\/elfederalmendoza.com.ar\/wp-content\/uploads\/2021\/06\/foto-telam-872843-143236-45x45.jpg",45,45,true],"advps-thumb-one":["https:\/\/elfederalmendoza.com.ar\/wp-content\/uploads\/2021\/06\/foto-telam-872843-143236-1004x420.jpg",1004,420,true]},"rttpg_author":{"display_name":"Redacci\u00f3n El Federal","author_link":"https:\/\/elfederalmendoza.com.ar\/index.php\/author\/angelflores\/"},"rttpg_comment":0,"rttpg_category":"<a href=\"https:\/\/elfederalmendoza.com.ar\/index.php\/category\/mza\/\" rel=\"category tag\">Mendoza<\/a>","rttpg_excerpt":"En Mendoza&nbsp;son m\u00e1s de 5.000 los docentes y no docentes que trabajan en el \u00e1mbito educativo que expresaron su rechazo a la vacunaci\u00f3n contra el Covid-19.&nbsp;El n\u00famero es llamativo porque representa casi el 10% de todo el personal que trabaja en las escuelas, en los distintos niveles. En concreto, son 5.166 los trabajadores de la&hellip;","_links":{"self":[{"href":"https:\/\/elfederalmendoza.com.ar\/index.php\/wp-json\/wp\/v2\/posts\/4166","targetHints":{"allow":["GET"]}}],"collection":[{"href":"https:\/\/elfederalmendoza.com.ar\/index.php\/wp-json\/wp\/v2\/posts"}],"about":[{"href":"https:\/\/elfederalmendoza.com.ar\/index.php\/wp-json\/wp\/v2\/types\/post"}],"author":[{"embeddable":true,"href":"https:\/\/elfederalmendoza.com.ar\/index.php\/wp-json\/wp\/v2\/users\/2"}],"replies":[{"embeddable":true,"href":"https:\/\/elfederalmendoza.com.ar\/index.php\/wp-json\/wp\/v2\/comments?post=4166"}],"version-history":[{"count":1,"href":"https:\/\/elfederalmendoza.com.ar\/index.php\/wp-json\/wp\/v2\/posts\/4166\/revisions"}],"predecessor-version":[{"id":4168,"href":"https:\/\/elfederalmendoza.com.ar\/index.php\/wp-json\/wp\/v2\/posts\/4166\/revisions\/4168"}],"wp:featuredmedia":[{"embeddable":true,"href":"https:\/\/elfederalmendoza.com.ar\/index.php\/wp-json\/wp\/v2\/media\/4167"}],"wp:attachment":[{"href":"https:\/\/elfederalmendoza.com.ar\/index.php\/wp-json\/wp\/v2\/media?parent=4166"}],"wp:term":[{"taxonomy":"category","embeddable":true,"href":"https:\/\/elfederalmendoza.com.ar\/index.php\/wp-json\/wp\/v2\/categories?post=4166"},{"taxonomy":"post_tag","embeddable":true,"href":"https:\/\/elfederalmendoza.com.ar\/index.php\/wp-json\/wp\/v2\/tags?post=4166"}],"curies":[{"name":"wp","href":"https:\/\/api.w.org\/{rel}","templated":true}]}}