{"id":4169,"date":"2021-06-09T11:50:02","date_gmt":"2021-06-09T14:50:02","guid":{"rendered":"https:\/\/elfederalmendoza.com\/?p=4169"},"modified":"2021-06-09T11:50:03","modified_gmt":"2021-06-09T14:50:03","slug":"hermetismo-sobre-la-internacion-de-florencia-kirchner-por-estar-con-coronavirus","status":"publish","type":"post","link":"https:\/\/elfederalmendoza.com.ar\/index.php\/2021\/06\/09\/hermetismo-sobre-la-internacion-de-florencia-kirchner-por-estar-con-coronavirus\/","title":{"rendered":"Hermetismo sobre la internaci\u00f3n de Florencia Kirchner por estar con coronavirus"},"content":{"rendered":"\n<p><strong>La cineasta Florencia Kirchner, hija de la vicepresidenta, Cristina Kirchner, se encontraba internada este mi\u00e9rcoles en un sanatorio porte\u00f1o tras haber contra\u00eddo coronavirus.<\/strong><\/p>\n\n\n\n<p>\u00abEst\u00e1 internada Florencia Kirchner con Covid. Ayer estuvo la vicepresidenta acompa\u00f1\u00e1ndola para internarla\u00bb, inform\u00f3 el periodista Eduardo Feinmann en su programa Alguien tiene que decirlo, que se emite por Radio Rivadavia.<\/p>\n\n\n\n<p>Seg\u00fan precis\u00f3 el reconocido comunicador, \u00abest\u00e1 en el Sanatorio Otamendi\u00bb, ubicado en el barrio porte\u00f1o de Recoleta.<\/p>\n\n\n\n<p>Ante la noticia, Feinmann envi\u00f3 su deseo de pronta recuperaci\u00f3n a la cineasta: \u00abOjal\u00e1 que se mejore, salga bien. Yo creo que s\u00ed, por la edad que tiene, es joven\u00bb.<\/p>\n\n\n\n<p>El estado de salud de Florencia Kirchner ya hab\u00eda sido noticia anteriormente, ya que pas\u00f3 m\u00e1s de un a\u00f1o en la ciudad cubana de La Habana por un tratamiento m\u00e9dico: hab\u00eda viajado en febrero de 2019 para participar de un seminario de guion de cine y, por problemas de salud, no pudo regresar a la Argentina.<\/p>\n\n\n\n<p>De acuerdo al diagn\u00f3stico que difundi\u00f3 la propia Cristina Kirchner en aquel momento, la joven estaba afectada por \u00abtrastorno de estr\u00e9s postraum\u00e1tico; s\u00edndrome purp\u00farico en estudio, polineuropat\u00eda sensitiva desmielinizantede etiolog\u00eda desconocida, amenorrea en estudio, bajo peso corporal y linfedema ligero de miembros inferiores de etiolog\u00eda no precisada\u00bb.<\/p>\n\n\n\n<p>Por ese motivo permaneci\u00f3 internada algunos meses en el Centro de Investigaciones M\u00e9dicas Quir\u00fargicas (CIMEQ) de Cuba, para recuperarse de una \u00abenfermedad ps\u00edquica\u00bb, seg\u00fan cont\u00f3 la propia cineasta en una de sus primeras publicaciones en su cuenta de Instagram.<\/p>\n\n\n\n<p>\u00abMientras nos exponen frivolidad hasta las costillas. Est\u00e1 bien mostrar tu pareja, tus hijxs, el cuerpo de gimnasio, la ropa, la plata, la fiesta, el trucho reviente, pero ante enfermedades ps\u00edquicas, y el dolor: que exista una nueva boca cerrada. No me da verg\u00fcenza, ni tampoco es desahogo. Es usar la palabra para otrxs, y tambi\u00e9n para m\u00ed\u00bb, remarc\u00f3 en aquella ocasi\u00f3n.<\/p>\n\n\n\n<p>Tras regresar al pa\u00eds en marzo de 2020, la joven afirm\u00f3 que el \u00abensa\u00f1amiento judicial\u00bb la \u00abenferm\u00f3\u00bb, en alusi\u00f3n a las causas por presunta asociaci\u00f3n il\u00edcita en las que est\u00e1 involucrada junto a su madre y su hermano, M\u00e1ximo Kirchner.<\/p>\n\n\n\n<p>En ese sentido, la cineasta asegur\u00f3 que \u00ablo que pas\u00f3 en los \u00faltimos cuatro a\u00f1os fue m\u00e1s all\u00e1 del ensa\u00f1amiento medi\u00e1tico\u00bb.<\/p>\n\n\n\n<p>\u00abEmpez\u00f3 a haber ensa\u00f1amiento judicial, mandaban polic\u00edas a mi casa, parec\u00eda que todas las semanas iba a pasar algo, ten\u00eda tres jueces que hac\u00edan conmigo lo que quer\u00edan: eso fue lo que me enferm\u00f3 a m\u00ed\u00bb, lanz\u00f3 durante una entrevista radial.<\/p>\n","protected":false},"excerpt":{"rendered":"<p>La cineasta Florencia Kirchner, hija de la vicepresidenta, Cristina Kirchner, se encontraba internada este mi\u00e9rcoles en un sanatorio porte\u00f1o tras haber contra\u00eddo coronavirus. \u00abEst\u00e1 internada Florencia Kirchner con Covid. Ayer estuvo la vicepresidenta acompa\u00f1\u00e1ndola para internarla\u00bb, inform\u00f3 el periodista Eduardo Feinmann en su programa Alguien tiene que decirlo, que se emite por Radio Rivadavia. Seg\u00fan<a class=\"read-more\" href=\"https:\/\/elfederalmendoza.com.ar\/index.php\/2021\/06\/09\/hermetismo-sobre-la-internacion-de-florencia-kirchner-por-estar-con-coronavirus\/\"> [&hellip;]<\/a><\/p>\n","protected":false},"author":2,"featured_media":4170,"comment_status":"open","ping_status":"open","sticky":false,"template":"","format":"standard","meta":{"footnotes":""},"categories":[1],"tags":[],"class_list":["post-4169","post","type-post","status-publish","format-standard","has-post-thumbnail","hentry","category-mza"],"rttpg_featured_image_url":{"full":["https:\/\/elfederalmendoza.com.ar\/wp-content\/uploads\/2021\/06\/florencia.jpg",883,554,false],"landscape":["https:\/\/elfederalmendoza.com.ar\/wp-content\/uploads\/2021\/06\/florencia.jpg",883,554,false],"portraits":["https:\/\/elfederalmendoza.com.ar\/wp-content\/uploads\/2021\/06\/florencia.jpg",883,554,false],"thumbnail":["https:\/\/elfederalmendoza.com.ar\/wp-content\/uploads\/2021\/06\/florencia-150x150.jpg",150,150,true],"medium":["https:\/\/elfederalmendoza.com.ar\/wp-content\/uploads\/2021\/06\/florencia-300x188.jpg",300,188,true],"large":["https:\/\/elfederalmendoza.com.ar\/wp-content\/uploads\/2021\/06\/florencia.jpg",640,402,false],"1536x1536":["https:\/\/elfederalmendoza.com.ar\/wp-content\/uploads\/2021\/06\/florencia.jpg",883,554,false],"2048x2048":["https:\/\/elfederalmendoza.com.ar\/wp-content\/uploads\/2021\/06\/florencia.jpg",883,554,false],"ultp_layout_landscape_large":["https:\/\/elfederalmendoza.com.ar\/wp-content\/uploads\/2021\/06\/florencia.jpg",883,554,false],"ultp_layout_landscape":["https:\/\/elfederalmendoza.com.ar\/wp-content\/uploads\/2021\/06\/florencia-870x554.jpg",870,554,true],"ultp_layout_portrait":["https:\/\/elfederalmendoza.com.ar\/wp-content\/uploads\/2021\/06\/florencia-600x554.jpg",600,554,true],"ultp_layout_square":["https:\/\/elfederalmendoza.com.ar\/wp-content\/uploads\/2021\/06\/florencia-600x554.jpg",600,554,true],"rpwe-thumbnail":["https:\/\/elfederalmendoza.com.ar\/wp-content\/uploads\/2021\/06\/florencia-45x45.jpg",45,45,true],"advps-thumb-one":["https:\/\/elfederalmendoza.com.ar\/wp-content\/uploads\/2021\/06\/florencia-883x420.jpg",883,420,true]},"rttpg_author":{"display_name":"Redacci\u00f3n El Federal","author_link":"https:\/\/elfederalmendoza.com.ar\/index.php\/author\/angelflores\/"},"rttpg_comment":0,"rttpg_category":"<a href=\"https:\/\/elfederalmendoza.com.ar\/index.php\/category\/mza\/\" rel=\"category tag\">Mendoza<\/a>","rttpg_excerpt":"La cineasta Florencia Kirchner, hija de la vicepresidenta, Cristina Kirchner, se encontraba internada este mi\u00e9rcoles en un sanatorio porte\u00f1o tras haber contra\u00eddo coronavirus. \u00abEst\u00e1 internada Florencia Kirchner con Covid. Ayer estuvo la vicepresidenta acompa\u00f1\u00e1ndola para internarla\u00bb, inform\u00f3 el periodista Eduardo Feinmann en su programa Alguien tiene que decirlo, que se emite por Radio Rivadavia. Seg\u00fan&hellip;","_links":{"self":[{"href":"https:\/\/elfederalmendoza.com.ar\/index.php\/wp-json\/wp\/v2\/posts\/4169","targetHints":{"allow":["GET"]}}],"collection":[{"href":"https:\/\/elfederalmendoza.com.ar\/index.php\/wp-json\/wp\/v2\/posts"}],"about":[{"href":"https:\/\/elfederalmendoza.com.ar\/index.php\/wp-json\/wp\/v2\/types\/post"}],"author":[{"embeddable":true,"href":"https:\/\/elfederalmendoza.com.ar\/index.php\/wp-json\/wp\/v2\/users\/2"}],"replies":[{"embeddable":true,"href":"https:\/\/elfederalmendoza.com.ar\/index.php\/wp-json\/wp\/v2\/comments?post=4169"}],"version-history":[{"count":1,"href":"https:\/\/elfederalmendoza.com.ar\/index.php\/wp-json\/wp\/v2\/posts\/4169\/revisions"}],"predecessor-version":[{"id":4171,"href":"https:\/\/elfederalmendoza.com.ar\/index.php\/wp-json\/wp\/v2\/posts\/4169\/revisions\/4171"}],"wp:featuredmedia":[{"embeddable":true,"href":"https:\/\/elfederalmendoza.com.ar\/index.php\/wp-json\/wp\/v2\/media\/4170"}],"wp:attachment":[{"href":"https:\/\/elfederalmendoza.com.ar\/index.php\/wp-json\/wp\/v2\/media?parent=4169"}],"wp:term":[{"taxonomy":"category","embeddable":true,"href":"https:\/\/elfederalmendoza.com.ar\/index.php\/wp-json\/wp\/v2\/categories?post=4169"},{"taxonomy":"post_tag","embeddable":true,"href":"https:\/\/elfederalmendoza.com.ar\/index.php\/wp-json\/wp\/v2\/tags?post=4169"}],"curies":[{"name":"wp","href":"https:\/\/api.w.org\/{rel}","templated":true}]}}