{"id":4194,"date":"2021-09-08T13:08:17","date_gmt":"2021-09-08T16:08:17","guid":{"rendered":"https:\/\/elfederalmendoza.com\/?p=4194"},"modified":"2021-09-08T13:32:47","modified_gmt":"2021-09-08T16:32:47","slug":"audio-era-funcionaria-en-una-municipalidad-de-la-rioja-se-saco-una-foto-con-milei-y-la-despidieron","status":"publish","type":"post","link":"https:\/\/elfederalmendoza.com.ar\/index.php\/2021\/09\/08\/audio-era-funcionaria-en-una-municipalidad-de-la-rioja-se-saco-una-foto-con-milei-y-la-despidieron\/","title":{"rendered":"-AUDIO- Era funcionaria en una municipalidad de La Rioja, se sac\u00f3 una foto con Milei y la despidieron"},"content":{"rendered":"\n<p>Se trata de<strong> Silvana Barrios<\/strong>, ex concejal del departamento Castro Barros en la provincia de La Rioja. La ins\u00f3lita situaci\u00f3n fue contada por Silvana a <strong>EL FEDERAL<\/strong>, \u00abEs un gobierno mis\u00f3gino el del intendente\u00bb, reclam\u00f3.<\/p>\n\n\n\n<p>La semana pasada en las redes sociales se viraliz\u00f3 por un periodista de la localidad de Anillaco, indicando que la ex concejal, y directora de Empleo Municipal, \u00abtrabajaba y militaba para los libertarios\u00bb, con una foto junto al principal candidato por CABA,<strong> Javier Milei<\/strong>.<\/p>\n\n\n\n<p>El d\u00eda viernes lleg\u00f3 a su domicilio una notificaci\u00f3n comunicando el cese de sus funciones en la municipalidad riojana. \u00abNunca milit\u00e9, ni repart\u00ed votos por un candidato de CABA como dijo el intendente\u00bb, aclar\u00f3 la ex concejal. \u00abMi impotencia es porque mi trabajo nunca tuvo reclamos, y si uno no tiene el mismo pensamiento pol\u00edtico del intendente, no serv\u00eds\u00bb, indic\u00f3.<\/p>\n\n\n\n<p>\u00abNi el intendente (Marcelo del Moral), ni el secretario dieron la cara\u00bb. <\/p>\n\n\n\n<p>En las pr\u00f3ximas horas, Silvana Barrios presentar\u00e1 una denuncia en el INADI por \u00abdiscriminaci\u00f3n pol\u00edtica\u00bb.<\/p>\n\n\n\n<p><strong>AUDIO<\/strong><\/p>\n\n\n\n<figure class=\"wp-block-audio\"><audio controls src=\"https:\/\/elfederalmendoza.com\/wp-content\/uploads\/2021\/09\/WhatsApp-Ptt-2021-09-08-at-7.06.51-AM.ogg\"><\/audio><\/figure>\n\n\n\n<p><\/p>\n","protected":false},"excerpt":{"rendered":"<p>Se trata de Silvana Barrios, ex concejal del departamento Castro Barros en la provincia de La Rioja. La ins\u00f3lita situaci\u00f3n fue contada por Silvana a EL FEDERAL, \u00abEs un gobierno mis\u00f3gino el del intendente\u00bb, reclam\u00f3. La semana pasada en las redes sociales se viraliz\u00f3 por un periodista de la localidad de Anillaco, indicando que la<a class=\"read-more\" href=\"https:\/\/elfederalmendoza.com.ar\/index.php\/2021\/09\/08\/audio-era-funcionaria-en-una-municipalidad-de-la-rioja-se-saco-una-foto-con-milei-y-la-despidieron\/\"> [&hellip;]<\/a><\/p>\n","protected":false},"author":2,"featured_media":4195,"comment_status":"open","ping_status":"open","sticky":false,"template":"","format":"standard","meta":{"footnotes":""},"categories":[1],"tags":[],"class_list":["post-4194","post","type-post","status-publish","format-standard","has-post-thumbnail","hentry","category-mza"],"rttpg_featured_image_url":{"full":["https:\/\/elfederalmendoza.com.ar\/wp-content\/uploads\/2021\/09\/a39bb7f8-c05e-4c13-a662-e4e61b309138.jpg",1171,1280,false],"landscape":["https:\/\/elfederalmendoza.com.ar\/wp-content\/uploads\/2021\/09\/a39bb7f8-c05e-4c13-a662-e4e61b309138.jpg",1171,1280,false],"portraits":["https:\/\/elfederalmendoza.com.ar\/wp-content\/uploads\/2021\/09\/a39bb7f8-c05e-4c13-a662-e4e61b309138.jpg",1171,1280,false],"thumbnail":["https:\/\/elfederalmendoza.com.ar\/wp-content\/uploads\/2021\/09\/a39bb7f8-c05e-4c13-a662-e4e61b309138-150x150.jpg",150,150,true],"medium":["https:\/\/elfederalmendoza.com.ar\/wp-content\/uploads\/2021\/09\/a39bb7f8-c05e-4c13-a662-e4e61b309138-274x300.jpg",274,300,true],"large":["https:\/\/elfederalmendoza.com.ar\/wp-content\/uploads\/2021\/09\/a39bb7f8-c05e-4c13-a662-e4e61b309138-937x1024.jpg",640,699,true],"1536x1536":["https:\/\/elfederalmendoza.com.ar\/wp-content\/uploads\/2021\/09\/a39bb7f8-c05e-4c13-a662-e4e61b309138.jpg",1171,1280,false],"2048x2048":["https:\/\/elfederalmendoza.com.ar\/wp-content\/uploads\/2021\/09\/a39bb7f8-c05e-4c13-a662-e4e61b309138.jpg",1171,1280,false],"ultp_layout_landscape_large":["https:\/\/elfederalmendoza.com.ar\/wp-content\/uploads\/2021\/09\/a39bb7f8-c05e-4c13-a662-e4e61b309138-1171x800.jpg",1171,800,true],"ultp_layout_landscape":["https:\/\/elfederalmendoza.com.ar\/wp-content\/uploads\/2021\/09\/a39bb7f8-c05e-4c13-a662-e4e61b309138-870x570.jpg",870,570,true],"ultp_layout_portrait":["https:\/\/elfederalmendoza.com.ar\/wp-content\/uploads\/2021\/09\/a39bb7f8-c05e-4c13-a662-e4e61b309138-600x900.jpg",600,900,true],"ultp_layout_square":["https:\/\/elfederalmendoza.com.ar\/wp-content\/uploads\/2021\/09\/a39bb7f8-c05e-4c13-a662-e4e61b309138-600x600.jpg",600,600,true],"rpwe-thumbnail":["https:\/\/elfederalmendoza.com.ar\/wp-content\/uploads\/2021\/09\/a39bb7f8-c05e-4c13-a662-e4e61b309138-45x45.jpg",45,45,true],"advps-thumb-one":["https:\/\/elfederalmendoza.com.ar\/wp-content\/uploads\/2021\/09\/a39bb7f8-c05e-4c13-a662-e4e61b309138-1171x420.jpg",1171,420,true]},"rttpg_author":{"display_name":"Redacci\u00f3n El Federal","author_link":"https:\/\/elfederalmendoza.com.ar\/index.php\/author\/angelflores\/"},"rttpg_comment":0,"rttpg_category":"<a href=\"https:\/\/elfederalmendoza.com.ar\/index.php\/category\/mza\/\" rel=\"category tag\">Mendoza<\/a>","rttpg_excerpt":"Se trata de Silvana Barrios, ex concejal del departamento Castro Barros en la provincia de La Rioja. La ins\u00f3lita situaci\u00f3n fue contada por Silvana a EL FEDERAL, \u00abEs un gobierno mis\u00f3gino el del intendente\u00bb, reclam\u00f3. La semana pasada en las redes sociales se viraliz\u00f3 por un periodista de la localidad de Anillaco, indicando que la&hellip;","_links":{"self":[{"href":"https:\/\/elfederalmendoza.com.ar\/index.php\/wp-json\/wp\/v2\/posts\/4194","targetHints":{"allow":["GET"]}}],"collection":[{"href":"https:\/\/elfederalmendoza.com.ar\/index.php\/wp-json\/wp\/v2\/posts"}],"about":[{"href":"https:\/\/elfederalmendoza.com.ar\/index.php\/wp-json\/wp\/v2\/types\/post"}],"author":[{"embeddable":true,"href":"https:\/\/elfederalmendoza.com.ar\/index.php\/wp-json\/wp\/v2\/users\/2"}],"replies":[{"embeddable":true,"href":"https:\/\/elfederalmendoza.com.ar\/index.php\/wp-json\/wp\/v2\/comments?post=4194"}],"version-history":[{"count":3,"href":"https:\/\/elfederalmendoza.com.ar\/index.php\/wp-json\/wp\/v2\/posts\/4194\/revisions"}],"predecessor-version":[{"id":4200,"href":"https:\/\/elfederalmendoza.com.ar\/index.php\/wp-json\/wp\/v2\/posts\/4194\/revisions\/4200"}],"wp:featuredmedia":[{"embeddable":true,"href":"https:\/\/elfederalmendoza.com.ar\/index.php\/wp-json\/wp\/v2\/media\/4195"}],"wp:attachment":[{"href":"https:\/\/elfederalmendoza.com.ar\/index.php\/wp-json\/wp\/v2\/media?parent=4194"}],"wp:term":[{"taxonomy":"category","embeddable":true,"href":"https:\/\/elfederalmendoza.com.ar\/index.php\/wp-json\/wp\/v2\/categories?post=4194"},{"taxonomy":"post_tag","embeddable":true,"href":"https:\/\/elfederalmendoza.com.ar\/index.php\/wp-json\/wp\/v2\/tags?post=4194"}],"curies":[{"name":"wp","href":"https:\/\/api.w.org\/{rel}","templated":true}]}}