{"id":4211,"date":"2021-09-14T09:33:40","date_gmt":"2021-09-14T12:33:40","guid":{"rendered":"https:\/\/elfederalmendoza.com\/?p=4211"},"modified":"2021-09-14T09:35:06","modified_gmt":"2021-09-14T12:35:06","slug":"escandalo-denuncian-que-alumnos-de-la-universidad-de-la-rioja-cursaron-durante-un-ano-una-carrera-que-no-existe","status":"publish","type":"post","link":"https:\/\/elfederalmendoza.com.ar\/index.php\/2021\/09\/14\/escandalo-denuncian-que-alumnos-de-la-universidad-de-la-rioja-cursaron-durante-un-ano-una-carrera-que-no-existe\/","title":{"rendered":"ESC\u00c1NDALO: Denuncian que alumnos de la universidad de La Rioja cursaron durante un a\u00f1o una carrera que no existe"},"content":{"rendered":"\n<p>Un grupo de alumnos de la sede de Villa Uni\u00f3n de la Universidad Nacional de La Rioja (UNLaR) denunci\u00f3 que cursaron y rindieron ex\u00e1menes durante m\u00e1s de a\u00f1o para la segunda parte de la carrera de Licenciatura en Enfermer\u00eda, que no estaba autorizada para ser dictada en esa sede, por lo que literalmente desperdiciaron tiempo, esfuerzo y dinero. <\/p>\n\n\n\n<p>\u201cYa hicimos la denuncia y hoy la presento en el Juzgado Federal con 300 copias que demuestran la responsabilidad absoluta de los funcionarios. Est\u00e1 todo documentado, es ins\u00f3lito lo que ocurri\u00f3\u201d, cont\u00f3 a <strong>EL FEDERAL ONLINE<\/strong> el abogado<strong> Jos\u00e9 Luis Montaperto<\/strong>, que representa a seis de los alumnos afectados. <\/p>\n\n\n\n<figure class=\"wp-block-image size-large is-resized\"><img loading=\"lazy\" decoding=\"async\" src=\"https:\/\/elfederalmendoza.com\/wp-content\/uploads\/2021\/09\/montaperto.jpg\" alt=\"\" class=\"wp-image-4212\" width=\"845\" height=\"1231\" srcset=\"https:\/\/elfederalmendoza.com.ar\/wp-content\/uploads\/2021\/09\/montaperto.jpg 286w, https:\/\/elfederalmendoza.com.ar\/wp-content\/uploads\/2021\/09\/montaperto-206x300.jpg 206w\" sizes=\"auto, (max-width: 845px) 100vw, 845px\" \/><figcaption>Abogado<strong> Jos\u00e9 Luis Montaperto<\/strong><\/figcaption><\/figure>\n\n\n\n<p>La carrera de Enfermer\u00eda en la UNLaR tiene dos tramos. El primero est\u00e1 compuesto por tres a\u00f1os, luego del cual se puede acceder al t\u00edtulo intermedio de \u201cEnfermero universitario\u201d. Esa primera parte est\u00e1 autorizada por la Comisi\u00f3n Nacional de Evaluaci\u00f3n y Acreditaci\u00f3n Universitaria (CONEAU) para ser ditada en la sede de Villa Uni\u00f3n. Sin embargo, <strong>para acceder a la licenciatura los estudiantes deben completar los \u00faltimos dos a\u00f1os en la sede de la capital provincial o en Chamical. <\/strong><\/p>\n\n\n\n<p>Seg\u00fan la presentaci\u00f3n a la que accedi\u00f3 este medio y a los dichos de Montaperto, los denunciantes son todos alumnos que realizaron el primer tramo en Villa Uni\u00f3n y a quienes a principios de 2017, el decano de la sede,<strong> Silvio Santill\u00e1n<\/strong>, les inform\u00f3 que pod\u00edan completar la licenciatura all\u00ed, por lo que se inscribieron. <strong>En total, ser\u00edan 38 los alumnos los perjudicados. De acuerdo a la denuncia, los seis alumnos cursaron a lo largo de 2017 cinco materias y rindieron ex\u00e1menes parciales y finales hasta marzo de 2018. <\/strong><\/p>\n\n\n\n<p>Entre los documentos presentados para acreditarlo <strong>hay libretas universitarias, actas de ex\u00e1menes y planillas de asistencia de docentes, as\u00ed como tambi\u00e9n un informe de fin de a\u00f1o firmado por el decano sobre los resultados de la cursada<\/strong>. <\/p>\n\n\n\n<figure class=\"wp-block-image size-large is-resized\"><img loading=\"lazy\" decoding=\"async\" src=\"https:\/\/elfederalmendoza.com\/wp-content\/uploads\/2021\/09\/acta1.jpg\" alt=\"\" class=\"wp-image-4213\" width=\"1024\" height=\"636\" srcset=\"https:\/\/elfederalmendoza.com.ar\/wp-content\/uploads\/2021\/09\/acta1.jpg 766w, https:\/\/elfederalmendoza.com.ar\/wp-content\/uploads\/2021\/09\/acta1-300x186.jpg 300w\" sizes=\"auto, (max-width: 1024px) 100vw, 1024px\" \/><figcaption>Una de las 300 pruebas presentadas en la denuncia<\/figcaption><\/figure>\n\n\n\n<p>El abogado Montaperto advirti\u00f3 en su presentaci\u00f3n que los alumnos llegaron a inscribirse para cursar en 2018 el quinto a\u00f1o, pero que de forma repentina <strong>\u201cse les dio de la baja autom\u00e1tica a sus matr\u00edculas universitarias de la carrera en la sede de Villa Uni\u00f3n, sin preguntarles ni informales nada, y se presentaron sus legajos en la Oficina de Alumnos de la sede de capital, solicit\u00e1ndose el cambio de unidad acad\u00e9mica a la misma, y fue reci\u00e9n all\u00ed, donde mis poderdantes tomaron conocimiento, de que hab\u00eda un problema con la carrera\u201d<\/strong>. <\/p>\n\n\n\n<p>Sin embargo, el escrito aportado a <strong>EL FEDERAL ONLINE<\/strong> detalla que ya en noviembre de 2017 se hab\u00eda realizado una reuni\u00f3n de la que participaron varias autoridades de la UNLaR, en la que se inform\u00f3 que \u201cel proceso de acreditaci\u00f3n de la Carrera de Licenciatura en enfermer\u00eda se encuentra informada ante la CONEAU y que solo las sedes capital y Chamical forman parte del mencionado proceso\u201d. <strong>\u201cDe forma concreta y acreditada, ya en dicha \u00e9poca sab\u00edan esta circunstancia otros funcionarios p\u00fablicos de la universidad (no tan s\u00f3lo los de la sede de Villa Uni\u00f3n, sino los de la UNLaR), y a pesar de ello, no se hizo nada, manteniendo el enga\u00f1o\u201d<\/strong>, destac\u00f3 Montaperto en el escrito. <\/p>\n\n\n\n<p>El abogado asegur\u00f3 que ante ese escenario, el 11 de abril de 2018 hubo una reuni\u00f3n entre el rector de la UNLAR,<strong> Fabi\u00e1n Calder\u00f3n<\/strong>, la decana de Ciencias de Salud, <strong>Silvina Shap<\/strong>, y alumnos afectados, con el objetivo de tratar el tema. <strong>All\u00ed se les inform\u00f3 a los estudiantes que podr\u00edan cursar el quinto a\u00f1o en la capital, es decir, a m\u00e1s de 270 kil\u00f3metros de donde se hab\u00edan inscripto<\/strong>, pero finalmente esto no sucedi\u00f3 y no se les permiti\u00f3 continuar en la sede central. Hab\u00edan sido enga\u00f1ados. La presentaci\u00f3n apunta contra seis funcionarios, pero tambi\u00e9n pide que se investigue la posible responsabilidad del rector Calder\u00f3n y el vicerrector<strong> Jos\u00e9 Gaspanello \u201cporque deber\u00edan haber estado al tanto de lo sucedido\u201d.<\/strong> <\/p>\n\n\n\n<p>Las otras autoridades mencionadas expresamente en la denuncia son el decano, el secretario acad\u00e9mico y el secretario estudiantil de la sede de Villa Uni\u00f3n, Silvio Santill\u00e1n,<strong> Jos\u00e9 Nicol\u00e1s Mu\u00f1oz y Jos\u00e9 Luis Brizuela<\/strong>, respectivamente; la decana del Departamento de Ciencias de la Salud, Silvina Shap, el director de Inform\u00e1tica y Sistemas Acad\u00e9micos,<strong> Daniel de la Vega<\/strong>, y el Secretario Acad\u00e9mico,<strong> Marcelo Mart\u00ednez,<\/strong> recientemente acusado por desv\u00edo de fondos de la UNLAR.<\/p>\n\n\n\n<p>En concreto, Montaperto pidi\u00f3 que sean investigados por los delitos de <strong>\u201cincumplimiento de los deberes de funcionario p\u00fablico, de abuso gen\u00e9rico de autoridad, omisi\u00f3n de deberes del oficio; falsificaci\u00f3n de instrumento p\u00fablico, incumplimiento de su obligaci\u00f3n de denunciar il\u00edcito de instancia publica y encubrimiento\u201d.<\/strong><\/p>\n","protected":false},"excerpt":{"rendered":"<p>Un grupo de alumnos de la sede de Villa Uni\u00f3n de la Universidad Nacional de La Rioja (UNLaR) denunci\u00f3 que cursaron y rindieron ex\u00e1menes durante m\u00e1s de a\u00f1o para la segunda parte de la carrera de Licenciatura en Enfermer\u00eda, que no estaba autorizada para ser dictada en esa sede, por lo que literalmente desperdiciaron tiempo,<a class=\"read-more\" href=\"https:\/\/elfederalmendoza.com.ar\/index.php\/2021\/09\/14\/escandalo-denuncian-que-alumnos-de-la-universidad-de-la-rioja-cursaron-durante-un-ano-una-carrera-que-no-existe\/\"> [&hellip;]<\/a><\/p>\n","protected":false},"author":2,"featured_media":4216,"comment_status":"open","ping_status":"open","sticky":false,"template":"","format":"standard","meta":{"footnotes":""},"categories":[1],"tags":[],"class_list":["post-4211","post","type-post","status-publish","format-standard","has-post-thumbnail","hentry","category-mza"],"rttpg_featured_image_url":{"full":["https:\/\/elfederalmendoza.com.ar\/wp-content\/uploads\/2021\/09\/villa-union1.jpg",1111,607,false],"landscape":["https:\/\/elfederalmendoza.com.ar\/wp-content\/uploads\/2021\/09\/villa-union1.jpg",1111,607,false],"portraits":["https:\/\/elfederalmendoza.com.ar\/wp-content\/uploads\/2021\/09\/villa-union1.jpg",1111,607,false],"thumbnail":["https:\/\/elfederalmendoza.com.ar\/wp-content\/uploads\/2021\/09\/villa-union1-150x150.jpg",150,150,true],"medium":["https:\/\/elfederalmendoza.com.ar\/wp-content\/uploads\/2021\/09\/villa-union1-300x164.jpg",300,164,true],"large":["https:\/\/elfederalmendoza.com.ar\/wp-content\/uploads\/2021\/09\/villa-union1-1024x559.jpg",640,349,true],"1536x1536":["https:\/\/elfederalmendoza.com.ar\/wp-content\/uploads\/2021\/09\/villa-union1.jpg",1111,607,false],"2048x2048":["https:\/\/elfederalmendoza.com.ar\/wp-content\/uploads\/2021\/09\/villa-union1.jpg",1111,607,false],"ultp_layout_landscape_large":["https:\/\/elfederalmendoza.com.ar\/wp-content\/uploads\/2021\/09\/villa-union1.jpg",1111,607,false],"ultp_layout_landscape":["https:\/\/elfederalmendoza.com.ar\/wp-content\/uploads\/2021\/09\/villa-union1-870x570.jpg",870,570,true],"ultp_layout_portrait":["https:\/\/elfederalmendoza.com.ar\/wp-content\/uploads\/2021\/09\/villa-union1-600x607.jpg",600,607,true],"ultp_layout_square":["https:\/\/elfederalmendoza.com.ar\/wp-content\/uploads\/2021\/09\/villa-union1-600x600.jpg",600,600,true],"rpwe-thumbnail":["https:\/\/elfederalmendoza.com.ar\/wp-content\/uploads\/2021\/09\/villa-union1-45x45.jpg",45,45,true],"advps-thumb-one":["https:\/\/elfederalmendoza.com.ar\/wp-content\/uploads\/2021\/09\/villa-union1-1111x420.jpg",1111,420,true]},"rttpg_author":{"display_name":"Redacci\u00f3n El Federal","author_link":"https:\/\/elfederalmendoza.com.ar\/index.php\/author\/angelflores\/"},"rttpg_comment":0,"rttpg_category":"<a href=\"https:\/\/elfederalmendoza.com.ar\/index.php\/category\/mza\/\" rel=\"category tag\">Mendoza<\/a>","rttpg_excerpt":"Un grupo de alumnos de la sede de Villa Uni\u00f3n de la Universidad Nacional de La Rioja (UNLaR) denunci\u00f3 que cursaron y rindieron ex\u00e1menes durante m\u00e1s de a\u00f1o para la segunda parte de la carrera de Licenciatura en Enfermer\u00eda, que no estaba autorizada para ser dictada en esa sede, por lo que literalmente desperdiciaron tiempo,&hellip;","_links":{"self":[{"href":"https:\/\/elfederalmendoza.com.ar\/index.php\/wp-json\/wp\/v2\/posts\/4211","targetHints":{"allow":["GET"]}}],"collection":[{"href":"https:\/\/elfederalmendoza.com.ar\/index.php\/wp-json\/wp\/v2\/posts"}],"about":[{"href":"https:\/\/elfederalmendoza.com.ar\/index.php\/wp-json\/wp\/v2\/types\/post"}],"author":[{"embeddable":true,"href":"https:\/\/elfederalmendoza.com.ar\/index.php\/wp-json\/wp\/v2\/users\/2"}],"replies":[{"embeddable":true,"href":"https:\/\/elfederalmendoza.com.ar\/index.php\/wp-json\/wp\/v2\/comments?post=4211"}],"version-history":[{"count":1,"href":"https:\/\/elfederalmendoza.com.ar\/index.php\/wp-json\/wp\/v2\/posts\/4211\/revisions"}],"predecessor-version":[{"id":4215,"href":"https:\/\/elfederalmendoza.com.ar\/index.php\/wp-json\/wp\/v2\/posts\/4211\/revisions\/4215"}],"wp:featuredmedia":[{"embeddable":true,"href":"https:\/\/elfederalmendoza.com.ar\/index.php\/wp-json\/wp\/v2\/media\/4216"}],"wp:attachment":[{"href":"https:\/\/elfederalmendoza.com.ar\/index.php\/wp-json\/wp\/v2\/media?parent=4211"}],"wp:term":[{"taxonomy":"category","embeddable":true,"href":"https:\/\/elfederalmendoza.com.ar\/index.php\/wp-json\/wp\/v2\/categories?post=4211"},{"taxonomy":"post_tag","embeddable":true,"href":"https:\/\/elfederalmendoza.com.ar\/index.php\/wp-json\/wp\/v2\/tags?post=4211"}],"curies":[{"name":"wp","href":"https:\/\/api.w.org\/{rel}","templated":true}]}}