{"id":4217,"date":"2021-09-15T09:01:43","date_gmt":"2021-09-15T12:01:43","guid":{"rendered":"https:\/\/elfederalmendoza.com\/?p=4217"},"modified":"2021-09-15T09:04:57","modified_gmt":"2021-09-15T12:04:57","slug":"se-conocieron-las-primeras-fotos-de-la-filmacion-hombre-muerto-con-osvaldo-laport-en-la-rioja","status":"publish","type":"post","link":"https:\/\/elfederalmendoza.com.ar\/index.php\/2021\/09\/15\/se-conocieron-las-primeras-fotos-de-la-filmacion-hombre-muerto-con-osvaldo-laport-en-la-rioja\/","title":{"rendered":"Se conocieron las primeras fotos de la filmaci\u00f3n \u00abHombre muerto\u00bb con Osvaldo Laport en La Rioja"},"content":{"rendered":"\n<p>Presentaron las primeras im\u00e1genes de la pel\u00edcula \u00abHombre Muerto\u00bb, que se encuentra rodando en el interior de la provincia y que cuenta con diversos profesionales riojanos en la producci\u00f3n.<\/p>\n\n\n\n<p>El film es una producci\u00f3n nacional que cuenta con la participaci\u00f3n de figuras tales como Osvaldo Laport, Roly Serrano y Daniel Valenzuela, a la par de talentos riojanos elegidos en los distintos castings realizados en Agosto.<\/p>\n\n\n\n<p>Daniel Burak, productor de la pel\u00edcula, adelant\u00f3 que \u00abHombre muerto\u00bb tiene dos acepciones, por un lado, cuando el conductor de un tren se duerme se frena y por el otro, tambi\u00e9n hay un hombre que tiene que morir. <strong>\u00abEstamos en un pueblo, donde en ning\u00fan lado dice qu\u00e9 pueblo es, por ende tiene un potencial fant\u00e1stico para identificarlo, en una especie de western atemporal<\/strong>\u00ab, agreg\u00f3.<\/p>\n\n\n\n<p>Adelantaron que el papel protag\u00f3nico de esta pel\u00edcula estar\u00e1 a cargo de<strong> Osvalo Laport<\/strong>, contando adem\u00e1s con la participaci\u00f3n de otros actores reconocidos de la industria cinematogr\u00e1fica nacional.<\/p>\n\n\n\n<h2 class=\"wp-block-heading\"><strong>FOTOS<\/strong><\/h2>\n\n\n\n<figure class=\"wp-block-image size-large is-resized\"><img loading=\"lazy\" decoding=\"async\" src=\"https:\/\/elfederalmendoza.com\/wp-content\/uploads\/2021\/09\/242057045_2969658803302874_1086674596790322777_n.jpg\" alt=\"\" class=\"wp-image-4223\" width=\"1023\" height=\"695\" srcset=\"https:\/\/elfederalmendoza.com.ar\/wp-content\/uploads\/2021\/09\/242057045_2969658803302874_1086674596790322777_n.jpg 552w, https:\/\/elfederalmendoza.com.ar\/wp-content\/uploads\/2021\/09\/242057045_2969658803302874_1086674596790322777_n-300x204.jpg 300w\" sizes=\"auto, (max-width: 1023px) 100vw, 1023px\" \/><\/figure>\n\n\n\n<figure class=\"wp-block-image size-large is-resized\"><img loading=\"lazy\" decoding=\"async\" src=\"https:\/\/elfederalmendoza.com\/wp-content\/uploads\/2021\/09\/242075626_2969658749969546_8242361866647536832_n.jpg\" alt=\"\" class=\"wp-image-4218\" width=\"1018\" height=\"717\" srcset=\"https:\/\/elfederalmendoza.com.ar\/wp-content\/uploads\/2021\/09\/242075626_2969658749969546_8242361866647536832_n.jpg 552w, https:\/\/elfederalmendoza.com.ar\/wp-content\/uploads\/2021\/09\/242075626_2969658749969546_8242361866647536832_n-300x211.jpg 300w\" sizes=\"auto, (max-width: 1018px) 100vw, 1018px\" \/><\/figure>\n\n\n\n<figure class=\"wp-block-image size-large is-resized\"><img loading=\"lazy\" decoding=\"async\" src=\"https:\/\/elfederalmendoza.com\/wp-content\/uploads\/2021\/09\/242080990_2969658679969553_4497176843172449695_n.jpg\" alt=\"\" class=\"wp-image-4219\" width=\"1025\" height=\"689\" srcset=\"https:\/\/elfederalmendoza.com.ar\/wp-content\/uploads\/2021\/09\/242080990_2969658679969553_4497176843172449695_n.jpg 552w, https:\/\/elfederalmendoza.com.ar\/wp-content\/uploads\/2021\/09\/242080990_2969658679969553_4497176843172449695_n-300x202.jpg 300w\" sizes=\"auto, (max-width: 1025px) 100vw, 1025px\" \/><\/figure>\n\n\n\n<figure class=\"wp-block-image size-large is-resized\"><img loading=\"lazy\" decoding=\"async\" src=\"https:\/\/elfederalmendoza.com\/wp-content\/uploads\/2021\/09\/242068772_2969658596636228_6814243831815909640_n.jpg\" alt=\"\" class=\"wp-image-4220\" width=\"1023\" height=\"688\" srcset=\"https:\/\/elfederalmendoza.com.ar\/wp-content\/uploads\/2021\/09\/242068772_2969658596636228_6814243831815909640_n.jpg 552w, https:\/\/elfederalmendoza.com.ar\/wp-content\/uploads\/2021\/09\/242068772_2969658596636228_6814243831815909640_n-300x202.jpg 300w\" sizes=\"auto, (max-width: 1023px) 100vw, 1023px\" \/><\/figure>\n\n\n\n<figure class=\"wp-block-image size-large is-resized\"><img loading=\"lazy\" decoding=\"async\" src=\"https:\/\/elfederalmendoza.com\/wp-content\/uploads\/2021\/09\/242040285_2969658516636236_1455745617338102182_n.jpg\" alt=\"\" class=\"wp-image-4221\" width=\"1024\" height=\"688\" srcset=\"https:\/\/elfederalmendoza.com.ar\/wp-content\/uploads\/2021\/09\/242040285_2969658516636236_1455745617338102182_n.jpg 552w, https:\/\/elfederalmendoza.com.ar\/wp-content\/uploads\/2021\/09\/242040285_2969658516636236_1455745617338102182_n-300x202.jpg 300w\" sizes=\"auto, (max-width: 1024px) 100vw, 1024px\" \/><\/figure>\n\n\n\n<figure class=\"wp-block-image size-large is-resized\"><img loading=\"lazy\" decoding=\"async\" src=\"https:\/\/elfederalmendoza.com\/wp-content\/uploads\/2021\/09\/242027463_2969658416636246_5046666367552201493_n.jpg\" alt=\"\" class=\"wp-image-4222\" width=\"1024\" height=\"683\" srcset=\"https:\/\/elfederalmendoza.com.ar\/wp-content\/uploads\/2021\/09\/242027463_2969658416636246_5046666367552201493_n.jpg 552w, https:\/\/elfederalmendoza.com.ar\/wp-content\/uploads\/2021\/09\/242027463_2969658416636246_5046666367552201493_n-300x200.jpg 300w\" sizes=\"auto, (max-width: 1024px) 100vw, 1024px\" \/><\/figure>\n\n\n\n<p><\/p>\n","protected":false},"excerpt":{"rendered":"<p>Presentaron las primeras im\u00e1genes de la pel\u00edcula \u00abHombre Muerto\u00bb, que se encuentra rodando en el interior de la provincia y que cuenta con diversos profesionales riojanos en la producci\u00f3n. El film es una producci\u00f3n nacional que cuenta con la participaci\u00f3n de figuras tales como Osvaldo Laport, Roly Serrano y Daniel Valenzuela, a la par de<a class=\"read-more\" href=\"https:\/\/elfederalmendoza.com.ar\/index.php\/2021\/09\/15\/se-conocieron-las-primeras-fotos-de-la-filmacion-hombre-muerto-con-osvaldo-laport-en-la-rioja\/\"> [&hellip;]<\/a><\/p>\n","protected":false},"author":2,"featured_media":4226,"comment_status":"open","ping_status":"open","sticky":false,"template":"","format":"standard","meta":{"footnotes":""},"categories":[1],"tags":[],"class_list":["post-4217","post","type-post","status-publish","format-standard","has-post-thumbnail","hentry","category-mza"],"rttpg_featured_image_url":{"full":["https:\/\/elfederalmendoza.com.ar\/wp-content\/uploads\/2021\/09\/laport.jpg",1066,611,false],"landscape":["https:\/\/elfederalmendoza.com.ar\/wp-content\/uploads\/2021\/09\/laport.jpg",1066,611,false],"portraits":["https:\/\/elfederalmendoza.com.ar\/wp-content\/uploads\/2021\/09\/laport.jpg",1066,611,false],"thumbnail":["https:\/\/elfederalmendoza.com.ar\/wp-content\/uploads\/2021\/09\/laport-150x150.jpg",150,150,true],"medium":["https:\/\/elfederalmendoza.com.ar\/wp-content\/uploads\/2021\/09\/laport-300x172.jpg",300,172,true],"large":["https:\/\/elfederalmendoza.com.ar\/wp-content\/uploads\/2021\/09\/laport-1024x587.jpg",640,367,true],"1536x1536":["https:\/\/elfederalmendoza.com.ar\/wp-content\/uploads\/2021\/09\/laport.jpg",1066,611,false],"2048x2048":["https:\/\/elfederalmendoza.com.ar\/wp-content\/uploads\/2021\/09\/laport.jpg",1066,611,false],"ultp_layout_landscape_large":["https:\/\/elfederalmendoza.com.ar\/wp-content\/uploads\/2021\/09\/laport.jpg",1066,611,false],"ultp_layout_landscape":["https:\/\/elfederalmendoza.com.ar\/wp-content\/uploads\/2021\/09\/laport-870x570.jpg",870,570,true],"ultp_layout_portrait":["https:\/\/elfederalmendoza.com.ar\/wp-content\/uploads\/2021\/09\/laport-600x611.jpg",600,611,true],"ultp_layout_square":["https:\/\/elfederalmendoza.com.ar\/wp-content\/uploads\/2021\/09\/laport-600x600.jpg",600,600,true],"rpwe-thumbnail":["https:\/\/elfederalmendoza.com.ar\/wp-content\/uploads\/2021\/09\/laport-45x45.jpg",45,45,true],"advps-thumb-one":["https:\/\/elfederalmendoza.com.ar\/wp-content\/uploads\/2021\/09\/laport-1066x420.jpg",1066,420,true]},"rttpg_author":{"display_name":"Redacci\u00f3n El Federal","author_link":"https:\/\/elfederalmendoza.com.ar\/index.php\/author\/angelflores\/"},"rttpg_comment":0,"rttpg_category":"<a href=\"https:\/\/elfederalmendoza.com.ar\/index.php\/category\/mza\/\" rel=\"category tag\">Mendoza<\/a>","rttpg_excerpt":"Presentaron las primeras im\u00e1genes de la pel\u00edcula \u00abHombre Muerto\u00bb, que se encuentra rodando en el interior de la provincia y que cuenta con diversos profesionales riojanos en la producci\u00f3n. El film es una producci\u00f3n nacional que cuenta con la participaci\u00f3n de figuras tales como Osvaldo Laport, Roly Serrano y Daniel Valenzuela, a la par de&hellip;","_links":{"self":[{"href":"https:\/\/elfederalmendoza.com.ar\/index.php\/wp-json\/wp\/v2\/posts\/4217","targetHints":{"allow":["GET"]}}],"collection":[{"href":"https:\/\/elfederalmendoza.com.ar\/index.php\/wp-json\/wp\/v2\/posts"}],"about":[{"href":"https:\/\/elfederalmendoza.com.ar\/index.php\/wp-json\/wp\/v2\/types\/post"}],"author":[{"embeddable":true,"href":"https:\/\/elfederalmendoza.com.ar\/index.php\/wp-json\/wp\/v2\/users\/2"}],"replies":[{"embeddable":true,"href":"https:\/\/elfederalmendoza.com.ar\/index.php\/wp-json\/wp\/v2\/comments?post=4217"}],"version-history":[{"count":2,"href":"https:\/\/elfederalmendoza.com.ar\/index.php\/wp-json\/wp\/v2\/posts\/4217\/revisions"}],"predecessor-version":[{"id":4227,"href":"https:\/\/elfederalmendoza.com.ar\/index.php\/wp-json\/wp\/v2\/posts\/4217\/revisions\/4227"}],"wp:featuredmedia":[{"embeddable":true,"href":"https:\/\/elfederalmendoza.com.ar\/index.php\/wp-json\/wp\/v2\/media\/4226"}],"wp:attachment":[{"href":"https:\/\/elfederalmendoza.com.ar\/index.php\/wp-json\/wp\/v2\/media?parent=4217"}],"wp:term":[{"taxonomy":"category","embeddable":true,"href":"https:\/\/elfederalmendoza.com.ar\/index.php\/wp-json\/wp\/v2\/categories?post=4217"},{"taxonomy":"post_tag","embeddable":true,"href":"https:\/\/elfederalmendoza.com.ar\/index.php\/wp-json\/wp\/v2\/tags?post=4217"}],"curies":[{"name":"wp","href":"https:\/\/api.w.org\/{rel}","templated":true}]}}