{"id":4228,"date":"2021-09-15T09:43:15","date_gmt":"2021-09-15T12:43:15","guid":{"rendered":"https:\/\/elfederalmendoza.com\/?p=4228"},"modified":"2021-09-17T21:06:21","modified_gmt":"2021-09-18T00:06:21","slug":"tras-la-derrota-electoral-del-frente-de-todos-se-vienen-aumentos-por-decreto-y-vuelve-el-ife-4","status":"publish","type":"post","link":"https:\/\/elfederalmendoza.com.ar\/index.php\/2021\/09\/15\/tras-la-derrota-electoral-del-frente-de-todos-se-vienen-aumentos-por-decreto-y-vuelve-el-ife-4\/","title":{"rendered":"Tras la derrota electoral del Frente de Todos, se vienen aumentos por decreto y vuelve el IFE 4"},"content":{"rendered":"\n<p>El diputado nacional Marcelo Casaretto present\u00f3 hoy un proyecto de ley que&nbsp;<strong>plantea un aumento salarial m\u00ednimo para todos los trabajadores y trabajadoras en relaci\u00f3n de dependencia,<\/strong>&nbsp;tanto del sector p\u00fablico como privado.<\/p>\n\n\n\n<p>De acuerdo a la iniciativa, dicho incremento se contabilizar\u00eda \u00aba cuenta de las negociaciones paritarias realizadas o a realizarse, para consolidar la recuperaci\u00f3n del salario de los trabajadores, y sostener la reactivaci\u00f3n de la econom\u00eda en marcha\u00bb.<\/p>\n\n\n\n<p>\u00abLa medida ya fue tomada en el inicio del Gobierno de Alberto Fern\u00e1ndez por decreto 14\/2020, mejorando los salarios\u00bb, record\u00f3 el autor de la iniciativa en su cuenta de Twitter.<\/p>\n\n\n\n<blockquote class=\"twitter-tweet\"><p lang=\"es\" dir=\"ltr\">AUMENTO SALARIAL POR DECRETO. Present\u00e9 un proyecto en el Congreso para que se otorgue un aumento salarial m\u00ednimo y uniforme para todos los trabajadores en relaci\u00f3n de dependencia del Sector P\u00fablico y del Sector Privado, a cuenta de los aumentos salariales acordados en paritarias <a href=\"https:\/\/t.co\/l9Nzd9xT1c\">pic.twitter.com\/l9Nzd9xT1c<\/a><\/p>\u2014 Marcelo Casaretto (@mpcasaretto) <a href=\"https:\/\/twitter.com\/mpcasaretto\/status\/1437807695151747074?ref_src=twsrc%5Etfw\">September 14, 2021<\/a><\/blockquote> <script async=\"\" src=\"https:\/\/platform.twitter.com\/widgets.js\" charset=\"utf-8\"><\/script>\n\n\n\n<p>El entrerriano se\u00f1al\u00f3 que actualmente el salario real de los trabajadores en relaci\u00f3n de dependencia se encuentra en promedio al mismo nivel que en 2019.<\/p>\n\n\n\n<p>\u00abTal como sostuvo Cecilia Todesca, vicejefa de Gabinete, los salarios durante el Gobierno de Mauricio Macri cayeron un 20%. En nuestro gobierno en el inicio aumentaron 6,4%, en la pandemia cayeron 6,9% y en este a\u00f1o aumentaron 0,8%. Estamos en el nivel de 2019, pero es necesario recuperar la ca\u00edda anterior\u00bb, enfatiz\u00f3.<\/p>\n\n\n\n<h3 class=\"wp-block-heading\">&nbsp;Aumento gradual<\/h3>\n\n\n\n<p>Casaretto ponder\u00f3 que \u00abla inflaci\u00f3n mensual est\u00e1 bajando, y los salarios van aumentando gradualmente\u00bb, aunque afirm\u00f3 que \u00abes necesario adelantar aumentos previstos de meses siguientes\u00bb.<\/p>\n\n\n\n<p>\u00abEl PEN deber\u00e1 definir el monto del aumento, atendiendo la situaci\u00f3n de las Pymes y los sectores cr\u00edticos\u00bb, puntualiz\u00f3.<\/p>\n\n\n\n<h3 class=\"wp-block-heading\">Tras la derrota electoral, se viene el IFE 4: a qui\u00e9nes alcanzar\u00e1 esta ayuda econ\u00f3mica<\/h3>\n\n\n\n<p>En diciembre de 2019, al sancionarse la Ley N\u00b0 27.541 de Solidaridad Social y Reactivaci\u00f3n Productiva en el marco de la Emergencia P\u00fablica, que facult\u00f3 al Poder Ejecutivo Nacional a disponer que los empleadores del sector privado abonen incrementos salariales m\u00ednimos a sus empleados de forma obligatoria, se dispuso&nbsp;un aumento uniforme de 3000 pesos,&nbsp; elev\u00e1ndose a 4000 pesos en febrero del a\u00f1o pasado.<\/p>\n","protected":false},"excerpt":{"rendered":"<p>El diputado nacional Marcelo Casaretto present\u00f3 hoy un proyecto de ley que&nbsp;plantea un aumento salarial m\u00ednimo para todos los trabajadores y trabajadoras en relaci\u00f3n de dependencia,&nbsp;tanto del sector p\u00fablico como privado. De acuerdo a la iniciativa, dicho incremento se contabilizar\u00eda \u00aba cuenta de las negociaciones paritarias realizadas o a realizarse, para consolidar la recuperaci\u00f3n del<a class=\"read-more\" href=\"https:\/\/elfederalmendoza.com.ar\/index.php\/2021\/09\/15\/tras-la-derrota-electoral-del-frente-de-todos-se-vienen-aumentos-por-decreto-y-vuelve-el-ife-4\/\"> [&hellip;]<\/a><\/p>\n","protected":false},"author":2,"featured_media":4258,"comment_status":"open","ping_status":"open","sticky":false,"template":"","format":"standard","meta":{"footnotes":""},"categories":[1],"tags":[],"class_list":["post-4228","post","type-post","status-publish","format-standard","has-post-thumbnail","hentry","category-mza"],"rttpg_featured_image_url":{"full":["https:\/\/elfederalmendoza.com.ar\/wp-content\/uploads\/2021\/09\/cris-y-albert3.jpg",474,266,false],"landscape":["https:\/\/elfederalmendoza.com.ar\/wp-content\/uploads\/2021\/09\/cris-y-albert3.jpg",474,266,false],"portraits":["https:\/\/elfederalmendoza.com.ar\/wp-content\/uploads\/2021\/09\/cris-y-albert3.jpg",474,266,false],"thumbnail":["https:\/\/elfederalmendoza.com.ar\/wp-content\/uploads\/2021\/09\/cris-y-albert3-150x150.jpg",150,150,true],"medium":["https:\/\/elfederalmendoza.com.ar\/wp-content\/uploads\/2021\/09\/cris-y-albert3-300x168.jpg",300,168,true],"large":["https:\/\/elfederalmendoza.com.ar\/wp-content\/uploads\/2021\/09\/cris-y-albert3.jpg",474,266,false],"1536x1536":["https:\/\/elfederalmendoza.com.ar\/wp-content\/uploads\/2021\/09\/cris-y-albert3.jpg",474,266,false],"2048x2048":["https:\/\/elfederalmendoza.com.ar\/wp-content\/uploads\/2021\/09\/cris-y-albert3.jpg",474,266,false],"ultp_layout_landscape_large":["https:\/\/elfederalmendoza.com.ar\/wp-content\/uploads\/2021\/09\/cris-y-albert3.jpg",474,266,false],"ultp_layout_landscape":["https:\/\/elfederalmendoza.com.ar\/wp-content\/uploads\/2021\/09\/cris-y-albert3.jpg",474,266,false],"ultp_layout_portrait":["https:\/\/elfederalmendoza.com.ar\/wp-content\/uploads\/2021\/09\/cris-y-albert3.jpg",474,266,false],"ultp_layout_square":["https:\/\/elfederalmendoza.com.ar\/wp-content\/uploads\/2021\/09\/cris-y-albert3.jpg",474,266,false],"rpwe-thumbnail":["https:\/\/elfederalmendoza.com.ar\/wp-content\/uploads\/2021\/09\/cris-y-albert3-45x45.jpg",45,45,true],"advps-thumb-one":["https:\/\/elfederalmendoza.com.ar\/wp-content\/uploads\/2021\/09\/cris-y-albert3.jpg",474,266,false]},"rttpg_author":{"display_name":"Redacci\u00f3n El Federal","author_link":"https:\/\/elfederalmendoza.com.ar\/index.php\/author\/angelflores\/"},"rttpg_comment":0,"rttpg_category":"<a href=\"https:\/\/elfederalmendoza.com.ar\/index.php\/category\/mza\/\" rel=\"category tag\">Mendoza<\/a>","rttpg_excerpt":"El diputado nacional Marcelo Casaretto present\u00f3 hoy un proyecto de ley que&nbsp;plantea un aumento salarial m\u00ednimo para todos los trabajadores y trabajadoras en relaci\u00f3n de dependencia,&nbsp;tanto del sector p\u00fablico como privado. De acuerdo a la iniciativa, dicho incremento se contabilizar\u00eda \u00aba cuenta de las negociaciones paritarias realizadas o a realizarse, para consolidar la recuperaci\u00f3n del&hellip;","_links":{"self":[{"href":"https:\/\/elfederalmendoza.com.ar\/index.php\/wp-json\/wp\/v2\/posts\/4228","targetHints":{"allow":["GET"]}}],"collection":[{"href":"https:\/\/elfederalmendoza.com.ar\/index.php\/wp-json\/wp\/v2\/posts"}],"about":[{"href":"https:\/\/elfederalmendoza.com.ar\/index.php\/wp-json\/wp\/v2\/types\/post"}],"author":[{"embeddable":true,"href":"https:\/\/elfederalmendoza.com.ar\/index.php\/wp-json\/wp\/v2\/users\/2"}],"replies":[{"embeddable":true,"href":"https:\/\/elfederalmendoza.com.ar\/index.php\/wp-json\/wp\/v2\/comments?post=4228"}],"version-history":[{"count":2,"href":"https:\/\/elfederalmendoza.com.ar\/index.php\/wp-json\/wp\/v2\/posts\/4228\/revisions"}],"predecessor-version":[{"id":4261,"href":"https:\/\/elfederalmendoza.com.ar\/index.php\/wp-json\/wp\/v2\/posts\/4228\/revisions\/4261"}],"wp:featuredmedia":[{"embeddable":true,"href":"https:\/\/elfederalmendoza.com.ar\/index.php\/wp-json\/wp\/v2\/media\/4258"}],"wp:attachment":[{"href":"https:\/\/elfederalmendoza.com.ar\/index.php\/wp-json\/wp\/v2\/media?parent=4228"}],"wp:term":[{"taxonomy":"category","embeddable":true,"href":"https:\/\/elfederalmendoza.com.ar\/index.php\/wp-json\/wp\/v2\/categories?post=4228"},{"taxonomy":"post_tag","embeddable":true,"href":"https:\/\/elfederalmendoza.com.ar\/index.php\/wp-json\/wp\/v2\/tags?post=4228"}],"curies":[{"name":"wp","href":"https:\/\/api.w.org\/{rel}","templated":true}]}}