{"id":4237,"date":"2021-09-16T11:44:40","date_gmt":"2021-09-16T14:44:40","guid":{"rendered":"https:\/\/elfederalmendoza.com\/?p=4237"},"modified":"2021-09-16T11:44:41","modified_gmt":"2021-09-16T14:44:41","slug":"el-tuit-del-gobernador-de-la-rioja-que-marco-el-primer-apoyo-al-presidente-y-que-alineo-a-varios-gobernadores-ante-la-crisis-politica","status":"publish","type":"post","link":"https:\/\/elfederalmendoza.com.ar\/index.php\/2021\/09\/16\/el-tuit-del-gobernador-de-la-rioja-que-marco-el-primer-apoyo-al-presidente-y-que-alineo-a-varios-gobernadores-ante-la-crisis-politica\/","title":{"rendered":"El tuit del gobernador de La Rioja que marc\u00f3 el primer apoyo al Presidente y que aline\u00f3 a varios gobernadores ante la crisis pol\u00edtica"},"content":{"rendered":"\n<p>No fue casualidad que\u00a0<strong>Eduardo \u201cWado\u201d De Pedro<\/strong>\u00a0moviera la primera ficha, con\u00a0una sorpresiva carta de renuncia \u201ca disposici\u00f3n del Presidente\u201d\u00a0que se hizo p\u00fablica en medio de la convulsi\u00f3n interna por la derrota electoral. El ministro del Interior es el funcionario de La C\u00e1mpora de mayor gravitaci\u00f3n\u00a0dentro del gabinete de Alberto Fern\u00e1ndez. Y aunque siempre ofici\u00f3 de \u201cenlace diplom\u00e1tico\u201d entre el kirchnerismo y la Casa Rosada, su obediencia pol\u00edtica es, en primer lugar, hacia Cristina Kirchner. <\/p>\n\n\n\n<p>De Pedro hizo ese primer movimiento -que gener\u00f3 un efecto domin\u00f3 inmediato en un grupo de funcionarios kirchneristas-\u00a0<strong>bajo la orden de la vicepresidenta,<\/strong>\u00a0seg\u00fan pudo reconstruir\u00a0<strong>EL FEDERAL.<\/strong>\u00a0Fue un poderoso mensaje ante la intrasigencia del Presidente a hacer cambios en el su gabinete.\u00a0Deton\u00f3 minutos despu\u00e9s de que\u00a0<strong>Alberto Fern\u00e1ndez<\/strong>\u00a0y el ministro de Econom\u00eda,\u00a0<strong>Mart\u00edn Guzm\u00e1n,<\/strong>\u00a0defendieran la performance econ\u00f3mica del Gobierno durante la pandemia en un acto en el Museo de la Casa Rosada y ratificaran el rumbo de la gesti\u00f3n.<\/p>\n\n\n\n<p>La movida tom\u00f3 por sorpresa al c\u00edrculo \u00edntimo del Presidente\u00a0cuando todos reanudaban su agenda tras el acto oficial del Presidente. Solo conoc\u00edan que ayer, en horas del atardecer, Fern\u00e1ndez y Cristina estuvieron reunidos mano a mano, seg\u00fan deslizaron fuentes oficiales.<\/p>\n\n\n\n<p>El movimiento del ala kirchnerista del gabinete convulsivo por completo a la Casa Rosada. El cimbronazo del quiebre interno fue indisimulable y se termin\u00f3 de materializar cuando Fern\u00e1ndez convoc\u00f3 a la Casa Rosada\u00a0<strong>a la tropa de ministros que le responden pol\u00edticamente.\u00a0<\/strong>Pero en medio del tembladeral pol\u00edtico, cerca de la vicepresidenta\u00a0<strong>hicieron trascender un nuevo gesto:\u00a0<\/strong>que\u00a0<strong>Cristina llam\u00f3 por tel\u00e9fono a Guzm\u00e1n y le dijo que ella nunca pidi\u00f3 su cabeza.<\/strong> \u00abLe aclar\u00f3 que ella no pidi\u00f3 su renuncia y quedaron en charlar en los pr\u00f3ximos d\u00edas\u00bb.<\/p>\n\n\n\n<p>Los mensajes en las redes sociales, comenzaron a ser publicados despu\u00e9s de un primer tuit del gobernador de La Rioja, Ricardo Quintela, que fue uno de los primeros gobernadores que sali\u00f3 a apoyar al Presidente Alberto Fern\u00e1ndez.<\/p>\n\n\n\n<blockquote class=\"twitter-tweet\"><p lang=\"es\" dir=\"ltr\">No es ni fue f\u00e1cil gestionar en una Pandemia, y nuestro Presidente <a href=\"https:\/\/twitter.com\/alferdez?ref_src=twsrc%5Etfw\">@alferdez<\/a> lo hizo con coraje y cuidando la vida de todos y todas, sin especulaciones electorales.<\/p>&mdash; Ricardo Quintela (@QuintelaRicardo) <a href=\"https:\/\/twitter.com\/QuintelaRicardo\/status\/1438275645344206852?ref_src=twsrc%5Etfw\">September 15, 2021<\/a><\/blockquote> <script async src=\"https:\/\/platform.twitter.com\/widgets.js\" charset=\"utf-8\"><\/script>\n\n\n\n<figure class=\"wp-block-image size-large is-resized\"><img loading=\"lazy\" decoding=\"async\" src=\"https:\/\/elfederalmendoza.com\/wp-content\/uploads\/2021\/09\/tuit-quintela1.jpg\" alt=\"\" class=\"wp-image-4238\" width=\"891\" height=\"532\" srcset=\"https:\/\/elfederalmendoza.com.ar\/wp-content\/uploads\/2021\/09\/tuit-quintela1.jpg 531w, https:\/\/elfederalmendoza.com.ar\/wp-content\/uploads\/2021\/09\/tuit-quintela1-300x179.jpg 300w\" sizes=\"auto, (max-width: 891px) 100vw, 891px\" \/><\/figure>\n\n\n\n<p>Posteriormente fueron otros los gobernadores que comenzaron a mandar mensajes en apoyo al Presidente.<\/p>\n\n\n\n<p>En medio del cimbronazo, Fern\u00e1ndez aglutin\u00f3 a su tropa en Casa Rosada<strong>:&nbsp;<\/strong>Cafiero, Guzm\u00e1n, Zabaleta, Katopodis,&nbsp;<strong>Mat\u00edas Lammens&nbsp;<\/strong>(Turismo),&nbsp;<strong>Carla Vizzotti<\/strong>&nbsp;(Salud),&nbsp;<strong>Cecilia Todesca<\/strong>&nbsp;(vicejefatura de Gabinete),&nbsp;<strong>Mat\u00edas Kulfas<\/strong>&nbsp;(Desarrollo Productivo),&nbsp;<strong>Vilma Ibarra<\/strong>&nbsp;(secretar\u00eda Legal y T\u00e9cnica),&nbsp;<strong>Julio Vitobello<\/strong>&nbsp;(secretar\u00eda General de la Presidencia),&nbsp;<strong>Juan Pablo Biondi<\/strong>&nbsp;(secretar\u00eda de Comunicaci\u00f3n P\u00fablica),&nbsp;<strong>Sabina Frederic<\/strong>&nbsp;(Seguridad),&nbsp;<strong>Felipe Sol\u00e1<\/strong>&nbsp;(Canciller\u00eda).&nbsp;<strong>Nicol\u00e1s Trotta<\/strong>&nbsp;(Educaci\u00f3n) y&nbsp;<strong>Jorge Taiana&nbsp;<\/strong>(Defensa) se encontraban de viaje en el interior del pa\u00eds.<\/p>\n\n\n\n<p>\u201cEst\u00e1 tratando de clarificar las cosas con su equipo frente a lo que pas\u00f3\u201d, dijo uno de los testigos de la reuni\u00f3n, que no dudaba de que las cartas de renuncia partieron desde el<strong> Instituto Patria.<\/strong><\/p>\n\n\n\n<p>La crisis pol\u00edtica se enmarc\u00f3 en una puja de poder ante la envestida kirchnerista, que quiere cambios en el gabinete y medidas urgentes tras la derrota en las PASO, y que<strong> hoy jueves marc\u00f3 otro gesto del Presidente al publicar una foto con el gobernador de San Juan, Sergio U\u00f1ac<\/strong>, en una semana convulsionada de una crisis que tom\u00f3 por sorpresa a todos.<\/p>\n","protected":false},"excerpt":{"rendered":"<p>No fue casualidad que\u00a0Eduardo \u201cWado\u201d De Pedro\u00a0moviera la primera ficha, con\u00a0una sorpresiva carta de renuncia \u201ca disposici\u00f3n del Presidente\u201d\u00a0que se hizo p\u00fablica en medio de la convulsi\u00f3n interna por la derrota electoral. El ministro del Interior es el funcionario de La C\u00e1mpora de mayor gravitaci\u00f3n\u00a0dentro del gabinete de Alberto Fern\u00e1ndez. Y aunque siempre ofici\u00f3 de<a class=\"read-more\" href=\"https:\/\/elfederalmendoza.com.ar\/index.php\/2021\/09\/16\/el-tuit-del-gobernador-de-la-rioja-que-marco-el-primer-apoyo-al-presidente-y-que-alineo-a-varios-gobernadores-ante-la-crisis-politica\/\"> [&hellip;]<\/a><\/p>\n","protected":false},"author":2,"featured_media":4239,"comment_status":"open","ping_status":"open","sticky":false,"template":"","format":"standard","meta":{"footnotes":""},"categories":[1],"tags":[],"class_list":["post-4237","post","type-post","status-publish","format-standard","has-post-thumbnail","hentry","category-mza"],"rttpg_featured_image_url":{"full":["https:\/\/elfederalmendoza.com.ar\/wp-content\/uploads\/2021\/09\/q-fernandez.jpg",1064,610,false],"landscape":["https:\/\/elfederalmendoza.com.ar\/wp-content\/uploads\/2021\/09\/q-fernandez.jpg",1064,610,false],"portraits":["https:\/\/elfederalmendoza.com.ar\/wp-content\/uploads\/2021\/09\/q-fernandez.jpg",1064,610,false],"thumbnail":["https:\/\/elfederalmendoza.com.ar\/wp-content\/uploads\/2021\/09\/q-fernandez-150x150.jpg",150,150,true],"medium":["https:\/\/elfederalmendoza.com.ar\/wp-content\/uploads\/2021\/09\/q-fernandez-300x172.jpg",300,172,true],"large":["https:\/\/elfederalmendoza.com.ar\/wp-content\/uploads\/2021\/09\/q-fernandez-1024x587.jpg",640,367,true],"1536x1536":["https:\/\/elfederalmendoza.com.ar\/wp-content\/uploads\/2021\/09\/q-fernandez.jpg",1064,610,false],"2048x2048":["https:\/\/elfederalmendoza.com.ar\/wp-content\/uploads\/2021\/09\/q-fernandez.jpg",1064,610,false],"ultp_layout_landscape_large":["https:\/\/elfederalmendoza.com.ar\/wp-content\/uploads\/2021\/09\/q-fernandez.jpg",1064,610,false],"ultp_layout_landscape":["https:\/\/elfederalmendoza.com.ar\/wp-content\/uploads\/2021\/09\/q-fernandez-870x570.jpg",870,570,true],"ultp_layout_portrait":["https:\/\/elfederalmendoza.com.ar\/wp-content\/uploads\/2021\/09\/q-fernandez-600x610.jpg",600,610,true],"ultp_layout_square":["https:\/\/elfederalmendoza.com.ar\/wp-content\/uploads\/2021\/09\/q-fernandez-600x600.jpg",600,600,true],"rpwe-thumbnail":["https:\/\/elfederalmendoza.com.ar\/wp-content\/uploads\/2021\/09\/q-fernandez-45x45.jpg",45,45,true],"advps-thumb-one":["https:\/\/elfederalmendoza.com.ar\/wp-content\/uploads\/2021\/09\/q-fernandez-1064x420.jpg",1064,420,true]},"rttpg_author":{"display_name":"Redacci\u00f3n El Federal","author_link":"https:\/\/elfederalmendoza.com.ar\/index.php\/author\/angelflores\/"},"rttpg_comment":0,"rttpg_category":"<a href=\"https:\/\/elfederalmendoza.com.ar\/index.php\/category\/mza\/\" rel=\"category tag\">Mendoza<\/a>","rttpg_excerpt":"No fue casualidad que\u00a0Eduardo \u201cWado\u201d De Pedro\u00a0moviera la primera ficha, con\u00a0una sorpresiva carta de renuncia \u201ca disposici\u00f3n del Presidente\u201d\u00a0que se hizo p\u00fablica en medio de la convulsi\u00f3n interna por la derrota electoral. El ministro del Interior es el funcionario de La C\u00e1mpora de mayor gravitaci\u00f3n\u00a0dentro del gabinete de Alberto Fern\u00e1ndez. Y aunque siempre ofici\u00f3 de&hellip;","_links":{"self":[{"href":"https:\/\/elfederalmendoza.com.ar\/index.php\/wp-json\/wp\/v2\/posts\/4237","targetHints":{"allow":["GET"]}}],"collection":[{"href":"https:\/\/elfederalmendoza.com.ar\/index.php\/wp-json\/wp\/v2\/posts"}],"about":[{"href":"https:\/\/elfederalmendoza.com.ar\/index.php\/wp-json\/wp\/v2\/types\/post"}],"author":[{"embeddable":true,"href":"https:\/\/elfederalmendoza.com.ar\/index.php\/wp-json\/wp\/v2\/users\/2"}],"replies":[{"embeddable":true,"href":"https:\/\/elfederalmendoza.com.ar\/index.php\/wp-json\/wp\/v2\/comments?post=4237"}],"version-history":[{"count":1,"href":"https:\/\/elfederalmendoza.com.ar\/index.php\/wp-json\/wp\/v2\/posts\/4237\/revisions"}],"predecessor-version":[{"id":4240,"href":"https:\/\/elfederalmendoza.com.ar\/index.php\/wp-json\/wp\/v2\/posts\/4237\/revisions\/4240"}],"wp:featuredmedia":[{"embeddable":true,"href":"https:\/\/elfederalmendoza.com.ar\/index.php\/wp-json\/wp\/v2\/media\/4239"}],"wp:attachment":[{"href":"https:\/\/elfederalmendoza.com.ar\/index.php\/wp-json\/wp\/v2\/media?parent=4237"}],"wp:term":[{"taxonomy":"category","embeddable":true,"href":"https:\/\/elfederalmendoza.com.ar\/index.php\/wp-json\/wp\/v2\/categories?post=4237"},{"taxonomy":"post_tag","embeddable":true,"href":"https:\/\/elfederalmendoza.com.ar\/index.php\/wp-json\/wp\/v2\/tags?post=4237"}],"curies":[{"name":"wp","href":"https:\/\/api.w.org\/{rel}","templated":true}]}}