{"id":4241,"date":"2021-09-17T08:08:46","date_gmt":"2021-09-17T11:08:46","guid":{"rendered":"https:\/\/elfederalmendoza.com\/?p=4241"},"modified":"2021-09-17T08:08:50","modified_gmt":"2021-09-17T11:08:50","slug":"una-familia-debio-tener-un-ingreso-en-agosto-de-68-359-en-agosto-para-no-ser-pobre","status":"publish","type":"post","link":"https:\/\/elfederalmendoza.com.ar\/index.php\/2021\/09\/17\/una-familia-debio-tener-un-ingreso-en-agosto-de-68-359-en-agosto-para-no-ser-pobre\/","title":{"rendered":"Una familia debi\u00f3 tener un ingreso en agosto de $68.359 en agosto para no ser pobre"},"content":{"rendered":"\n<p>El costo de la Canasta B\u00e1sica<strong> se desaceler\u00f3 por segundo mes consecutivo<\/strong> y registr\u00f3 la menor suba en 13 meses. La Canasta B\u00e1sica Alimentaria (CBA)\u00a0subi\u00f3\u00a0un 0,7% en\u00a0agosto con respecto a\u00a0julio y la Canasta B\u00e1sica Total (CBT) creci\u00f3 un 1,2% tambi\u00e9n con relaci\u00f3n al mes anterior.<\/p>\n\n\n\n<p>En agosto <strong>una familia de cuatro integrantes<\/strong> debi\u00f3 contar con un ingreso de $68.359 para no debajo de la l\u00ednea de pobreza.<\/p>\n\n\n\n<p>Esta es la cifra estimada por el INDEC para el caso de una familia tipo (que se presume como <strong>un matrimonio de 35 a\u00f1os y dos hijos de 8 y 6 a\u00f1os)<\/strong>. Esa construcci\u00f3n familiar es la que toma como referencia el organismo nacional.<\/p>\n\n\n\n<p>Los datos difundidos por el INDEC determinaron que <strong>en agosto esta familia tipo necesit\u00f3 contar con $783 m\u00e1s<\/strong> que los que debi\u00f3 tener en julio para no ser pobre. Esto mostr\u00f3 una desaceleraci\u00f3n en el valor que la Canasta B\u00e1sica ven\u00eda mostrando en meses anteriores. Adem\u00e1s, fue la menor suba registrada en los \u00faltimos 13 meses.<\/p>\n\n\n\n<p>Las cifras publicadas por el organismo estad\u00edstico nacional indican que en agosto el valor de la Canasta B\u00e1sica Alimentaria (CBA) con relaci\u00f3n a julio aument\u00f3 un 0,7% mientras que la variaci\u00f3n de la Canasta B\u00e1sica Total (CBT) fue del 1,2% tambi\u00e9n en comparaci\u00f3n con el mes anterior.<\/p>\n","protected":false},"excerpt":{"rendered":"<p>El costo de la Canasta B\u00e1sica se desaceler\u00f3 por segundo mes consecutivo y registr\u00f3 la menor suba en 13 meses. La Canasta B\u00e1sica Alimentaria (CBA)\u00a0subi\u00f3\u00a0un 0,7% en\u00a0agosto con respecto a\u00a0julio y la Canasta B\u00e1sica Total (CBT) creci\u00f3 un 1,2% tambi\u00e9n con relaci\u00f3n al mes anterior. En agosto una familia de cuatro integrantes debi\u00f3 contar con<a class=\"read-more\" href=\"https:\/\/elfederalmendoza.com.ar\/index.php\/2021\/09\/17\/una-familia-debio-tener-un-ingreso-en-agosto-de-68-359-en-agosto-para-no-ser-pobre\/\"> [&hellip;]<\/a><\/p>\n","protected":false},"author":2,"featured_media":4242,"comment_status":"open","ping_status":"open","sticky":false,"template":"","format":"standard","meta":{"footnotes":""},"categories":[1],"tags":[],"class_list":["post-4241","post","type-post","status-publish","format-standard","has-post-thumbnail","hentry","category-mza"],"rttpg_featured_image_url":{"full":["https:\/\/elfederalmendoza.com.ar\/wp-content\/uploads\/2021\/09\/canasta-basica.jpg",963,552,false],"landscape":["https:\/\/elfederalmendoza.com.ar\/wp-content\/uploads\/2021\/09\/canasta-basica.jpg",963,552,false],"portraits":["https:\/\/elfederalmendoza.com.ar\/wp-content\/uploads\/2021\/09\/canasta-basica.jpg",963,552,false],"thumbnail":["https:\/\/elfederalmendoza.com.ar\/wp-content\/uploads\/2021\/09\/canasta-basica-150x150.jpg",150,150,true],"medium":["https:\/\/elfederalmendoza.com.ar\/wp-content\/uploads\/2021\/09\/canasta-basica-300x172.jpg",300,172,true],"large":["https:\/\/elfederalmendoza.com.ar\/wp-content\/uploads\/2021\/09\/canasta-basica.jpg",640,367,false],"1536x1536":["https:\/\/elfederalmendoza.com.ar\/wp-content\/uploads\/2021\/09\/canasta-basica.jpg",963,552,false],"2048x2048":["https:\/\/elfederalmendoza.com.ar\/wp-content\/uploads\/2021\/09\/canasta-basica.jpg",963,552,false],"ultp_layout_landscape_large":["https:\/\/elfederalmendoza.com.ar\/wp-content\/uploads\/2021\/09\/canasta-basica.jpg",963,552,false],"ultp_layout_landscape":["https:\/\/elfederalmendoza.com.ar\/wp-content\/uploads\/2021\/09\/canasta-basica-870x552.jpg",870,552,true],"ultp_layout_portrait":["https:\/\/elfederalmendoza.com.ar\/wp-content\/uploads\/2021\/09\/canasta-basica-600x552.jpg",600,552,true],"ultp_layout_square":["https:\/\/elfederalmendoza.com.ar\/wp-content\/uploads\/2021\/09\/canasta-basica-600x552.jpg",600,552,true],"rpwe-thumbnail":["https:\/\/elfederalmendoza.com.ar\/wp-content\/uploads\/2021\/09\/canasta-basica-45x45.jpg",45,45,true],"advps-thumb-one":["https:\/\/elfederalmendoza.com.ar\/wp-content\/uploads\/2021\/09\/canasta-basica-963x420.jpg",963,420,true]},"rttpg_author":{"display_name":"Redacci\u00f3n El Federal","author_link":"https:\/\/elfederalmendoza.com.ar\/index.php\/author\/angelflores\/"},"rttpg_comment":0,"rttpg_category":"<a href=\"https:\/\/elfederalmendoza.com.ar\/index.php\/category\/mza\/\" rel=\"category tag\">Mendoza<\/a>","rttpg_excerpt":"El costo de la Canasta B\u00e1sica se desaceler\u00f3 por segundo mes consecutivo y registr\u00f3 la menor suba en 13 meses. La Canasta B\u00e1sica Alimentaria (CBA)\u00a0subi\u00f3\u00a0un 0,7% en\u00a0agosto con respecto a\u00a0julio y la Canasta B\u00e1sica Total (CBT) creci\u00f3 un 1,2% tambi\u00e9n con relaci\u00f3n al mes anterior. En agosto una familia de cuatro integrantes debi\u00f3 contar con&hellip;","_links":{"self":[{"href":"https:\/\/elfederalmendoza.com.ar\/index.php\/wp-json\/wp\/v2\/posts\/4241","targetHints":{"allow":["GET"]}}],"collection":[{"href":"https:\/\/elfederalmendoza.com.ar\/index.php\/wp-json\/wp\/v2\/posts"}],"about":[{"href":"https:\/\/elfederalmendoza.com.ar\/index.php\/wp-json\/wp\/v2\/types\/post"}],"author":[{"embeddable":true,"href":"https:\/\/elfederalmendoza.com.ar\/index.php\/wp-json\/wp\/v2\/users\/2"}],"replies":[{"embeddable":true,"href":"https:\/\/elfederalmendoza.com.ar\/index.php\/wp-json\/wp\/v2\/comments?post=4241"}],"version-history":[{"count":1,"href":"https:\/\/elfederalmendoza.com.ar\/index.php\/wp-json\/wp\/v2\/posts\/4241\/revisions"}],"predecessor-version":[{"id":4243,"href":"https:\/\/elfederalmendoza.com.ar\/index.php\/wp-json\/wp\/v2\/posts\/4241\/revisions\/4243"}],"wp:featuredmedia":[{"embeddable":true,"href":"https:\/\/elfederalmendoza.com.ar\/index.php\/wp-json\/wp\/v2\/media\/4242"}],"wp:attachment":[{"href":"https:\/\/elfederalmendoza.com.ar\/index.php\/wp-json\/wp\/v2\/media?parent=4241"}],"wp:term":[{"taxonomy":"category","embeddable":true,"href":"https:\/\/elfederalmendoza.com.ar\/index.php\/wp-json\/wp\/v2\/categories?post=4241"},{"taxonomy":"post_tag","embeddable":true,"href":"https:\/\/elfederalmendoza.com.ar\/index.php\/wp-json\/wp\/v2\/tags?post=4241"}],"curies":[{"name":"wp","href":"https:\/\/api.w.org\/{rel}","templated":true}]}}