{"id":4251,"date":"2021-09-17T09:54:32","date_gmt":"2021-09-17T12:54:32","guid":{"rendered":"https:\/\/elfederalmendoza.com\/?p=4251"},"modified":"2021-09-17T10:01:32","modified_gmt":"2021-09-17T13:01:32","slug":"crisis-del-gobierno-caba-amanecio-con-afiches-de-peron-y-la-leyenda-dejense-de-joder","status":"publish","type":"post","link":"https:\/\/elfederalmendoza.com.ar\/index.php\/2021\/09\/17\/crisis-del-gobierno-caba-amanecio-con-afiches-de-peron-y-la-leyenda-dejense-de-joder\/","title":{"rendered":"Crisis del Gobierno: CABA amaneci\u00f3 con afiches de Per\u00f3n y la leyenda \u00abd\u00e9jense de joder\u00bb"},"content":{"rendered":"\n<p>Ante la crisis del gobierno, este es el minuto a minuto de los hechos y declaraciones por la puja de poder en el Frente de Todos, que tiene como protagonistas al Presidente Alberto Fern\u00e1ndez y a su vice, Cristina Kirchner.<\/p>\n\n\n\n<p><strong>8:00&nbsp;<\/strong>La Ciudad de Buenos Aires amaneci\u00f3 empapelada con afiches que tienen una foto de Juan Domingo Per\u00f3n y un mensaje dirigido a Cristina Kirchner y Alberto Fern\u00e1ndez, protagonistas de la crisis que atraviesa el Gobierno y el Frente de Todos.<\/p>\n\n\n\n<p><mark><strong>\u201c\u00a1D\u00e9jense de joder! Primero la Patria, despu\u00e9s el movimiento y luego los hombres\u201d<\/strong><\/mark>.<\/p>\n\n\n\n<p><strong>7:20&nbsp;<\/strong>Agust\u00edn Rossi, ex ministro de Defensa, pidi\u00f3 un \u201c<strong>esfuerzo de la dirigencia<\/strong>\u201d para mantener la unidad. \u201cNuestros militantes y compa\u00f1eros vivieron con much\u00edsima hidalgu\u00eda la resistencia al macrismo, logramos construir una nueva esperanza que es el Frente de Todos. Entonces, mirando las esperanzas que generamos, las expectativas, el esfuerzo de nuestra militancia, son&nbsp;<mark><strong>motivos m\u00e1s que suficientes para buscar un acuerdo<\/strong><\/mark>\u201d, plante\u00f3 en di\u00e1logo con&nbsp;<em>Radio 10<\/em>.<img loading=\"lazy\" decoding=\"async\" alt=\"Rossi se present\u00f3 como precandidato en Santa Fe pero qued\u00f3 en el camino\" src=\"https:\/\/www.infobae.com\/new-resizer\/KrCgUwcxzn0qspQaC30YvXSWEF8=\/420x236\/filters:format(jpg):quality(85)\/cloudfront-us-east-1.images.arcpublishing.com\/infobae\/CFWBP3XFBVFTVKENO7FADKNPZQ.jpg%20420w\" height=\"1080\" width=\"1920\" srcset=\"https:\/\/www.infobae.com\/new-resizer\/KrCgUwcxzn0qspQaC30YvXSWEF8=\/420x236\/filters:format(jpg):quality(85)\/cloudfront-us-east-1.images.arcpublishing.com\/infobae\/CFWBP3XFBVFTVKENO7FADKNPZQ.jpg 420w,https:\/\/www.infobae.com\/new-resizer\/Qs852ExHvN8NCVZjK_6y9JtZfaE=\/768x432\/filters:format(jpg):quality(85)\/cloudfront-us-east-1.images.arcpublishing.com\/infobae\/CFWBP3XFBVFTVKENO7FADKNPZQ.jpg 768w,https:\/\/www.infobae.com\/new-resizer\/j_5bzukxqm5ZnZMToyScyH9Sv3U=\/992x558\/filters:format(jpg):quality(85)\/cloudfront-us-east-1.images.arcpublishing.com\/infobae\/CFWBP3XFBVFTVKENO7FADKNPZQ.jpg 992w,https:\/\/www.infobae.com\/new-resizer\/i0eDY6xhwIy1Kw2YUW5hE20GwuA=\/1200x675\/filters:format(jpg):quality(85)\/cloudfront-us-east-1.images.arcpublishing.com\/infobae\/CFWBP3XFBVFTVKENO7FADKNPZQ.jpg 1200w,https:\/\/www.infobae.com\/new-resizer\/dXtErlvH8W7W6r7SAdyT2E_ihv0=\/1440x810\/filters:format(jpg):quality(85)\/cloudfront-us-east-1.images.arcpublishing.com\/infobae\/CFWBP3XFBVFTVKENO7FADKNPZQ.jpg 1440w\">Rossi se present\u00f3 como precandidato en Santa Fe pero qued\u00f3 en el camino<\/p>\n\n\n\n<p><strong>07.11<\/strong>&nbsp;En medio de la crisis, el Gobierno difundi\u00f3 la agenda presidencial con actividades de los ministros que pusieron a disposici\u00f3n su renuncia. Todav\u00eda no hay definiciones sobre los posibles cambios en el Gabinete y varios de los funcionarios cuestionados por Cristina Kirchner tienen previstas reuniones de trabajo.<\/p>\n\n\n\n<p>El presidente&nbsp;<strong>Alberto Fern\u00e1ndez<\/strong>&nbsp;tiene programado para este viernes participar de manera virtual del Foro de las Principales Econom\u00edas sobre Energ\u00eda y Clima (MEF, por sus siglas en ingl\u00e9s), convocada por su par de los Estados Unidos,&nbsp;<strong>Joe Biden<\/strong>. El resto de la agenda de los funcionarios la pod\u00e9s<a href=\"https:\/\/www.infobae.com\/politica\/2021\/09\/17\/en-medio-de-la-crisis-el-gobierno-difundio-la-agenda-presidencial-con-actividades-de-los-ministros-que-pusieron-a-disposicion-su-renuncia\/\" target=\"_blank\" rel=\"noreferrer noopener\"><strong>&nbsp;leer aqu\u00ed<\/strong><\/a>.<img loading=\"lazy\" decoding=\"async\" alt=\"La fachada del acceso a la Quinta de Olivos (Foto: Nicol\u00e1s Stulberg)\" src=\"https:\/\/www.infobae.com\/new-resizer\/rRIPHN1pGVWJJvK0Icfdwbhtipk=\/420x236\/filters:format(jpg):quality(85)\/cloudfront-us-east-1.images.arcpublishing.com\/infobae\/TOBKLSIJ4FECZODNSKE2ZTFIEI.jpg%20420w\" height=\"1078\" width=\"1920\" srcset=\"https:\/\/www.infobae.com\/new-resizer\/rRIPHN1pGVWJJvK0Icfdwbhtipk=\/420x236\/filters:format(jpg):quality(85)\/cloudfront-us-east-1.images.arcpublishing.com\/infobae\/TOBKLSIJ4FECZODNSKE2ZTFIEI.jpg 420w,https:\/\/www.infobae.com\/new-resizer\/I30RHp-qPIbfdNk_Znzgbj6KRRY=\/768x432\/filters:format(jpg):quality(85)\/cloudfront-us-east-1.images.arcpublishing.com\/infobae\/TOBKLSIJ4FECZODNSKE2ZTFIEI.jpg 768w,https:\/\/www.infobae.com\/new-resizer\/_nlkEb_NO7a_PGjarrnDN7vqEyI=\/992x558\/filters:format(jpg):quality(85)\/cloudfront-us-east-1.images.arcpublishing.com\/infobae\/TOBKLSIJ4FECZODNSKE2ZTFIEI.jpg 992w,https:\/\/www.infobae.com\/new-resizer\/SuShG6Kn1nabvayQrsvwLP_G5g4=\/1200x675\/filters:format(jpg):quality(85)\/cloudfront-us-east-1.images.arcpublishing.com\/infobae\/TOBKLSIJ4FECZODNSKE2ZTFIEI.jpg 1200w,https:\/\/www.infobae.com\/new-resizer\/OOQno4f2A6AJf1auvP20h0a1NYs=\/1440x810\/filters:format(jpg):quality(85)\/cloudfront-us-east-1.images.arcpublishing.com\/infobae\/TOBKLSIJ4FECZODNSKE2ZTFIEI.jpg 1440w\">La fachada del acceso a la Quinta de Olivos (Foto: Nicol\u00e1s Stulberg)<\/p>\n\n\n\n<p><strong>5:43&nbsp;<\/strong>Alberto Fern\u00e1ndez se recluy\u00f3 en la Quinta presidencial de Olivos con sus dirigentes de mayor confianza y mantuvo una reuni\u00f3n que dur\u00f3 hasta altas horas de la madrugada. Estuvo con el jefe de Gabinete,&nbsp;<strong>Santiago Cafiero<\/strong>, la secretaria Legal y T\u00e9cnica,&nbsp;<strong>Vilma Ibarra<\/strong>, y el secretario presidencial,&nbsp;<strong>Julio Vitobello<\/strong>, entre otros funcionarios.<\/p>\n\n\n\n<p>El objetivo fue estudiar&nbsp;<strong>qu\u00e9 respuesta dar a la dura advertencia de Cristina Kirchner<\/strong>. En el Gobierno consideraban ayer que el camino de salida a la crisis pol\u00edtica era avanzar en un acuerdo con el kirchnerismo, para&nbsp;<mark>calmar las aguas<\/mark>&nbsp;despu\u00e9s del terremoto que se gener\u00f3 el mi\u00e9rcoles cuando los ministros que responden a la Vicepresidenta pusieron su renuncia a disposici\u00f3n de Alberto Fern\u00e1ndez.<img loading=\"lazy\" decoding=\"async\" height=\"1079\" width=\"1920\" srcset=\"https:\/\/www.infobae.com\/new-resizer\/n-GEY7kmp-rCTrA5usn1jCqTDQg=\/420x236\/filters:format(jpg):quality(85)\/arc-anglerfish-arc2-prod-infobae.s3.amazonaws.com\/public\/3P3OA5LGANAGBL7HZIDFJFJUN4 420w,https:\/\/www.infobae.com\/new-resizer\/mAbdzRaApj1DNx2QCMoUckQ3gxg=\/768x432\/filters:format(jpg):quality(85)\/arc-anglerfish-arc2-prod-infobae.s3.amazonaws.com\/public\/3P3OA5LGANAGBL7HZIDFJFJUN4 768w,https:\/\/www.infobae.com\/new-resizer\/7QF21wVCM1Cir0r0QhnHiGOF6w8=\/992x558\/filters:format(jpg):quality(85)\/arc-anglerfish-arc2-prod-infobae.s3.amazonaws.com\/public\/3P3OA5LGANAGBL7HZIDFJFJUN4 992w,https:\/\/www.infobae.com\/new-resizer\/tuTugf73iFIiIiK2TXK4tahoap0=\/1200x675\/filters:format(jpg):quality(85)\/arc-anglerfish-arc2-prod-infobae.s3.amazonaws.com\/public\/3P3OA5LGANAGBL7HZIDFJFJUN4 1200w,https:\/\/www.infobae.com\/new-resizer\/q1xIZrsVKMfgmcIiRDUsH7bqwxI=\/1440x810\/filters:format(jpg):quality(85)\/arc-anglerfish-arc2-prod-infobae.s3.amazonaws.com\/public\/3P3OA5LGANAGBL7HZIDFJFJUN4 1440w\" alt=\"Fern\u00e1ndez es uno de los principales referentes de la Iglesia Cat\u00f3lica argentina y hombre de extrema confianza del papa Francisco \" src=\"https:\/\/www.infobae.com\/new-resizer\/n-GEY7kmp-rCTrA5usn1jCqTDQg=\/420x236\/filters:format(jpg):quality(85)\/arc-anglerfish-arc2-prod-infobae.s3.amazonaws.com\/public\/3P3OA5LGANAGBL7HZIDFJFJUN4%20420w\">Fern\u00e1ndez es uno de los principales referentes de la Iglesia Cat\u00f3lica argentina y hombre de extrema confianza del papa Francisco<\/p>\n\n\n\n<p><strong>00:30 V\u00edctor Manuel Fern\u00e1ndez<\/strong>, arzobispo de La Plata y muy cercano al papa Francisco,\u00a0critic\u00f3 al presidente Alberto Fern\u00e1ndez\u00a0por \u201centretenerse con el aborto, la marihuana y el lenguaje inclusivo\u201d mientras desatend\u00eda los graves problemas sociales del pa\u00eds.<\/p>\n\n\n\n<p>En la carta que le dirigi\u00f3 al mandatario, el sacerdote lament\u00f3 que el Gobierno no le haya dado prioridad a los&nbsp;<mark>graves problemas sociales que agobian al pueblo argentino<\/mark>, como la pobreza, la inflaci\u00f3n y la desocupaci\u00f3n.<\/p>\n","protected":false},"excerpt":{"rendered":"<p>Ante la crisis del gobierno, este es el minuto a minuto de los hechos y declaraciones por la puja de poder en el Frente de Todos, que tiene como protagonistas al Presidente Alberto Fern\u00e1ndez y a su vice, Cristina Kirchner. 8:00&nbsp;La Ciudad de Buenos Aires amaneci\u00f3 empapelada con afiches que tienen una foto de Juan<a class=\"read-more\" href=\"https:\/\/elfederalmendoza.com.ar\/index.php\/2021\/09\/17\/crisis-del-gobierno-caba-amanecio-con-afiches-de-peron-y-la-leyenda-dejense-de-joder\/\"> [&hellip;]<\/a><\/p>\n","protected":false},"author":2,"featured_media":4252,"comment_status":"open","ping_status":"open","sticky":false,"template":"","format":"standard","meta":{"footnotes":""},"categories":[1],"tags":[],"class_list":["post-4251","post","type-post","status-publish","format-standard","has-post-thumbnail","hentry","category-mza"],"rttpg_featured_image_url":{"full":["https:\/\/elfederalmendoza.com.ar\/wp-content\/uploads\/2021\/09\/dejense-de-joder1.jpg",1114,611,false],"landscape":["https:\/\/elfederalmendoza.com.ar\/wp-content\/uploads\/2021\/09\/dejense-de-joder1.jpg",1114,611,false],"portraits":["https:\/\/elfederalmendoza.com.ar\/wp-content\/uploads\/2021\/09\/dejense-de-joder1.jpg",1114,611,false],"thumbnail":["https:\/\/elfederalmendoza.com.ar\/wp-content\/uploads\/2021\/09\/dejense-de-joder1-150x150.jpg",150,150,true],"medium":["https:\/\/elfederalmendoza.com.ar\/wp-content\/uploads\/2021\/09\/dejense-de-joder1-300x165.jpg",300,165,true],"large":["https:\/\/elfederalmendoza.com.ar\/wp-content\/uploads\/2021\/09\/dejense-de-joder1-1024x562.jpg",640,351,true],"1536x1536":["https:\/\/elfederalmendoza.com.ar\/wp-content\/uploads\/2021\/09\/dejense-de-joder1.jpg",1114,611,false],"2048x2048":["https:\/\/elfederalmendoza.com.ar\/wp-content\/uploads\/2021\/09\/dejense-de-joder1.jpg",1114,611,false],"ultp_layout_landscape_large":["https:\/\/elfederalmendoza.com.ar\/wp-content\/uploads\/2021\/09\/dejense-de-joder1.jpg",1114,611,false],"ultp_layout_landscape":["https:\/\/elfederalmendoza.com.ar\/wp-content\/uploads\/2021\/09\/dejense-de-joder1-870x570.jpg",870,570,true],"ultp_layout_portrait":["https:\/\/elfederalmendoza.com.ar\/wp-content\/uploads\/2021\/09\/dejense-de-joder1-600x611.jpg",600,611,true],"ultp_layout_square":["https:\/\/elfederalmendoza.com.ar\/wp-content\/uploads\/2021\/09\/dejense-de-joder1-600x600.jpg",600,600,true],"rpwe-thumbnail":["https:\/\/elfederalmendoza.com.ar\/wp-content\/uploads\/2021\/09\/dejense-de-joder1-45x45.jpg",45,45,true],"advps-thumb-one":["https:\/\/elfederalmendoza.com.ar\/wp-content\/uploads\/2021\/09\/dejense-de-joder1-1114x420.jpg",1114,420,true]},"rttpg_author":{"display_name":"Redacci\u00f3n El Federal","author_link":"https:\/\/elfederalmendoza.com.ar\/index.php\/author\/angelflores\/"},"rttpg_comment":0,"rttpg_category":"<a href=\"https:\/\/elfederalmendoza.com.ar\/index.php\/category\/mza\/\" rel=\"category tag\">Mendoza<\/a>","rttpg_excerpt":"Ante la crisis del gobierno, este es el minuto a minuto de los hechos y declaraciones por la puja de poder en el Frente de Todos, que tiene como protagonistas al Presidente Alberto Fern\u00e1ndez y a su vice, Cristina Kirchner. 8:00&nbsp;La Ciudad de Buenos Aires amaneci\u00f3 empapelada con afiches que tienen una foto de Juan&hellip;","_links":{"self":[{"href":"https:\/\/elfederalmendoza.com.ar\/index.php\/wp-json\/wp\/v2\/posts\/4251","targetHints":{"allow":["GET"]}}],"collection":[{"href":"https:\/\/elfederalmendoza.com.ar\/index.php\/wp-json\/wp\/v2\/posts"}],"about":[{"href":"https:\/\/elfederalmendoza.com.ar\/index.php\/wp-json\/wp\/v2\/types\/post"}],"author":[{"embeddable":true,"href":"https:\/\/elfederalmendoza.com.ar\/index.php\/wp-json\/wp\/v2\/users\/2"}],"replies":[{"embeddable":true,"href":"https:\/\/elfederalmendoza.com.ar\/index.php\/wp-json\/wp\/v2\/comments?post=4251"}],"version-history":[{"count":2,"href":"https:\/\/elfederalmendoza.com.ar\/index.php\/wp-json\/wp\/v2\/posts\/4251\/revisions"}],"predecessor-version":[{"id":4254,"href":"https:\/\/elfederalmendoza.com.ar\/index.php\/wp-json\/wp\/v2\/posts\/4251\/revisions\/4254"}],"wp:featuredmedia":[{"embeddable":true,"href":"https:\/\/elfederalmendoza.com.ar\/index.php\/wp-json\/wp\/v2\/media\/4252"}],"wp:attachment":[{"href":"https:\/\/elfederalmendoza.com.ar\/index.php\/wp-json\/wp\/v2\/media?parent=4251"}],"wp:term":[{"taxonomy":"category","embeddable":true,"href":"https:\/\/elfederalmendoza.com.ar\/index.php\/wp-json\/wp\/v2\/categories?post=4251"},{"taxonomy":"post_tag","embeddable":true,"href":"https:\/\/elfederalmendoza.com.ar\/index.php\/wp-json\/wp\/v2\/tags?post=4251"}],"curies":[{"name":"wp","href":"https:\/\/api.w.org\/{rel}","templated":true}]}}