{"id":4256,"date":"2021-09-17T20:53:35","date_gmt":"2021-09-17T23:53:35","guid":{"rendered":"https:\/\/elfederalmendoza.com\/?p=4256"},"modified":"2021-09-17T20:53:36","modified_gmt":"2021-09-17T23:53:36","slug":"un-peronismo-psiquiatrico-que-paralizo-al-pais-por-pujas-de-poder-con-un-presidente-sin-huevos","status":"publish","type":"post","link":"https:\/\/elfederalmendoza.com.ar\/index.php\/2021\/09\/17\/un-peronismo-psiquiatrico-que-paralizo-al-pais-por-pujas-de-poder-con-un-presidente-sin-huevos\/","title":{"rendered":"Un peronismo psiqui\u00e1trico que paraliz\u00f3 al pa\u00eds por pujas de poder con un presidente sin \u00abhuevos\u00bb"},"content":{"rendered":"\n<p>*Por Angel Flores<\/p>\n\n\n\n<p>El esc\u00e1ndalo pol\u00edtico del pa\u00eds quiz\u00e1s no se dimensione en su verdadera gravedad. Y tratando de esbozar alguna explicaci\u00f3n a colegas del exterior que no entienden los verdaderos motivos de la crisis, resulta dif\u00edcil tambi\u00e9n hasta para un psic\u00f3logo dar un diagnostico sobre las conductas de los protagonistas de este guion de pel\u00edcula,<strong> que ning\u00fan escritor de ciencia ficci\u00f3n hubiera imaginado.<\/strong><\/p>\n\n\n\n<p><strong>Alberto Fern\u00e1ndez entreg\u00f3 el poder a Cristina Kirchner<\/strong>, cumpliendo su palabra en no traicionar a la vicepresidente, pero si a su amigo y mano derecha por a\u00f1os, Juan Pablo Biondi, vocero presidencial que present\u00f3 su renuncia indeclinable como parte de un macabro \u00abarreglo\u00bb de poder, solo para satisfacer a Cristina.<\/p>\n\n\n\n<figure class=\"wp-block-image size-large is-resized\"><img loading=\"lazy\" decoding=\"async\" src=\"https:\/\/elfederalmendoza.com\/wp-content\/uploads\/2021\/09\/biondi.jpg\" alt=\"\" class=\"wp-image-4257\" width=\"1022\" height=\"572\" srcset=\"https:\/\/elfederalmendoza.com.ar\/wp-content\/uploads\/2021\/09\/biondi.jpg 702w, https:\/\/elfederalmendoza.com.ar\/wp-content\/uploads\/2021\/09\/biondi-300x168.jpg 300w\" sizes=\"auto, (max-width: 1022px) 100vw, 1022px\" \/><figcaption>Alberto Fern\u00e1ndez y Juan Pablo Biondi<\/figcaption><\/figure>\n\n\n\n<p>Una vez m\u00e1s, el Presidente cede la oportunidad de ordenar su gabinete con su gente de confianza, alimentando a La C\u00e1mpora, al Instituto Patria, y a la propia Cristina, en una conducta que muchos podr\u00edan definir como un hombre con \u00abpocos huevos\u00bb. <strong>Solo falta que Santiago Cafiero, que ya tiene se\u00f1alado el pasillo de salida, con flechas rojas marcadas en el piso para que no se pierda.<\/strong><\/p>\n\n\n\n<p>Por mientras, el Banco Central sigue perdiendo reservas, que hasta el d\u00eda de hoy perdi\u00f3 m\u00e1s de 350 millones de d\u00f3lares en dos d\u00edas, en otro presupuesto 2022 presentado por el ministro de econom\u00eda, Mart\u00edn Guzm\u00e1n,<strong> con datos ficticios, imposibles de cumplir<\/strong> sin un arreglo con el Fondo Monetario Internacional.<\/p>\n\n\n\n<p>Un pa\u00eds totalmente paralizado desde las elecciones PASO, y por los resultados que pusieron los pelos de punta al sector kirchnerista, nada mejor representado <strong>en una foto que Cristina no puede soportar, la foto de la derrota.<\/strong><\/p>\n\n\n\n<figure class=\"wp-block-image size-large is-resized\"><img loading=\"lazy\" decoding=\"async\" src=\"https:\/\/elfederalmendoza.com\/wp-content\/uploads\/2021\/09\/cris-y-albert3.jpg\" alt=\"\" class=\"wp-image-4258\" width=\"1018\" height=\"571\" srcset=\"https:\/\/elfederalmendoza.com.ar\/wp-content\/uploads\/2021\/09\/cris-y-albert3.jpg 474w, https:\/\/elfederalmendoza.com.ar\/wp-content\/uploads\/2021\/09\/cris-y-albert3-300x168.jpg 300w\" sizes=\"auto, (max-width: 1018px) 100vw, 1018px\" \/><figcaption>Alberto Fern\u00e1ndez en su discurso por los resultados de las PASO<\/figcaption><\/figure>\n\n\n\n<p>La gravedad de lo acontece, que no puede ser explicada por psic\u00f3logos, polit\u00f3logos o escritores de ficci\u00f3n, es tan compleja <strong>que solo la diputada Fernanda Vallejos del Frente de Todos, pudo explicar en los audios \u00abfiltrados\u00bb<\/strong>, que muchos aseguran que fueron difundidos a prop\u00f3sito, para mandar el verdadero mensaje de Cristina a todo el descalabro que hoy sufren los argentinos.<\/p>\n\n\n\n<p>De este descalabro hablo, en un pa\u00eds que se cae a pedazos:<\/p>\n\n\n\n<iframe loading=\"lazy\" src=\"https:\/\/www.facebook.com\/plugins\/post.php?href=https%3A%2F%2Fwww.facebook.com%2Fangelflores1962%2Fposts%2F4419067391533816&#038;show_text=true&#038;width=500\" width=\"500\" height=\"225\" style=\"border:none;overflow:hidden\" scrolling=\"no\" frameborder=\"0\" allowfullscreen=\"true\" allow=\"autoplay; clipboard-write; encrypted-media; picture-in-picture; web-share\"><\/iframe>\n\n\n\n<p>Alberto Fern\u00e1ndez y Cristina Kirchner son lo mismo. Entre los dos se encargaron en chocar de frente al pa\u00eds en menos de 2 a\u00f1os, con un \u00abbonus track\u00bb dentro de esta pel\u00edcula. Chocaron, sobreviven, pero se llevaron en el bolsillo una bomba que va a explotar en el final de la zaga.<strong> La bomba de m\u00e1s inflaci\u00f3n, m\u00e1s pobreza y m\u00e1s indigentes.<\/strong><\/p>\n\n\n\n<p>En estos dos meses que quedan para las elecciones, se juegan el fin del kirchnerismo para siempre.<\/p>\n","protected":false},"excerpt":{"rendered":"<p>*Por Angel Flores El esc\u00e1ndalo pol\u00edtico del pa\u00eds quiz\u00e1s no se dimensione en su verdadera gravedad. Y tratando de esbozar alguna explicaci\u00f3n a colegas del exterior que no entienden los verdaderos motivos de la crisis, resulta dif\u00edcil tambi\u00e9n hasta para un psic\u00f3logo dar un diagnostico sobre las conductas de los protagonistas de este guion de<a class=\"read-more\" href=\"https:\/\/elfederalmendoza.com.ar\/index.php\/2021\/09\/17\/un-peronismo-psiquiatrico-que-paralizo-al-pais-por-pujas-de-poder-con-un-presidente-sin-huevos\/\"> [&hellip;]<\/a><\/p>\n","protected":false},"author":2,"featured_media":4259,"comment_status":"open","ping_status":"open","sticky":false,"template":"","format":"standard","meta":{"footnotes":""},"categories":[1],"tags":[],"class_list":["post-4256","post","type-post","status-publish","format-standard","has-post-thumbnail","hentry","category-mza"],"rttpg_featured_image_url":{"full":["https:\/\/elfederalmendoza.com.ar\/wp-content\/uploads\/2021\/09\/cris-y-albert5.jpg",1157,651,false],"landscape":["https:\/\/elfederalmendoza.com.ar\/wp-content\/uploads\/2021\/09\/cris-y-albert5.jpg",1157,651,false],"portraits":["https:\/\/elfederalmendoza.com.ar\/wp-content\/uploads\/2021\/09\/cris-y-albert5.jpg",1157,651,false],"thumbnail":["https:\/\/elfederalmendoza.com.ar\/wp-content\/uploads\/2021\/09\/cris-y-albert5-150x150.jpg",150,150,true],"medium":["https:\/\/elfederalmendoza.com.ar\/wp-content\/uploads\/2021\/09\/cris-y-albert5-300x169.jpg",300,169,true],"large":["https:\/\/elfederalmendoza.com.ar\/wp-content\/uploads\/2021\/09\/cris-y-albert5-1024x576.jpg",640,360,true],"1536x1536":["https:\/\/elfederalmendoza.com.ar\/wp-content\/uploads\/2021\/09\/cris-y-albert5.jpg",1157,651,false],"2048x2048":["https:\/\/elfederalmendoza.com.ar\/wp-content\/uploads\/2021\/09\/cris-y-albert5.jpg",1157,651,false],"ultp_layout_landscape_large":["https:\/\/elfederalmendoza.com.ar\/wp-content\/uploads\/2021\/09\/cris-y-albert5.jpg",1157,651,false],"ultp_layout_landscape":["https:\/\/elfederalmendoza.com.ar\/wp-content\/uploads\/2021\/09\/cris-y-albert5-870x570.jpg",870,570,true],"ultp_layout_portrait":["https:\/\/elfederalmendoza.com.ar\/wp-content\/uploads\/2021\/09\/cris-y-albert5-600x651.jpg",600,651,true],"ultp_layout_square":["https:\/\/elfederalmendoza.com.ar\/wp-content\/uploads\/2021\/09\/cris-y-albert5-600x600.jpg",600,600,true],"rpwe-thumbnail":["https:\/\/elfederalmendoza.com.ar\/wp-content\/uploads\/2021\/09\/cris-y-albert5-45x45.jpg",45,45,true],"advps-thumb-one":["https:\/\/elfederalmendoza.com.ar\/wp-content\/uploads\/2021\/09\/cris-y-albert5-1157x420.jpg",1157,420,true]},"rttpg_author":{"display_name":"Redacci\u00f3n El Federal","author_link":"https:\/\/elfederalmendoza.com.ar\/index.php\/author\/angelflores\/"},"rttpg_comment":0,"rttpg_category":"<a href=\"https:\/\/elfederalmendoza.com.ar\/index.php\/category\/mza\/\" rel=\"category tag\">Mendoza<\/a>","rttpg_excerpt":"*Por Angel Flores El esc\u00e1ndalo pol\u00edtico del pa\u00eds quiz\u00e1s no se dimensione en su verdadera gravedad. Y tratando de esbozar alguna explicaci\u00f3n a colegas del exterior que no entienden los verdaderos motivos de la crisis, resulta dif\u00edcil tambi\u00e9n hasta para un psic\u00f3logo dar un diagnostico sobre las conductas de los protagonistas de este guion de&hellip;","_links":{"self":[{"href":"https:\/\/elfederalmendoza.com.ar\/index.php\/wp-json\/wp\/v2\/posts\/4256","targetHints":{"allow":["GET"]}}],"collection":[{"href":"https:\/\/elfederalmendoza.com.ar\/index.php\/wp-json\/wp\/v2\/posts"}],"about":[{"href":"https:\/\/elfederalmendoza.com.ar\/index.php\/wp-json\/wp\/v2\/types\/post"}],"author":[{"embeddable":true,"href":"https:\/\/elfederalmendoza.com.ar\/index.php\/wp-json\/wp\/v2\/users\/2"}],"replies":[{"embeddable":true,"href":"https:\/\/elfederalmendoza.com.ar\/index.php\/wp-json\/wp\/v2\/comments?post=4256"}],"version-history":[{"count":1,"href":"https:\/\/elfederalmendoza.com.ar\/index.php\/wp-json\/wp\/v2\/posts\/4256\/revisions"}],"predecessor-version":[{"id":4260,"href":"https:\/\/elfederalmendoza.com.ar\/index.php\/wp-json\/wp\/v2\/posts\/4256\/revisions\/4260"}],"wp:featuredmedia":[{"embeddable":true,"href":"https:\/\/elfederalmendoza.com.ar\/index.php\/wp-json\/wp\/v2\/media\/4259"}],"wp:attachment":[{"href":"https:\/\/elfederalmendoza.com.ar\/index.php\/wp-json\/wp\/v2\/media?parent=4256"}],"wp:term":[{"taxonomy":"category","embeddable":true,"href":"https:\/\/elfederalmendoza.com.ar\/index.php\/wp-json\/wp\/v2\/categories?post=4256"},{"taxonomy":"post_tag","embeddable":true,"href":"https:\/\/elfederalmendoza.com.ar\/index.php\/wp-json\/wp\/v2\/tags?post=4256"}],"curies":[{"name":"wp","href":"https:\/\/api.w.org\/{rel}","templated":true}]}}