{"id":4262,"date":"2021-09-18T13:08:22","date_gmt":"2021-09-18T16:08:22","guid":{"rendered":"https:\/\/elfederalmendoza.com\/?p=4262"},"modified":"2021-09-18T13:08:23","modified_gmt":"2021-09-18T16:08:23","slug":"a-ultima-hora-del-viernes-alberto-fernandez-saco-un-decreto-que-lo-habilita-a-gastar-la-plata-del-fmi-para-la-campana","status":"publish","type":"post","link":"https:\/\/elfederalmendoza.com.ar\/index.php\/2021\/09\/18\/a-ultima-hora-del-viernes-alberto-fernandez-saco-un-decreto-que-lo-habilita-a-gastar-la-plata-del-fmi-para-la-campana\/","title":{"rendered":"A \u00faltima hora del viernes, Alberto Fern\u00e1ndez sac\u00f3 un decreto que lo habilita a gastar la plata del FMI para la campa\u00f1a"},"content":{"rendered":"\n<p>El viernes\u00a0<strong>a \u00faltima hora de la noche,<\/strong>\u00a0el Poder Ejecutivo emiti\u00f3 un DNU que incorpora al\u00a0Presupuesto 2021\u00a0como ingresos los DEG que el\u00a0<a rel=\"noreferrer noopener\" href=\"https:\/\/www.clarin.com\/tema\/fondo-monetario-internacional.html\" target=\"_blank\">FMI\u00a0<\/a>gir\u00f3 a la Argentina semanas atr\u00e1s con motivo de la ayuda extra que el organismo brind\u00f3 por la pandemia.\u00a0<strong>Son US$ 4.334 millones,<\/strong>\u00a0equivalentes en moneda argentina a $ 422.174 millones.<\/p>\n\n\n\n<p>El decreto fue firmado&nbsp;<strong>minutos antes de las 22 horas<\/strong>, justo cuando se anunciaron los cambios en el Gabinete del Gobierno tras la crisis pol\u00edtica desencadenada por la derrota electoral del oficialismo en las elecciones primarias para las legislativas de noviembre.&nbsp;<\/p>\n\n\n\n<p>La resoluci\u00f3n confirma que&nbsp;<strong>el Tesoro tendr\u00e1 m\u00e1s ingresos por la plata que el pa\u00eds recibi\u00f3 del FMI<\/strong>&nbsp;(Derechos Especiales de Giro) y que el Banco Central recibir\u00e1 una letra intransferible. Seg\u00fan especialistas consultados, el decreto habilita algo m\u00e1s: deja al Gobierno al borde de poder gastarse esos recursos para la campa\u00f1a y, de paso, pagarle al organismo este mi\u00e9rcoles una deuda.<\/p>\n\n\n\n<p>El tema ser\u00eda as\u00ed. Primero, el Tesoro vende los DEG al Banco Central haci\u00e9ndose\u00a0de esos pesos. Luego, y en segundo t\u00e9rmino, el decreto habilit\u00f3\u00a0al Tesoro a pedirle esos DEG al BCRA para pagar la deuda con el FMI transfiri\u00e9ndole a cambio una Letra Intransferible. Esto \u00faltimo fue el mismo mecanismo que us\u00f3 N\u00e9stor Kirchner para pagarle la deuda al organismo con las reservas en 2005.\u00a0<\/p>\n\n\n\n<figure class=\"wp-block-image size-large is-resized\"><img loading=\"lazy\" decoding=\"async\" src=\"https:\/\/elfederalmendoza.com\/wp-content\/uploads\/2021\/09\/decreto.png\" alt=\"\" class=\"wp-image-4263\" width=\"1013\" height=\"950\" srcset=\"https:\/\/elfederalmendoza.com.ar\/wp-content\/uploads\/2021\/09\/decreto.png 567w, https:\/\/elfederalmendoza.com.ar\/wp-content\/uploads\/2021\/09\/decreto-300x281.png 300w\" sizes=\"auto, (max-width: 1013px) 100vw, 1013px\" \/><\/figure>\n\n\n\n<p>Economistas como Gabriel Caama\u00f1o (Consultora Ledesma), Fernando Marull (FM &amp; Asociados) y Federico Furiase (Anker) ven\u00edan advirtiendo de esta posibilidad en los \u00faltimos d\u00edas. De hecho el proyecto de Presupuesto 2022 dej\u00f3 abierta esta posibilidad que ahora se confirma con el DNU.&nbsp;<\/p>\n\n\n\n<p><em>\u00abEl Presupuesto 22 incluye entre los usos para los DEGs \u201cdotar de liquidez al Tesoro\u201d, adem\u00e1s de la opci\u00f3n para cancelar vencimientos de deuda con el Fondo y\/o para fortalecer la posici\u00f3n de reservas del BCRA\u00bb<\/em>, adelant\u00f3 Furiase en un informe en la semana.<\/p>\n\n\n\n<p><strong><em>\u00abPas\u00f3 lo que se adelant\u00f3 hace tiempo\u00bb<\/em><\/strong>, tuite\u00f3 por su parte Caama\u00f1o. \u00abCon fuentes de financiamiento monetario al Tesoro al limite de la Carta Org\u00e1nica, los DEG se venden por pesos y luego se recuperan con una Letra Intransferible para pagar a FMI.&nbsp;<strong>Se usan 2 veces, como en 2009. Esto tambi\u00e9n vuelve<\/strong>\u00ab.<\/p>\n\n\n\n<p>El<strong>&nbsp;Tesoro de este modo podr\u00eda ampliar su caja en pesos respecto al l\u00edmite del financiamiento monetario<\/strong>&nbsp;establecido por Carta Org\u00e1nica del BCRA, apelando a un artilugio contable: el Tesoro le vende al BCRA los d\u00f3lares provenientes de la ampliaci\u00f3n de DEGs contra pesos para relajar el programa financiero, y le coloca una Letra Intransferible al BCRA para hacerse nuevamente de los d\u00f3lares y cancelar la deuda con el organismo. El impacto en t\u00e9rminos de reservas netas del BCRA es neutro pero la hoja de balance se ver\u00eda deteriorada dado que habr\u00eda mayor emisi\u00f3n monetaria\/colocaci\u00f3n de LELIQs.<\/p>\n\n\n\n<p>La movida del Gobierno con este decreto podr\u00eda generar&nbsp;<strong>reclamos de la oposici\u00f3n<\/strong>&nbsp;de cara a la discusi\u00f3n del proyecto de Presupuesto 2022: estos ingresos de los se har\u00eda el Tesoro (DEG) no estar\u00edan&nbsp;incluidos en la proyecci\u00f3n de cierre del Presupuesto 2021.<strong>&nbsp;\u00abHabr\u00e1 que ver como este decreto en los c\u00e1lculos y comparaciones\u00bb<\/strong>, advirtieron desde los equipos t\u00e9cnicos de la Fundaci\u00f3n Alem de la UCR.<\/p>\n\n\n\n<p><strong>Este mi\u00e9rcoles Argentina deber\u00e1 pagar la primera cuota del pr\u00e9stamo que recibi\u00f3 del FMI en 2018. Son US$ 1.887 millones.<\/strong>\u00a0En diciembre deber\u00e1 afrontar una cuota similar. Ya en marzo de 2022 el monto ser\u00e1 mayor. Argentina pretende refinanciar esa deuda para no tener que pagar en forma cash y conseguir m\u00e1s tiempo. El FMI podr\u00eda darle un plazo de hasta diez a\u00f1os si es que el pa\u00eds se comprometa a firmar un acuerdo de Facilidades Extendidas. Es lo que el Gobierno ha solicitado. Pero las negociaciones se encuentran trabadas seg\u00fan fuentes al tanto de ellas.\u00a0<\/p>\n\n\n\n<p>Clar\u00edn<\/p>\n","protected":false},"excerpt":{"rendered":"<p>El viernes\u00a0a \u00faltima hora de la noche,\u00a0el Poder Ejecutivo emiti\u00f3 un DNU que incorpora al\u00a0Presupuesto 2021\u00a0como ingresos los DEG que el\u00a0FMI\u00a0gir\u00f3 a la Argentina semanas atr\u00e1s con motivo de la ayuda extra que el organismo brind\u00f3 por la pandemia.\u00a0Son US$ 4.334 millones,\u00a0equivalentes en moneda argentina a $ 422.174 millones. El decreto fue firmado&nbsp;minutos antes de<a class=\"read-more\" href=\"https:\/\/elfederalmendoza.com.ar\/index.php\/2021\/09\/18\/a-ultima-hora-del-viernes-alberto-fernandez-saco-un-decreto-que-lo-habilita-a-gastar-la-plata-del-fmi-para-la-campana\/\"> [&hellip;]<\/a><\/p>\n","protected":false},"author":2,"featured_media":4264,"comment_status":"open","ping_status":"open","sticky":false,"template":"","format":"standard","meta":{"footnotes":""},"categories":[1],"tags":[],"class_list":["post-4262","post","type-post","status-publish","format-standard","has-post-thumbnail","hentry","category-mza"],"rttpg_featured_image_url":{"full":["https:\/\/elfederalmendoza.com.ar\/wp-content\/uploads\/2021\/09\/cris-y-albert.jpg",474,276,false],"landscape":["https:\/\/elfederalmendoza.com.ar\/wp-content\/uploads\/2021\/09\/cris-y-albert.jpg",474,276,false],"portraits":["https:\/\/elfederalmendoza.com.ar\/wp-content\/uploads\/2021\/09\/cris-y-albert.jpg",474,276,false],"thumbnail":["https:\/\/elfederalmendoza.com.ar\/wp-content\/uploads\/2021\/09\/cris-y-albert-150x150.jpg",150,150,true],"medium":["https:\/\/elfederalmendoza.com.ar\/wp-content\/uploads\/2021\/09\/cris-y-albert-300x175.jpg",300,175,true],"large":["https:\/\/elfederalmendoza.com.ar\/wp-content\/uploads\/2021\/09\/cris-y-albert.jpg",474,276,false],"1536x1536":["https:\/\/elfederalmendoza.com.ar\/wp-content\/uploads\/2021\/09\/cris-y-albert.jpg",474,276,false],"2048x2048":["https:\/\/elfederalmendoza.com.ar\/wp-content\/uploads\/2021\/09\/cris-y-albert.jpg",474,276,false],"ultp_layout_landscape_large":["https:\/\/elfederalmendoza.com.ar\/wp-content\/uploads\/2021\/09\/cris-y-albert.jpg",474,276,false],"ultp_layout_landscape":["https:\/\/elfederalmendoza.com.ar\/wp-content\/uploads\/2021\/09\/cris-y-albert.jpg",474,276,false],"ultp_layout_portrait":["https:\/\/elfederalmendoza.com.ar\/wp-content\/uploads\/2021\/09\/cris-y-albert.jpg",474,276,false],"ultp_layout_square":["https:\/\/elfederalmendoza.com.ar\/wp-content\/uploads\/2021\/09\/cris-y-albert.jpg",474,276,false],"rpwe-thumbnail":["https:\/\/elfederalmendoza.com.ar\/wp-content\/uploads\/2021\/09\/cris-y-albert-45x45.jpg",45,45,true],"advps-thumb-one":["https:\/\/elfederalmendoza.com.ar\/wp-content\/uploads\/2021\/09\/cris-y-albert.jpg",474,276,false]},"rttpg_author":{"display_name":"Redacci\u00f3n El Federal","author_link":"https:\/\/elfederalmendoza.com.ar\/index.php\/author\/angelflores\/"},"rttpg_comment":0,"rttpg_category":"<a href=\"https:\/\/elfederalmendoza.com.ar\/index.php\/category\/mza\/\" rel=\"category tag\">Mendoza<\/a>","rttpg_excerpt":"El viernes\u00a0a \u00faltima hora de la noche,\u00a0el Poder Ejecutivo emiti\u00f3 un DNU que incorpora al\u00a0Presupuesto 2021\u00a0como ingresos los DEG que el\u00a0FMI\u00a0gir\u00f3 a la Argentina semanas atr\u00e1s con motivo de la ayuda extra que el organismo brind\u00f3 por la pandemia.\u00a0Son US$ 4.334 millones,\u00a0equivalentes en moneda argentina a $ 422.174 millones. El decreto fue firmado&nbsp;minutos antes de&hellip;","_links":{"self":[{"href":"https:\/\/elfederalmendoza.com.ar\/index.php\/wp-json\/wp\/v2\/posts\/4262","targetHints":{"allow":["GET"]}}],"collection":[{"href":"https:\/\/elfederalmendoza.com.ar\/index.php\/wp-json\/wp\/v2\/posts"}],"about":[{"href":"https:\/\/elfederalmendoza.com.ar\/index.php\/wp-json\/wp\/v2\/types\/post"}],"author":[{"embeddable":true,"href":"https:\/\/elfederalmendoza.com.ar\/index.php\/wp-json\/wp\/v2\/users\/2"}],"replies":[{"embeddable":true,"href":"https:\/\/elfederalmendoza.com.ar\/index.php\/wp-json\/wp\/v2\/comments?post=4262"}],"version-history":[{"count":1,"href":"https:\/\/elfederalmendoza.com.ar\/index.php\/wp-json\/wp\/v2\/posts\/4262\/revisions"}],"predecessor-version":[{"id":4265,"href":"https:\/\/elfederalmendoza.com.ar\/index.php\/wp-json\/wp\/v2\/posts\/4262\/revisions\/4265"}],"wp:featuredmedia":[{"embeddable":true,"href":"https:\/\/elfederalmendoza.com.ar\/index.php\/wp-json\/wp\/v2\/media\/4264"}],"wp:attachment":[{"href":"https:\/\/elfederalmendoza.com.ar\/index.php\/wp-json\/wp\/v2\/media?parent=4262"}],"wp:term":[{"taxonomy":"category","embeddable":true,"href":"https:\/\/elfederalmendoza.com.ar\/index.php\/wp-json\/wp\/v2\/categories?post=4262"},{"taxonomy":"post_tag","embeddable":true,"href":"https:\/\/elfederalmendoza.com.ar\/index.php\/wp-json\/wp\/v2\/tags?post=4262"}],"curies":[{"name":"wp","href":"https:\/\/api.w.org\/{rel}","templated":true}]}}