{"id":4266,"date":"2021-09-20T10:03:05","date_gmt":"2021-09-20T13:03:05","guid":{"rendered":"https:\/\/elfederalmendoza.com\/?p=4266"},"modified":"2021-09-20T10:03:06","modified_gmt":"2021-09-20T13:03:06","slug":"madre-e-hija-que-vinieron-de-miami-son-los-primeros-casos-positivos-con-la-variante-delta-en-la-rioja","status":"publish","type":"post","link":"https:\/\/elfederalmendoza.com.ar\/index.php\/2021\/09\/20\/madre-e-hija-que-vinieron-de-miami-son-los-primeros-casos-positivos-con-la-variante-delta-en-la-rioja\/","title":{"rendered":"Madre e hija que vinieron de Miami, son los primeros casos positivos con la variante Delta en La Rioja"},"content":{"rendered":"\n<p>Se trata de dos mujeres que llegaron de Miami el 30 de agosto. Seg\u00fan pudo saber<strong> EL FEDERAL<\/strong>, las mismas ya realizaron el aislamiento correspondiente y no se habr\u00edan producido m\u00e1s contagios.<\/p>\n\n\n\n<p>A partir de fuentes del Ministerio de Salud de la provincia, se pudo confirmar que la variante Delta del virus COVID-19 lleg\u00f3 a La Rioja.<\/p>\n\n\n\n<p>Se confirmaron dos casos en dos mujeres,<strong> madre e hija, que volv\u00edan de un viaje en Miami, Estados Unidos<\/strong>. Las mismas llegaron a la provincia el 30 de agosto y el positivo fue confirmado dos d\u00edas despu\u00e9s. Por este motivo habr\u00edan realizado el aislamiento preventivo correspondiente y ya fueron dadas de alta,<strong> por lo que se cree no se habr\u00edan producido m\u00e1s contagios.<\/strong><\/p>\n","protected":false},"excerpt":{"rendered":"<p>Se trata de dos mujeres que llegaron de Miami el 30 de agosto. Seg\u00fan pudo saber EL FEDERAL, las mismas ya realizaron el aislamiento correspondiente y no se habr\u00edan producido m\u00e1s contagios. A partir de fuentes del Ministerio de Salud de la provincia, se pudo confirmar que la variante Delta del virus COVID-19 lleg\u00f3 a<a class=\"read-more\" href=\"https:\/\/elfederalmendoza.com.ar\/index.php\/2021\/09\/20\/madre-e-hija-que-vinieron-de-miami-son-los-primeros-casos-positivos-con-la-variante-delta-en-la-rioja\/\"> [&hellip;]<\/a><\/p>\n","protected":false},"author":2,"featured_media":4267,"comment_status":"open","ping_status":"open","sticky":false,"template":"","format":"standard","meta":{"footnotes":""},"categories":[1],"tags":[],"class_list":["post-4266","post","type-post","status-publish","format-standard","has-post-thumbnail","hentry","category-mza"],"rttpg_featured_image_url":{"full":["https:\/\/elfederalmendoza.com.ar\/wp-content\/uploads\/2021\/09\/AEROPUERTO-MIAMI.jpg",763,427,false],"landscape":["https:\/\/elfederalmendoza.com.ar\/wp-content\/uploads\/2021\/09\/AEROPUERTO-MIAMI.jpg",763,427,false],"portraits":["https:\/\/elfederalmendoza.com.ar\/wp-content\/uploads\/2021\/09\/AEROPUERTO-MIAMI.jpg",763,427,false],"thumbnail":["https:\/\/elfederalmendoza.com.ar\/wp-content\/uploads\/2021\/09\/AEROPUERTO-MIAMI-150x150.jpg",150,150,true],"medium":["https:\/\/elfederalmendoza.com.ar\/wp-content\/uploads\/2021\/09\/AEROPUERTO-MIAMI-300x168.jpg",300,168,true],"large":["https:\/\/elfederalmendoza.com.ar\/wp-content\/uploads\/2021\/09\/AEROPUERTO-MIAMI.jpg",640,358,false],"1536x1536":["https:\/\/elfederalmendoza.com.ar\/wp-content\/uploads\/2021\/09\/AEROPUERTO-MIAMI.jpg",763,427,false],"2048x2048":["https:\/\/elfederalmendoza.com.ar\/wp-content\/uploads\/2021\/09\/AEROPUERTO-MIAMI.jpg",763,427,false],"ultp_layout_landscape_large":["https:\/\/elfederalmendoza.com.ar\/wp-content\/uploads\/2021\/09\/AEROPUERTO-MIAMI.jpg",763,427,false],"ultp_layout_landscape":["https:\/\/elfederalmendoza.com.ar\/wp-content\/uploads\/2021\/09\/AEROPUERTO-MIAMI.jpg",763,427,false],"ultp_layout_portrait":["https:\/\/elfederalmendoza.com.ar\/wp-content\/uploads\/2021\/09\/AEROPUERTO-MIAMI-600x427.jpg",600,427,true],"ultp_layout_square":["https:\/\/elfederalmendoza.com.ar\/wp-content\/uploads\/2021\/09\/AEROPUERTO-MIAMI-600x427.jpg",600,427,true],"rpwe-thumbnail":["https:\/\/elfederalmendoza.com.ar\/wp-content\/uploads\/2021\/09\/AEROPUERTO-MIAMI-45x45.jpg",45,45,true],"advps-thumb-one":["https:\/\/elfederalmendoza.com.ar\/wp-content\/uploads\/2021\/09\/AEROPUERTO-MIAMI-763x420.jpg",763,420,true]},"rttpg_author":{"display_name":"Redacci\u00f3n El Federal","author_link":"https:\/\/elfederalmendoza.com.ar\/index.php\/author\/angelflores\/"},"rttpg_comment":0,"rttpg_category":"<a href=\"https:\/\/elfederalmendoza.com.ar\/index.php\/category\/mza\/\" rel=\"category tag\">Mendoza<\/a>","rttpg_excerpt":"Se trata de dos mujeres que llegaron de Miami el 30 de agosto. Seg\u00fan pudo saber EL FEDERAL, las mismas ya realizaron el aislamiento correspondiente y no se habr\u00edan producido m\u00e1s contagios. A partir de fuentes del Ministerio de Salud de la provincia, se pudo confirmar que la variante Delta del virus COVID-19 lleg\u00f3 a&hellip;","_links":{"self":[{"href":"https:\/\/elfederalmendoza.com.ar\/index.php\/wp-json\/wp\/v2\/posts\/4266","targetHints":{"allow":["GET"]}}],"collection":[{"href":"https:\/\/elfederalmendoza.com.ar\/index.php\/wp-json\/wp\/v2\/posts"}],"about":[{"href":"https:\/\/elfederalmendoza.com.ar\/index.php\/wp-json\/wp\/v2\/types\/post"}],"author":[{"embeddable":true,"href":"https:\/\/elfederalmendoza.com.ar\/index.php\/wp-json\/wp\/v2\/users\/2"}],"replies":[{"embeddable":true,"href":"https:\/\/elfederalmendoza.com.ar\/index.php\/wp-json\/wp\/v2\/comments?post=4266"}],"version-history":[{"count":1,"href":"https:\/\/elfederalmendoza.com.ar\/index.php\/wp-json\/wp\/v2\/posts\/4266\/revisions"}],"predecessor-version":[{"id":4268,"href":"https:\/\/elfederalmendoza.com.ar\/index.php\/wp-json\/wp\/v2\/posts\/4266\/revisions\/4268"}],"wp:featuredmedia":[{"embeddable":true,"href":"https:\/\/elfederalmendoza.com.ar\/index.php\/wp-json\/wp\/v2\/media\/4267"}],"wp:attachment":[{"href":"https:\/\/elfederalmendoza.com.ar\/index.php\/wp-json\/wp\/v2\/media?parent=4266"}],"wp:term":[{"taxonomy":"category","embeddable":true,"href":"https:\/\/elfederalmendoza.com.ar\/index.php\/wp-json\/wp\/v2\/categories?post=4266"},{"taxonomy":"post_tag","embeddable":true,"href":"https:\/\/elfederalmendoza.com.ar\/index.php\/wp-json\/wp\/v2\/tags?post=4266"}],"curies":[{"name":"wp","href":"https:\/\/api.w.org\/{rel}","templated":true}]}}