{"id":4269,"date":"2021-09-21T07:48:32","date_gmt":"2021-09-21T10:48:32","guid":{"rendered":"https:\/\/elfederalmendoza.com\/?p=4269"},"modified":"2021-09-21T07:48:33","modified_gmt":"2021-09-21T10:48:33","slug":"tragedia-en-cordoba-tres-jovenes-murieron-tras-brutal-choque","status":"publish","type":"post","link":"https:\/\/elfederalmendoza.com.ar\/index.php\/2021\/09\/21\/tragedia-en-cordoba-tres-jovenes-murieron-tras-brutal-choque\/","title":{"rendered":"Tragedia en C\u00f3rdoba: Tres j\u00f3venes murieron tras brutal choque"},"content":{"rendered":"\n<p>Tres j\u00f3venes murieron este domingo por la madrugada tras un brutal accidente sobre avenida Col\u00f3n en la ciudad de C\u00f3rdoba.<\/p>\n\n\n\n<p>El accidente se produjo en la intersecci\u00f3n de la avenida con la calle Pasco. Por causas que se tratan de establecer, un autom\u00f3vil Fiat Uno con cuatro ocupantes impact\u00f3 contra un Ford Fiesta en el que se conduc\u00eda un ocupante.<\/p>\n\n\n\n<figure class=\"wp-block-image is-resized\"><img loading=\"lazy\" decoding=\"async\" src=\"https:\/\/www.diariodecuyo.com.ar\/export\/sites\/diariodecuyo\/img\/2021\/09\/19\/archi_872755.jpg_1056158955.jpg\" alt=\"\" width=\"1024\" height=\"576\" title=\"\"\/><\/figure>\n\n\n\n<p>Las tres v\u00edctimas fatales viajaban en el Fiat Uno, que qued\u00f3 completamente destruido por el accidente.\u00a0<strong>Los fallecidos son dos hombres, de 31 y 34 a\u00f1os, y una mujer.<\/strong> Otra joven de 31 a\u00f1os que iba en el autom\u00f3vil fue trasladada al Hospital de Urgencias.<\/p>\n\n\n\n<p>En tanto, el ocupante del otro veh\u00edculo, un hombre de 31 a\u00f1os, fue trasladado al Hospital de Urgencias con traumatismos varios y est\u00e1 fuera de peligro.<\/p>\n\n\n\n<figure class=\"wp-block-image is-resized\"><img loading=\"lazy\" decoding=\"async\" src=\"https:\/\/www.diariodecuyo.com.ar\/export\/sites\/diariodecuyo\/img\/2021\/09\/19\/archi_872758.jpg_1056158955.jpg\" alt=\"\" width=\"1024\" height=\"576\" title=\"\"\/><\/figure>\n\n\n\n<p>La mano de Col\u00f3n que va hacia el centro estuvo cortada por los trabajos de las autoridades en el lugar.<\/p>\n","protected":false},"excerpt":{"rendered":"<p>Tres j\u00f3venes murieron este domingo por la madrugada tras un brutal accidente sobre avenida Col\u00f3n en la ciudad de C\u00f3rdoba. El accidente se produjo en la intersecci\u00f3n de la avenida con la calle Pasco. Por causas que se tratan de establecer, un autom\u00f3vil Fiat Uno con cuatro ocupantes impact\u00f3 contra un Ford Fiesta en el<a class=\"read-more\" href=\"https:\/\/elfederalmendoza.com.ar\/index.php\/2021\/09\/21\/tragedia-en-cordoba-tres-jovenes-murieron-tras-brutal-choque\/\"> [&hellip;]<\/a><\/p>\n","protected":false},"author":2,"featured_media":4270,"comment_status":"open","ping_status":"open","sticky":false,"template":"","format":"standard","meta":{"footnotes":""},"categories":[1],"tags":[],"class_list":["post-4269","post","type-post","status-publish","format-standard","has-post-thumbnail","hentry","category-mza"],"rttpg_featured_image_url":{"full":["https:\/\/elfederalmendoza.com.ar\/wp-content\/uploads\/2021\/09\/tragedia-en-cordoba.jpg",866,490,false],"landscape":["https:\/\/elfederalmendoza.com.ar\/wp-content\/uploads\/2021\/09\/tragedia-en-cordoba.jpg",866,490,false],"portraits":["https:\/\/elfederalmendoza.com.ar\/wp-content\/uploads\/2021\/09\/tragedia-en-cordoba.jpg",866,490,false],"thumbnail":["https:\/\/elfederalmendoza.com.ar\/wp-content\/uploads\/2021\/09\/tragedia-en-cordoba-150x150.jpg",150,150,true],"medium":["https:\/\/elfederalmendoza.com.ar\/wp-content\/uploads\/2021\/09\/tragedia-en-cordoba-300x170.jpg",300,170,true],"large":["https:\/\/elfederalmendoza.com.ar\/wp-content\/uploads\/2021\/09\/tragedia-en-cordoba.jpg",640,362,false],"1536x1536":["https:\/\/elfederalmendoza.com.ar\/wp-content\/uploads\/2021\/09\/tragedia-en-cordoba.jpg",866,490,false],"2048x2048":["https:\/\/elfederalmendoza.com.ar\/wp-content\/uploads\/2021\/09\/tragedia-en-cordoba.jpg",866,490,false],"ultp_layout_landscape_large":["https:\/\/elfederalmendoza.com.ar\/wp-content\/uploads\/2021\/09\/tragedia-en-cordoba.jpg",866,490,false],"ultp_layout_landscape":["https:\/\/elfederalmendoza.com.ar\/wp-content\/uploads\/2021\/09\/tragedia-en-cordoba.jpg",866,490,false],"ultp_layout_portrait":["https:\/\/elfederalmendoza.com.ar\/wp-content\/uploads\/2021\/09\/tragedia-en-cordoba-600x490.jpg",600,490,true],"ultp_layout_square":["https:\/\/elfederalmendoza.com.ar\/wp-content\/uploads\/2021\/09\/tragedia-en-cordoba-600x490.jpg",600,490,true],"rpwe-thumbnail":["https:\/\/elfederalmendoza.com.ar\/wp-content\/uploads\/2021\/09\/tragedia-en-cordoba-45x45.jpg",45,45,true],"advps-thumb-one":["https:\/\/elfederalmendoza.com.ar\/wp-content\/uploads\/2021\/09\/tragedia-en-cordoba-866x420.jpg",866,420,true]},"rttpg_author":{"display_name":"Redacci\u00f3n El Federal","author_link":"https:\/\/elfederalmendoza.com.ar\/index.php\/author\/angelflores\/"},"rttpg_comment":0,"rttpg_category":"<a href=\"https:\/\/elfederalmendoza.com.ar\/index.php\/category\/mza\/\" rel=\"category tag\">Mendoza<\/a>","rttpg_excerpt":"Tres j\u00f3venes murieron este domingo por la madrugada tras un brutal accidente sobre avenida Col\u00f3n en la ciudad de C\u00f3rdoba. El accidente se produjo en la intersecci\u00f3n de la avenida con la calle Pasco. Por causas que se tratan de establecer, un autom\u00f3vil Fiat Uno con cuatro ocupantes impact\u00f3 contra un Ford Fiesta en el&hellip;","_links":{"self":[{"href":"https:\/\/elfederalmendoza.com.ar\/index.php\/wp-json\/wp\/v2\/posts\/4269","targetHints":{"allow":["GET"]}}],"collection":[{"href":"https:\/\/elfederalmendoza.com.ar\/index.php\/wp-json\/wp\/v2\/posts"}],"about":[{"href":"https:\/\/elfederalmendoza.com.ar\/index.php\/wp-json\/wp\/v2\/types\/post"}],"author":[{"embeddable":true,"href":"https:\/\/elfederalmendoza.com.ar\/index.php\/wp-json\/wp\/v2\/users\/2"}],"replies":[{"embeddable":true,"href":"https:\/\/elfederalmendoza.com.ar\/index.php\/wp-json\/wp\/v2\/comments?post=4269"}],"version-history":[{"count":1,"href":"https:\/\/elfederalmendoza.com.ar\/index.php\/wp-json\/wp\/v2\/posts\/4269\/revisions"}],"predecessor-version":[{"id":4271,"href":"https:\/\/elfederalmendoza.com.ar\/index.php\/wp-json\/wp\/v2\/posts\/4269\/revisions\/4271"}],"wp:featuredmedia":[{"embeddable":true,"href":"https:\/\/elfederalmendoza.com.ar\/index.php\/wp-json\/wp\/v2\/media\/4270"}],"wp:attachment":[{"href":"https:\/\/elfederalmendoza.com.ar\/index.php\/wp-json\/wp\/v2\/media?parent=4269"}],"wp:term":[{"taxonomy":"category","embeddable":true,"href":"https:\/\/elfederalmendoza.com.ar\/index.php\/wp-json\/wp\/v2\/categories?post=4269"},{"taxonomy":"post_tag","embeddable":true,"href":"https:\/\/elfederalmendoza.com.ar\/index.php\/wp-json\/wp\/v2\/tags?post=4269"}],"curies":[{"name":"wp","href":"https:\/\/api.w.org\/{rel}","templated":true}]}}