{"id":4279,"date":"2021-09-21T09:30:03","date_gmt":"2021-09-21T12:30:03","guid":{"rendered":"https:\/\/elfederalmendoza.com\/?p=4279"},"modified":"2021-09-21T09:30:05","modified_gmt":"2021-09-21T12:30:05","slug":"jose-alperovich-informo-un-patrimonio-de-2-154-millones-y-es-el-parlamentario-mas-rico-de-argentina","status":"publish","type":"post","link":"https:\/\/elfederalmendoza.com.ar\/index.php\/2021\/09\/21\/jose-alperovich-informo-un-patrimonio-de-2-154-millones-y-es-el-parlamentario-mas-rico-de-argentina\/","title":{"rendered":"Jos\u00e9 Alperovich inform\u00f3 un patrimonio de $2.154 millones y es el parlamentario m\u00e1s rico de Argentina"},"content":{"rendered":"\n<p>El funcionario report\u00f3 una aumento de m\u00e1s de $600 mil en solo un a\u00f1o. Se encuentra de licencia por una causa por abuso sexual.<\/p>\n\n\n\n<p>El senador nacional y ex gobernador tucumano, <strong>Jos\u00e9 Alperovich, se convirti\u00f3 en el parlamentario m\u00e1s rico de la Argentina al declarar un\u00a0patrimonio\u00a0de $2.154 millones. Tal es as\u00ed, que sus ingresos crecieron\u00a0<\/strong>un 65% en solo un a\u00f1o, pese a que desde noviembre de 2019 no cobra sus haberes ya que pidi\u00f3 licencia para seguir adelante con la defensa luego de una <strong>acusaci\u00f3n por abuso sexual.<\/strong><\/p>\n\n\n\n<p><a href=\"https:\/\/www.losandes.com.ar\/politica\/maximo-kirchner-declaro-un-patrimonio-de-400-millones-en-2020-subio-mas-de-100-millones-en-un-ano\/\"><\/a>De acuerdo con la declaraci\u00f3n jurado que Alperovich present\u00f3 ante la<strong>\u00a0Oficina Anticorrupci\u00f3n (OA),<\/strong>\u00a0<strong>el funcionario report\u00f3 una aumento de $629.166 a su patrimonio en un plazo de doce meses,\u00a0<\/strong>mientras que sus deudas escalaron a 258.987 pesos.<\/p>\n\n\n\n<p><strong>El listado de bienes de declarados al momento del cierre de la presentaci\u00f3n de la declaraci\u00f3n jurada comprende m\u00e1s de 70 puntos<\/strong>. Alperovich report\u00f3, sobre todo, inmuebles en el pa\u00eds: el senador nacional tiene m\u00e1s de 50 reportados entre las provincias de Tucum\u00e1n, Salta, Santiago del Estero y Santa Fe. Ese total representa unos 138 millones de su patrimonio.<\/p>\n\n\n\n<p>Adem\u00e1s,<strong>&nbsp;se destacaron dep\u00f3sitos en efectivo en el pa\u00eds por un valor de $504.393.963,62.<\/strong>&nbsp;De ese total, unos 500 millones de pesos se desprenden de la conversi\u00f3n monetaria de una caja de ahorro en d\u00f3lares, que acumula casi 6 millones en la moneda extranjera.<\/p>\n\n\n\n<p><a href=\"https:\/\/www.losandes.com.ar\/politica\/juan-manzur-afirmo-que-dentro-del-frente-de-todos-las-internas-estan-zanjadas-y-terminadas\/\"><\/a>El parlamentario m\u00e1s rico del Congreso Nacional destac\u00f3 tener casi 1497 millones de pesos en concepto de\u00a0<strong>\u201ccr\u00e9ditos en el pa\u00eds\u201d\u00a0<\/strong>y<strong>\u00a0\u201cacciones, cuotas, y participaciones sociales sin cotizaci\u00f3n en el pa\u00eds\u201d.<\/strong><\/p>\n\n\n\n<p>En la categor\u00eda de \u201ctotal de bienes en el hogar\u201d, Alperovich declar\u00f3 unos 15 millones de pesos.<\/p>\n\n\n\n<h2 class=\"wp-block-heading\"><strong>EVOLUCI\u00d3N PATRIMONIAL<\/strong><\/h2>\n\n\n\n<p>En el cap\u00edtulo de evoluci\u00f3n patrimonial, donde se destaca que pas\u00f3 de un total de&nbsp;<strong>$1395 millones en bienes, dep\u00f3sitos y dinero al inicio del a\u00f1o a $2154 millones a fin de a\u00f1o<\/strong>, el exgobernador de Tucum\u00e1n tambi\u00e9n declar\u00f3 unos&nbsp;<strong>3,5 millones de pesos&nbsp;<\/strong>en concepto de \u201cingresos del trabajo, de alquileres y otras rentas neto de gastos\u201d.<\/p>\n","protected":false},"excerpt":{"rendered":"<p>El funcionario report\u00f3 una aumento de m\u00e1s de $600 mil en solo un a\u00f1o. Se encuentra de licencia por una causa por abuso sexual. El senador nacional y ex gobernador tucumano, Jos\u00e9 Alperovich, se convirti\u00f3 en el parlamentario m\u00e1s rico de la Argentina al declarar un\u00a0patrimonio\u00a0de $2.154 millones. Tal es as\u00ed, que sus ingresos crecieron\u00a0un<a class=\"read-more\" href=\"https:\/\/elfederalmendoza.com.ar\/index.php\/2021\/09\/21\/jose-alperovich-informo-un-patrimonio-de-2-154-millones-y-es-el-parlamentario-mas-rico-de-argentina\/\"> [&hellip;]<\/a><\/p>\n","protected":false},"author":2,"featured_media":4280,"comment_status":"open","ping_status":"open","sticky":false,"template":"","format":"standard","meta":{"footnotes":""},"categories":[1],"tags":[],"class_list":["post-4279","post","type-post","status-publish","format-standard","has-post-thumbnail","hentry","category-mza"],"rttpg_featured_image_url":{"full":["https:\/\/elfederalmendoza.com.ar\/wp-content\/uploads\/2021\/09\/alperovich.jpg",730,487,false],"landscape":["https:\/\/elfederalmendoza.com.ar\/wp-content\/uploads\/2021\/09\/alperovich.jpg",730,487,false],"portraits":["https:\/\/elfederalmendoza.com.ar\/wp-content\/uploads\/2021\/09\/alperovich.jpg",730,487,false],"thumbnail":["https:\/\/elfederalmendoza.com.ar\/wp-content\/uploads\/2021\/09\/alperovich-150x150.jpg",150,150,true],"medium":["https:\/\/elfederalmendoza.com.ar\/wp-content\/uploads\/2021\/09\/alperovich-300x200.jpg",300,200,true],"large":["https:\/\/elfederalmendoza.com.ar\/wp-content\/uploads\/2021\/09\/alperovich.jpg",640,427,false],"1536x1536":["https:\/\/elfederalmendoza.com.ar\/wp-content\/uploads\/2021\/09\/alperovich.jpg",730,487,false],"2048x2048":["https:\/\/elfederalmendoza.com.ar\/wp-content\/uploads\/2021\/09\/alperovich.jpg",730,487,false],"ultp_layout_landscape_large":["https:\/\/elfederalmendoza.com.ar\/wp-content\/uploads\/2021\/09\/alperovich.jpg",730,487,false],"ultp_layout_landscape":["https:\/\/elfederalmendoza.com.ar\/wp-content\/uploads\/2021\/09\/alperovich.jpg",730,487,false],"ultp_layout_portrait":["https:\/\/elfederalmendoza.com.ar\/wp-content\/uploads\/2021\/09\/alperovich-600x487.jpg",600,487,true],"ultp_layout_square":["https:\/\/elfederalmendoza.com.ar\/wp-content\/uploads\/2021\/09\/alperovich-600x487.jpg",600,487,true],"rpwe-thumbnail":["https:\/\/elfederalmendoza.com.ar\/wp-content\/uploads\/2021\/09\/alperovich-45x45.jpg",45,45,true],"advps-thumb-one":["https:\/\/elfederalmendoza.com.ar\/wp-content\/uploads\/2021\/09\/alperovich-730x420.jpg",730,420,true]},"rttpg_author":{"display_name":"Redacci\u00f3n El Federal","author_link":"https:\/\/elfederalmendoza.com.ar\/index.php\/author\/angelflores\/"},"rttpg_comment":0,"rttpg_category":"<a href=\"https:\/\/elfederalmendoza.com.ar\/index.php\/category\/mza\/\" rel=\"category tag\">Mendoza<\/a>","rttpg_excerpt":"El funcionario report\u00f3 una aumento de m\u00e1s de $600 mil en solo un a\u00f1o. Se encuentra de licencia por una causa por abuso sexual. El senador nacional y ex gobernador tucumano, Jos\u00e9 Alperovich, se convirti\u00f3 en el parlamentario m\u00e1s rico de la Argentina al declarar un\u00a0patrimonio\u00a0de $2.154 millones. Tal es as\u00ed, que sus ingresos crecieron\u00a0un&hellip;","_links":{"self":[{"href":"https:\/\/elfederalmendoza.com.ar\/index.php\/wp-json\/wp\/v2\/posts\/4279","targetHints":{"allow":["GET"]}}],"collection":[{"href":"https:\/\/elfederalmendoza.com.ar\/index.php\/wp-json\/wp\/v2\/posts"}],"about":[{"href":"https:\/\/elfederalmendoza.com.ar\/index.php\/wp-json\/wp\/v2\/types\/post"}],"author":[{"embeddable":true,"href":"https:\/\/elfederalmendoza.com.ar\/index.php\/wp-json\/wp\/v2\/users\/2"}],"replies":[{"embeddable":true,"href":"https:\/\/elfederalmendoza.com.ar\/index.php\/wp-json\/wp\/v2\/comments?post=4279"}],"version-history":[{"count":1,"href":"https:\/\/elfederalmendoza.com.ar\/index.php\/wp-json\/wp\/v2\/posts\/4279\/revisions"}],"predecessor-version":[{"id":4281,"href":"https:\/\/elfederalmendoza.com.ar\/index.php\/wp-json\/wp\/v2\/posts\/4279\/revisions\/4281"}],"wp:featuredmedia":[{"embeddable":true,"href":"https:\/\/elfederalmendoza.com.ar\/index.php\/wp-json\/wp\/v2\/media\/4280"}],"wp:attachment":[{"href":"https:\/\/elfederalmendoza.com.ar\/index.php\/wp-json\/wp\/v2\/media?parent=4279"}],"wp:term":[{"taxonomy":"category","embeddable":true,"href":"https:\/\/elfederalmendoza.com.ar\/index.php\/wp-json\/wp\/v2\/categories?post=4279"},{"taxonomy":"post_tag","embeddable":true,"href":"https:\/\/elfederalmendoza.com.ar\/index.php\/wp-json\/wp\/v2\/tags?post=4279"}],"curies":[{"name":"wp","href":"https:\/\/api.w.org\/{rel}","templated":true}]}}