{"id":4282,"date":"2021-09-21T13:44:32","date_gmt":"2021-09-21T16:44:32","guid":{"rendered":"https:\/\/elfederalmendoza.com\/?p=4282"},"modified":"2021-09-21T13:44:33","modified_gmt":"2021-09-21T16:44:33","slug":"otro-escandalo-en-puerta-la-llamativa-compra-de-toneladas-de-carnes-y-pescado-para-casa-de-gobierno-y-la-residencia-de-olivos","status":"publish","type":"post","link":"https:\/\/elfederalmendoza.com.ar\/index.php\/2021\/09\/21\/otro-escandalo-en-puerta-la-llamativa-compra-de-toneladas-de-carnes-y-pescado-para-casa-de-gobierno-y-la-residencia-de-olivos\/","title":{"rendered":"Otro esc\u00e1ndalo en puerta: la llamativa compra de toneladas de carnes y pescado para Casa de Gobierno y la residencia de Olivos"},"content":{"rendered":"\n<p>El Portal de Compras P\u00fablicas oficializ\u00f3 el proceso para comprar varias toneladas de carne roja y blanca<strong> para la Casa de Gobierno y la Residencia de Olivos.<\/strong><\/p>\n\n\n\n<p>En medio de la turbulencia pol\u00edtica del&nbsp;<strong>viernes pasado<\/strong>, causado por el recambio de Gabinete tras la derrota electoral en las PASO,&nbsp;<strong>el Portal de Compras P\u00fablicas de la Rep\u00fablica Argentina&nbsp;publicaba una curiosa licitaci\u00f3n de carne y pescados para la Casa de Gobierno y la Residencia de Olivos.<\/strong><\/p>\n\n\n\n<p>Lo llamativo del proceso licitatorio en curso es&nbsp;<strong>la cantidad de carne que solicit\u00f3 la administraci\u00f3n de Alberto Fern\u00e1ndez, para los pr\u00f3ximos seis meses<\/strong>. Seg\u00fan lo publica el expediente&nbsp;60354924, cargado en el portal&nbsp;<strong>comprar.gob.ar<\/strong>, la secretar\u00eda General de la Presidencia solicit\u00f3 la adquisici\u00f3n de m\u00e1s de 3 toneladas de pechuga de pollo y bondiola, 1,2 tonelada de ojo de bife, y una gran variedad de pescados y frutos de mar.<\/p>\n\n\n\n<p>Seg\u00fan publica el portal El Disenso,<strong> entre otros productos alimenticios la lista adem\u00e1s incluye 680 kilos de lomo sin cord\u00f3n, 100 kilos de cordero patag\u00f3nico, 90 kilos de lech\u00f3n, 190 kilos de matambrito de cerdo, 60 kilos de langostino, 50 kilos de salm\u00f3n ahumado, 50 kilos de salm\u00f3n rosado sin ahumar, 30 kilos de calamar pelado, 30 kilos de mejill\u00f3n pelado, 200 kilos de peceto, 40 kilos de chorizo colorado y 410 kilos de lomo.<\/strong><\/p>\n\n\n\n<figure class=\"wp-block-image size-large is-resized\"><img loading=\"lazy\" decoding=\"async\" src=\"https:\/\/elfederalmendoza.com\/wp-content\/uploads\/2021\/09\/carne6.jpg\" alt=\"\" class=\"wp-image-4285\" width=\"998\" height=\"1289\" srcset=\"https:\/\/elfederalmendoza.com.ar\/wp-content\/uploads\/2021\/09\/carne6.jpg 398w, https:\/\/elfederalmendoza.com.ar\/wp-content\/uploads\/2021\/09\/carne6-232x300.jpg 232w\" sizes=\"auto, (max-width: 998px) 100vw, 998px\" \/><figcaption>Una de las hojas del pliego de compras<\/figcaption><\/figure>\n\n\n\n<p>La autorizaci\u00f3n del pliego y del llamado fue publicado&nbsp;<strong>el 17 de septiembre<\/strong>,&nbsp;cuando la atenci\u00f3n se centraba en la crisis interna que atravesaba el Gobierno luego de las derrota en las elecciones Primarias, Abiertas, Simult\u00e1neas y Obligatorias. Puntualmente, el viernes se conoc\u00eda que Fern\u00e1ndez dar\u00eda lugar al pedido interno de recambiar parte de su Gabinete de ministros, hecho que se concret\u00f3 este lunes.&nbsp;<\/p>\n\n\n\n<p>La&nbsp;orden de compra para la&nbsp;<strong>\u00abadquisici\u00f3n de productos c\u00e1rnicos y pescader\u00eda con destino Casa de Gobierno y Residencia de Olivos<\/strong>\u00bb se suma a otra licitaci\u00f3n conocida la semana pasada, tambi\u00e9n en medio de las especulaciones&nbsp;que apuntaban a una salida del&nbsp;<strong>ministro de Econom\u00eda, Mart\u00edn Guzm\u00e1n<\/strong>, hecho que no sucedi\u00f3.<\/p>\n\n\n\n<p>En aquel momento, se conoci\u00f3 que el ministro de Econom\u00eda hizo un llamado a licitaci\u00f3n para renovar su oficina con heladeras, televisores de 50 pulgadas y copas de champagne. El viernes antes de las PASO se realiz\u00f3 la apertura de los sobres y la licitaci\u00f3n, con el expediente 2021-70496212, tambi\u00e9n fue publicada en el portal de compras oficial.<\/p>\n","protected":false},"excerpt":{"rendered":"<p>El Portal de Compras P\u00fablicas oficializ\u00f3 el proceso para comprar varias toneladas de carne roja y blanca para la Casa de Gobierno y la Residencia de Olivos. En medio de la turbulencia pol\u00edtica del&nbsp;viernes pasado, causado por el recambio de Gabinete tras la derrota electoral en las PASO,&nbsp;el Portal de Compras P\u00fablicas de la Rep\u00fablica<a class=\"read-more\" href=\"https:\/\/elfederalmendoza.com.ar\/index.php\/2021\/09\/21\/otro-escandalo-en-puerta-la-llamativa-compra-de-toneladas-de-carnes-y-pescado-para-casa-de-gobierno-y-la-residencia-de-olivos\/\"> [&hellip;]<\/a><\/p>\n","protected":false},"author":2,"featured_media":4284,"comment_status":"open","ping_status":"open","sticky":false,"template":"","format":"standard","meta":{"footnotes":""},"categories":[1],"tags":[],"class_list":["post-4282","post","type-post","status-publish","format-standard","has-post-thumbnail","hentry","category-mza"],"rttpg_featured_image_url":{"full":["https:\/\/elfederalmendoza.com.ar\/wp-content\/uploads\/2021\/09\/fabiola2.jpg",2000,1333,false],"landscape":["https:\/\/elfederalmendoza.com.ar\/wp-content\/uploads\/2021\/09\/fabiola2.jpg",2000,1333,false],"portraits":["https:\/\/elfederalmendoza.com.ar\/wp-content\/uploads\/2021\/09\/fabiola2.jpg",2000,1333,false],"thumbnail":["https:\/\/elfederalmendoza.com.ar\/wp-content\/uploads\/2021\/09\/fabiola2-150x150.jpg",150,150,true],"medium":["https:\/\/elfederalmendoza.com.ar\/wp-content\/uploads\/2021\/09\/fabiola2-300x200.jpg",300,200,true],"large":["https:\/\/elfederalmendoza.com.ar\/wp-content\/uploads\/2021\/09\/fabiola2-1024x682.jpg",640,426,true],"1536x1536":["https:\/\/elfederalmendoza.com.ar\/wp-content\/uploads\/2021\/09\/fabiola2-1536x1024.jpg",1536,1024,true],"2048x2048":["https:\/\/elfederalmendoza.com.ar\/wp-content\/uploads\/2021\/09\/fabiola2.jpg",2000,1333,false],"ultp_layout_landscape_large":["https:\/\/elfederalmendoza.com.ar\/wp-content\/uploads\/2021\/09\/fabiola2-1200x800.jpg",1200,800,true],"ultp_layout_landscape":["https:\/\/elfederalmendoza.com.ar\/wp-content\/uploads\/2021\/09\/fabiola2-870x570.jpg",870,570,true],"ultp_layout_portrait":["https:\/\/elfederalmendoza.com.ar\/wp-content\/uploads\/2021\/09\/fabiola2-600x900.jpg",600,900,true],"ultp_layout_square":["https:\/\/elfederalmendoza.com.ar\/wp-content\/uploads\/2021\/09\/fabiola2-600x600.jpg",600,600,true],"rpwe-thumbnail":["https:\/\/elfederalmendoza.com.ar\/wp-content\/uploads\/2021\/09\/fabiola2-45x45.jpg",45,45,true],"advps-thumb-one":["https:\/\/elfederalmendoza.com.ar\/wp-content\/uploads\/2021\/09\/fabiola2-1200x420.jpg",1200,420,true]},"rttpg_author":{"display_name":"Redacci\u00f3n El Federal","author_link":"https:\/\/elfederalmendoza.com.ar\/index.php\/author\/angelflores\/"},"rttpg_comment":0,"rttpg_category":"<a href=\"https:\/\/elfederalmendoza.com.ar\/index.php\/category\/mza\/\" rel=\"category tag\">Mendoza<\/a>","rttpg_excerpt":"El Portal de Compras P\u00fablicas oficializ\u00f3 el proceso para comprar varias toneladas de carne roja y blanca para la Casa de Gobierno y la Residencia de Olivos. En medio de la turbulencia pol\u00edtica del&nbsp;viernes pasado, causado por el recambio de Gabinete tras la derrota electoral en las PASO,&nbsp;el Portal de Compras P\u00fablicas de la Rep\u00fablica&hellip;","_links":{"self":[{"href":"https:\/\/elfederalmendoza.com.ar\/index.php\/wp-json\/wp\/v2\/posts\/4282","targetHints":{"allow":["GET"]}}],"collection":[{"href":"https:\/\/elfederalmendoza.com.ar\/index.php\/wp-json\/wp\/v2\/posts"}],"about":[{"href":"https:\/\/elfederalmendoza.com.ar\/index.php\/wp-json\/wp\/v2\/types\/post"}],"author":[{"embeddable":true,"href":"https:\/\/elfederalmendoza.com.ar\/index.php\/wp-json\/wp\/v2\/users\/2"}],"replies":[{"embeddable":true,"href":"https:\/\/elfederalmendoza.com.ar\/index.php\/wp-json\/wp\/v2\/comments?post=4282"}],"version-history":[{"count":1,"href":"https:\/\/elfederalmendoza.com.ar\/index.php\/wp-json\/wp\/v2\/posts\/4282\/revisions"}],"predecessor-version":[{"id":4286,"href":"https:\/\/elfederalmendoza.com.ar\/index.php\/wp-json\/wp\/v2\/posts\/4282\/revisions\/4286"}],"wp:featuredmedia":[{"embeddable":true,"href":"https:\/\/elfederalmendoza.com.ar\/index.php\/wp-json\/wp\/v2\/media\/4284"}],"wp:attachment":[{"href":"https:\/\/elfederalmendoza.com.ar\/index.php\/wp-json\/wp\/v2\/media?parent=4282"}],"wp:term":[{"taxonomy":"category","embeddable":true,"href":"https:\/\/elfederalmendoza.com.ar\/index.php\/wp-json\/wp\/v2\/categories?post=4282"},{"taxonomy":"post_tag","embeddable":true,"href":"https:\/\/elfederalmendoza.com.ar\/index.php\/wp-json\/wp\/v2\/tags?post=4282"}],"curies":[{"name":"wp","href":"https:\/\/api.w.org\/{rel}","templated":true}]}}