{"id":4293,"date":"2021-09-23T09:25:53","date_gmt":"2021-09-23T12:25:53","guid":{"rendered":"https:\/\/elfederalmendoza.com\/?p=4293"},"modified":"2021-09-23T09:25:54","modified_gmt":"2021-09-23T12:25:54","slug":"hola-juan-carlos-quienes-son-los-sanjuaninos-detras-del-audio-que-se-volvio-viral-en-todo-el-mundo","status":"publish","type":"post","link":"https:\/\/elfederalmendoza.com.ar\/index.php\/2021\/09\/23\/hola-juan-carlos-quienes-son-los-sanjuaninos-detras-del-audio-que-se-volvio-viral-en-todo-el-mundo\/","title":{"rendered":"\u00a1Hola, Juan Carlos! Qui\u00e9nes son los sanjuaninos detr\u00e1s del audio que se volvi\u00f3 viral en todo el mundo"},"content":{"rendered":"\n<p><strong>Tiempo de San Juan conoci\u00f3 al nene que envi\u00f3 el audio de WhatsApp y a su t\u00edo, que lo recibi\u00f3. Juntos son una bomba y disfrutan su minuto de fama junto a su familia.<\/strong><\/p>\n\n\n\n<p>Mateo y Juan&nbsp;Carlos son una pareja explosiva, no s\u00f3lo porque tienen una relaci\u00f3n de confianza en la que se viven bromeando sino tambi\u00e9n porque son los protagonistas de un audio que se volvi\u00f3 viral y que ya alcanz\u00f3 las 95 millones de reproducciones en todo el mundo. Es que gracias al poder&nbsp;de las redes sociales, el gracioso audio que el nene sanjuanino le mand\u00f3 a su t\u00edo recorri\u00f3 kil\u00f3metros y atraves\u00f3 fronteras, al punto que artistas de la talla de Thal\u00eda lo replicaron y lo usaron para hacer su propia versi\u00f3n en TikTok.&nbsp;<\/p>\n\n\n\n<p>En su casa de Santa Luc\u00eda y reci\u00e9n levantado, Mateo Rodr\u00edguez espera para\u00a0ser entrevistado junto a Juan Carlos Reinoso, el esposo de la hermana de su mam\u00e1, con quien mantiene un v\u00ednculo cercano,\u00a0se divierte y ahora comparte un momento especial. Los dos alcanzaron un nivel de exposici\u00f3n impensado, todos los reconocen\u00a0y, como les es natural, disfrutan de lo que les toca.\u00a0Se abrazan, se r\u00eden y \u00a0hacen chistes con su presente, casi sin poder creer que\u00a0el\u00a0audio que pas\u00f3 desapercibido en el grupo de la familia caus\u00f3 furor en las redes sociales.<\/p>\n\n\n\n<p><strong>\u00bfC\u00f3mo surgi\u00f3 el audio viral?<\/strong><\/p>\n\n\n\n<p>Juan Carlos cont\u00f3 que todo comenz\u00f3 cuando \u00e9l estaba viendo una pel\u00edcula de terror y le mand\u00f3 una imagen de la protagonista de &#8216;El Conjuro&#8217; al tel\u00e9fono de su hijo Mauricio, que estaba con Mateo, con el fin de\u00a0asustar y bromear al peque\u00f1o que entonces ten\u00eda 7 a\u00f1os. Con\u00a0la foto le envi\u00f3 un audio cambiando la voz y simulando que era el terror\u00edfico personaje y eso fue la chispa que encendi\u00f3 la respuesta del pibe\u00a0de hoy 9 a\u00f1os, que por estos d\u00edas se convirti\u00f3 en el ni\u00f1o m\u00e1s famoso de la provincia.\u00a0<\/p>\n\n\n\n<figure class=\"wp-block-embed is-type-video is-provider-youtube wp-block-embed-youtube wp-embed-aspect-16-9 wp-has-aspect-ratio\"><div class=\"wp-block-embed__wrapper\">\nhttps:\/\/www.youtube.com\/watch?v=HMyy5pHjUKU\n<\/div><\/figure>\n\n\n\n<p><strong>Cuando el audio se volvi\u00f3 un fen\u00f3meno<\/strong><\/p>\n\n\n\n<p>Lo que fue un audio m\u00e1s en el fuero \u00edntimo de la familia all\u00e1 por el 2019, al poco tiempo se transform\u00f3 en un viral luego de que Mauricio -un gamer experto en inform\u00e1tica- lo colg\u00f3 en la red. Sin saberlo, r\u00e1pidamente se expandi\u00f3 por los grupos de WhatsApp -\u00bfa&nbsp;qui\u00e9n no le lleg\u00f3 ese audio y le caus\u00f3 gracia?- y, un d\u00eda, un amigo le consult\u00f3 si el nene del audio era su sobrino y para su sorpresa as\u00ed era.&nbsp;<\/p>\n\n\n\n<p>Sin embargo, la mayor trascendencia la consigui\u00f3 cuando la t\u00eda de Mateo\u00a0se lo comparti\u00f3 a un conocido humorista, Andr\u00e9s Pomiro, y este hizo un video con el audio. \u00abMe pidieron que deje esto por aqu\u00ed\u00bb, poste\u00f3 el artista y la cosa explot\u00f3.\u00a0<\/p>\n\n\n\n<p>Con m\u00e1s de 300 mil reproducciones en ese video, el audio se volvi\u00f3 uno de los m\u00e1s elegidos en la red social para parodiar y fueron varios famosos los que se sumaron al \u00abhola Juan Carlos\u00bb. Decenas de videos con famosos (como Thal\u00eda) y no tan famosos usaron su audio y ganaron popularidad en las redes, sumando\u00a0millones de reproducciones, al punto que en 2020 gan\u00f3 un concurso en Twitter como el audio m\u00e1s viral.\u00a0<\/p>\n\n\n\n<blockquote class=\"instagram-media\" data-instgrm-captioned data-instgrm-permalink=\"https:\/\/www.instagram.com\/reel\/CUIpbZbJ98z\/?utm_source=ig_embed&amp;utm_campaign=loading\" data-instgrm-version=\"13\" style=\" background:#FFF; border:0; border-radius:3px; box-shadow:0 0 1px 0 rgba(0,0,0,0.5),0 1px 10px 0 rgba(0,0,0,0.15); margin: 1px; max-width:540px; min-width:326px; padding:0; width:99.375%; width:-webkit-calc(100% - 2px); width:calc(100% - 2px);\"><div style=\"padding:16px;\"> <a href=\"https:\/\/www.instagram.com\/reel\/CUIpbZbJ98z\/?utm_source=ig_embed&amp;utm_campaign=loading\" style=\" background:#FFFFFF; line-height:0; padding:0 0; text-align:center; text-decoration:none; width:100%;\" target=\"_blank\" rel=\"noopener\"> <div style=\" display: flex; flex-direction: row; align-items: center;\"> <div style=\"background-color: #F4F4F4; border-radius: 50%; flex-grow: 0; height: 40px; margin-right: 14px; width: 40px;\"><\/div> <div style=\"display: flex; flex-direction: column; flex-grow: 1; justify-content: center;\"> <div style=\" background-color: #F4F4F4; border-radius: 4px; flex-grow: 0; height: 14px; margin-bottom: 6px; width: 100px;\"><\/div> <div style=\" background-color: #F4F4F4; border-radius: 4px; flex-grow: 0; height: 14px; width: 60px;\"><\/div><\/div><\/div><div style=\"padding: 19% 0;\"><\/div> <div style=\"display:block; height:50px; margin:0 auto 12px; width:50px;\"><svg width=\"50px\" height=\"50px\" viewBox=\"0 0 60 60\" version=\"1.1\" xmlns=\"https:\/\/www.w3.org\/2000\/svg\" xmlns:xlink=\"https:\/\/www.w3.org\/1999\/xlink\"><g stroke=\"none\" stroke-width=\"1\" fill=\"none\" fill-rule=\"evenodd\"><g transform=\"translate(-511.000000, -20.000000)\" fill=\"#000000\"><g><path d=\"M556.869,30.41 C554.814,30.41 553.148,32.076 553.148,34.131 C553.148,36.186 554.814,37.852 556.869,37.852 C558.924,37.852 560.59,36.186 560.59,34.131 C560.59,32.076 558.924,30.41 556.869,30.41 M541,60.657 C535.114,60.657 530.342,55.887 530.342,50 C530.342,44.114 535.114,39.342 541,39.342 C546.887,39.342 551.658,44.114 551.658,50 C551.658,55.887 546.887,60.657 541,60.657 M541,33.886 C532.1,33.886 524.886,41.1 524.886,50 C524.886,58.899 532.1,66.113 541,66.113 C549.9,66.113 557.115,58.899 557.115,50 C557.115,41.1 549.9,33.886 541,33.886 M565.378,62.101 C565.244,65.022 564.756,66.606 564.346,67.663 C563.803,69.06 563.154,70.057 562.106,71.106 C561.058,72.155 560.06,72.803 558.662,73.347 C557.607,73.757 556.021,74.244 553.102,74.378 C549.944,74.521 548.997,74.552 541,74.552 C533.003,74.552 532.056,74.521 528.898,74.378 C525.979,74.244 524.393,73.757 523.338,73.347 C521.94,72.803 520.942,72.155 519.894,71.106 C518.846,70.057 518.197,69.06 517.654,67.663 C517.244,66.606 516.755,65.022 516.623,62.101 C516.479,58.943 516.448,57.996 516.448,50 C516.448,42.003 516.479,41.056 516.623,37.899 C516.755,34.978 517.244,33.391 517.654,32.338 C518.197,30.938 518.846,29.942 519.894,28.894 C520.942,27.846 521.94,27.196 523.338,26.654 C524.393,26.244 525.979,25.756 528.898,25.623 C532.057,25.479 533.004,25.448 541,25.448 C548.997,25.448 549.943,25.479 553.102,25.623 C556.021,25.756 557.607,26.244 558.662,26.654 C560.06,27.196 561.058,27.846 562.106,28.894 C563.154,29.942 563.803,30.938 564.346,32.338 C564.756,33.391 565.244,34.978 565.378,37.899 C565.522,41.056 565.552,42.003 565.552,50 C565.552,57.996 565.522,58.943 565.378,62.101 M570.82,37.631 C570.674,34.438 570.167,32.258 569.425,30.349 C568.659,28.377 567.633,26.702 565.965,25.035 C564.297,23.368 562.623,22.342 560.652,21.575 C558.743,20.834 556.562,20.326 553.369,20.18 C550.169,20.033 549.148,20 541,20 C532.853,20 531.831,20.033 528.631,20.18 C525.438,20.326 523.257,20.834 521.349,21.575 C519.376,22.342 517.703,23.368 516.035,25.035 C514.368,26.702 513.342,28.377 512.574,30.349 C511.834,32.258 511.326,34.438 511.181,37.631 C511.035,40.831 511,41.851 511,50 C511,58.147 511.035,59.17 511.181,62.369 C511.326,65.562 511.834,67.743 512.574,69.651 C513.342,71.625 514.368,73.296 516.035,74.965 C517.703,76.634 519.376,77.658 521.349,78.425 C523.257,79.167 525.438,79.673 528.631,79.82 C531.831,79.965 532.853,80.001 541,80.001 C549.148,80.001 550.169,79.965 553.369,79.82 C556.562,79.673 558.743,79.167 560.652,78.425 C562.623,77.658 564.297,76.634 565.965,74.965 C567.633,73.296 568.659,71.625 569.425,69.651 C570.167,67.743 570.674,65.562 570.82,62.369 C570.966,59.17 571,58.147 571,50 C571,41.851 570.966,40.831 570.82,37.631\"><\/path><\/g><\/g><\/g><\/svg><\/div><div style=\"padding-top: 8px;\"> <div style=\" color:#3897f0; font-family:Arial,sans-serif; font-size:14px; font-style:normal; font-weight:550; line-height:18px;\"> Ver esta publicaci\u00f3n en Instagram<\/div><\/div><div style=\"padding: 12.5% 0;\"><\/div> <div style=\"display: flex; flex-direction: row; margin-bottom: 14px; align-items: center;\"><div> <div style=\"background-color: #F4F4F4; border-radius: 50%; height: 12.5px; width: 12.5px; transform: translateX(0px) translateY(7px);\"><\/div> <div style=\"background-color: #F4F4F4; height: 12.5px; transform: rotate(-45deg) translateX(3px) translateY(1px); width: 12.5px; flex-grow: 0; margin-right: 14px; margin-left: 2px;\"><\/div> <div style=\"background-color: #F4F4F4; border-radius: 50%; height: 12.5px; width: 12.5px; transform: translateX(9px) translateY(-18px);\"><\/div><\/div><div style=\"margin-left: 8px;\"> <div style=\" background-color: #F4F4F4; border-radius: 50%; flex-grow: 0; height: 20px; width: 20px;\"><\/div> <div style=\" width: 0; height: 0; border-top: 2px solid transparent; border-left: 6px solid #f4f4f4; border-bottom: 2px solid transparent; transform: translateX(16px) translateY(-4px) rotate(30deg)\"><\/div><\/div><div style=\"margin-left: auto;\"> <div style=\" width: 0px; border-top: 8px solid #F4F4F4; border-right: 8px solid transparent; transform: translateY(16px);\"><\/div> <div style=\" background-color: #F4F4F4; flex-grow: 0; height: 12px; width: 16px; transform: translateY(-4px);\"><\/div> <div style=\" width: 0; height: 0; border-top: 8px solid #F4F4F4; border-left: 8px solid transparent; transform: translateY(-4px) translateX(8px);\"><\/div><\/div><\/div> <div style=\"display: flex; flex-direction: column; flex-grow: 1; justify-content: center; margin-bottom: 24px;\"> <div style=\" background-color: #F4F4F4; border-radius: 4px; flex-grow: 0; height: 14px; margin-bottom: 6px; width: 224px;\"><\/div> <div style=\" background-color: #F4F4F4; border-radius: 4px; flex-grow: 0; height: 14px; width: 144px;\"><\/div><\/div><\/a><p style=\" color:#c9c8cd; font-family:Arial,sans-serif; font-size:14px; line-height:17px; margin-bottom:0; margin-top:8px; overflow:hidden; padding:8px 0 7px; text-align:center; text-overflow:ellipsis; white-space:nowrap;\"><a href=\"https:\/\/www.instagram.com\/reel\/CUIpbZbJ98z\/?utm_source=ig_embed&amp;utm_campaign=loading\" style=\" color:#c9c8cd; font-family:Arial,sans-serif; font-size:14px; font-style:normal; font-weight:normal; line-height:17px; text-decoration:none;\" target=\"_blank\" rel=\"noopener\">Una publicaci\u00f3n compartida por NO ES DE VEGANA (@noesdevegana)<\/a><\/p><\/div><\/blockquote> <script async src=\"\/\/www.instagram.com\/embed.js\"><\/script>\n","protected":false},"excerpt":{"rendered":"<p>Tiempo de San Juan conoci\u00f3 al nene que envi\u00f3 el audio de WhatsApp y a su t\u00edo, que lo recibi\u00f3. Juntos son una bomba y disfrutan su minuto de fama junto a su familia. Mateo y Juan&nbsp;Carlos son una pareja explosiva, no s\u00f3lo porque tienen una relaci\u00f3n de confianza en la que se viven bromeando<a class=\"read-more\" href=\"https:\/\/elfederalmendoza.com.ar\/index.php\/2021\/09\/23\/hola-juan-carlos-quienes-son-los-sanjuaninos-detras-del-audio-que-se-volvio-viral-en-todo-el-mundo\/\"> [&hellip;]<\/a><\/p>\n","protected":false},"author":2,"featured_media":4295,"comment_status":"open","ping_status":"open","sticky":false,"template":"","format":"standard","meta":{"footnotes":""},"categories":[1],"tags":[],"class_list":["post-4293","post","type-post","status-publish","format-standard","has-post-thumbnail","hentry","category-mza"],"rttpg_featured_image_url":{"full":["https:\/\/elfederalmendoza.com.ar\/wp-content\/uploads\/2021\/09\/JUAN-CARLOS.jpg",1280,853,false],"landscape":["https:\/\/elfederalmendoza.com.ar\/wp-content\/uploads\/2021\/09\/JUAN-CARLOS.jpg",1280,853,false],"portraits":["https:\/\/elfederalmendoza.com.ar\/wp-content\/uploads\/2021\/09\/JUAN-CARLOS.jpg",1280,853,false],"thumbnail":["https:\/\/elfederalmendoza.com.ar\/wp-content\/uploads\/2021\/09\/JUAN-CARLOS-150x150.jpg",150,150,true],"medium":["https:\/\/elfederalmendoza.com.ar\/wp-content\/uploads\/2021\/09\/JUAN-CARLOS-300x200.jpg",300,200,true],"large":["https:\/\/elfederalmendoza.com.ar\/wp-content\/uploads\/2021\/09\/JUAN-CARLOS-1024x682.jpg",640,426,true],"1536x1536":["https:\/\/elfederalmendoza.com.ar\/wp-content\/uploads\/2021\/09\/JUAN-CARLOS.jpg",1280,853,false],"2048x2048":["https:\/\/elfederalmendoza.com.ar\/wp-content\/uploads\/2021\/09\/JUAN-CARLOS.jpg",1280,853,false],"ultp_layout_landscape_large":["https:\/\/elfederalmendoza.com.ar\/wp-content\/uploads\/2021\/09\/JUAN-CARLOS-1200x800.jpg",1200,800,true],"ultp_layout_landscape":["https:\/\/elfederalmendoza.com.ar\/wp-content\/uploads\/2021\/09\/JUAN-CARLOS-870x570.jpg",870,570,true],"ultp_layout_portrait":["https:\/\/elfederalmendoza.com.ar\/wp-content\/uploads\/2021\/09\/JUAN-CARLOS-600x853.jpg",600,853,true],"ultp_layout_square":["https:\/\/elfederalmendoza.com.ar\/wp-content\/uploads\/2021\/09\/JUAN-CARLOS-600x600.jpg",600,600,true],"rpwe-thumbnail":["https:\/\/elfederalmendoza.com.ar\/wp-content\/uploads\/2021\/09\/JUAN-CARLOS-45x45.jpg",45,45,true],"advps-thumb-one":["https:\/\/elfederalmendoza.com.ar\/wp-content\/uploads\/2021\/09\/JUAN-CARLOS-1200x420.jpg",1200,420,true]},"rttpg_author":{"display_name":"Redacci\u00f3n El Federal","author_link":"https:\/\/elfederalmendoza.com.ar\/index.php\/author\/angelflores\/"},"rttpg_comment":0,"rttpg_category":"<a href=\"https:\/\/elfederalmendoza.com.ar\/index.php\/category\/mza\/\" rel=\"category tag\">Mendoza<\/a>","rttpg_excerpt":"Tiempo de San Juan conoci\u00f3 al nene que envi\u00f3 el audio de WhatsApp y a su t\u00edo, que lo recibi\u00f3. Juntos son una bomba y disfrutan su minuto de fama junto a su familia. Mateo y Juan&nbsp;Carlos son una pareja explosiva, no s\u00f3lo porque tienen una relaci\u00f3n de confianza en la que se viven bromeando&hellip;","_links":{"self":[{"href":"https:\/\/elfederalmendoza.com.ar\/index.php\/wp-json\/wp\/v2\/posts\/4293","targetHints":{"allow":["GET"]}}],"collection":[{"href":"https:\/\/elfederalmendoza.com.ar\/index.php\/wp-json\/wp\/v2\/posts"}],"about":[{"href":"https:\/\/elfederalmendoza.com.ar\/index.php\/wp-json\/wp\/v2\/types\/post"}],"author":[{"embeddable":true,"href":"https:\/\/elfederalmendoza.com.ar\/index.php\/wp-json\/wp\/v2\/users\/2"}],"replies":[{"embeddable":true,"href":"https:\/\/elfederalmendoza.com.ar\/index.php\/wp-json\/wp\/v2\/comments?post=4293"}],"version-history":[{"count":1,"href":"https:\/\/elfederalmendoza.com.ar\/index.php\/wp-json\/wp\/v2\/posts\/4293\/revisions"}],"predecessor-version":[{"id":4296,"href":"https:\/\/elfederalmendoza.com.ar\/index.php\/wp-json\/wp\/v2\/posts\/4293\/revisions\/4296"}],"wp:featuredmedia":[{"embeddable":true,"href":"https:\/\/elfederalmendoza.com.ar\/index.php\/wp-json\/wp\/v2\/media\/4295"}],"wp:attachment":[{"href":"https:\/\/elfederalmendoza.com.ar\/index.php\/wp-json\/wp\/v2\/media?parent=4293"}],"wp:term":[{"taxonomy":"category","embeddable":true,"href":"https:\/\/elfederalmendoza.com.ar\/index.php\/wp-json\/wp\/v2\/categories?post=4293"},{"taxonomy":"post_tag","embeddable":true,"href":"https:\/\/elfederalmendoza.com.ar\/index.php\/wp-json\/wp\/v2\/tags?post=4293"}],"curies":[{"name":"wp","href":"https:\/\/api.w.org\/{rel}","templated":true}]}}