{"id":4297,"date":"2021-09-23T09:58:13","date_gmt":"2021-09-23T12:58:13","guid":{"rendered":"https:\/\/elfederalmendoza.com\/?p=4297"},"modified":"2021-09-23T10:07:02","modified_gmt":"2021-09-23T13:07:02","slug":"horror-se-juntaron-a-tocar-guitarra-se-sacaron-una-foto-y-aparecio-la-tenebrosa-figura-de-una-nina","status":"publish","type":"post","link":"https:\/\/elfederalmendoza.com.ar\/index.php\/2021\/09\/23\/horror-se-juntaron-a-tocar-guitarra-se-sacaron-una-foto-y-aparecio-la-tenebrosa-figura-de-una-nina\/","title":{"rendered":"Horror: Se juntaron a tocar guitarra, se sacaron una foto y apareci\u00f3 la tenebrosa figura de una ni\u00f1a"},"content":{"rendered":"\n<p>Una verdadera sorpresa fue la que se llevaron<strong> un grupo de amigos sanjuaninos cuando revisaban las fotos que se tomaron hace unos d\u00edas, en medio de una \u00abguitarreada\u00bb<\/strong>. Es que cuando se compart\u00edas las im\u00e1genes por WhatsApp uno de ellos encontr\u00f3 una tenebrosa figura de una \u00abinvitada\u00bb fantasma.\u00a0<\/p>\n\n\n\n<p>Los protagonistas de la foto aseguraron a medios locales que en la vivienda solo hab\u00edan 4 personas adultas.<\/p>\n\n\n\n<figure class=\"wp-block-image\"><img decoding=\"async\" src=\"https:\/\/www.tiempodesanjuan.com\/u\/fotografias\/m\/2021\/9\/23\/f768x1-676473_676600_5050.jpg\" alt=\"\"\/><\/figure>\n\n\n\n<p>Seg\u00fan se puede ver en las im\u00e1genes, <strong>dos hombres se encuentran tocando la guitarra y de fondo aparece una extra\u00f1a silueta.<\/strong>&nbsp;<\/p>\n\n\n\n<figure class=\"wp-block-image\"><img decoding=\"async\" src=\"https:\/\/www.tiempodesanjuan.com\/u\/fotografias\/m\/2021\/9\/23\/f768x1-676472_676599_5050.jpg\" alt=\"\"\/><\/figure>\n\n\n\n<p>(Fotos gentileza: Telesol)<\/p>\n","protected":false},"excerpt":{"rendered":"<p>Una verdadera sorpresa fue la que se llevaron un grupo de amigos sanjuaninos cuando revisaban las fotos que se tomaron hace unos d\u00edas, en medio de una \u00abguitarreada\u00bb. Es que cuando se compart\u00edas las im\u00e1genes por WhatsApp uno de ellos encontr\u00f3 una tenebrosa figura de una \u00abinvitada\u00bb fantasma.\u00a0 Los protagonistas de la foto aseguraron a<a class=\"read-more\" href=\"https:\/\/elfederalmendoza.com.ar\/index.php\/2021\/09\/23\/horror-se-juntaron-a-tocar-guitarra-se-sacaron-una-foto-y-aparecio-la-tenebrosa-figura-de-una-nina\/\"> [&hellip;]<\/a><\/p>\n","protected":false},"author":2,"featured_media":4298,"comment_status":"open","ping_status":"open","sticky":false,"template":"","format":"standard","meta":{"footnotes":""},"categories":[1],"tags":[],"class_list":["post-4297","post","type-post","status-publish","format-standard","has-post-thumbnail","hentry","category-mza"],"rttpg_featured_image_url":{"full":["https:\/\/elfederalmendoza.com.ar\/wp-content\/uploads\/2021\/09\/FANTASMA-SAN-JUAN.jpg",800,450,false],"landscape":["https:\/\/elfederalmendoza.com.ar\/wp-content\/uploads\/2021\/09\/FANTASMA-SAN-JUAN.jpg",800,450,false],"portraits":["https:\/\/elfederalmendoza.com.ar\/wp-content\/uploads\/2021\/09\/FANTASMA-SAN-JUAN.jpg",800,450,false],"thumbnail":["https:\/\/elfederalmendoza.com.ar\/wp-content\/uploads\/2021\/09\/FANTASMA-SAN-JUAN-150x150.jpg",150,150,true],"medium":["https:\/\/elfederalmendoza.com.ar\/wp-content\/uploads\/2021\/09\/FANTASMA-SAN-JUAN-300x169.jpg",300,169,true],"large":["https:\/\/elfederalmendoza.com.ar\/wp-content\/uploads\/2021\/09\/FANTASMA-SAN-JUAN.jpg",640,360,false],"1536x1536":["https:\/\/elfederalmendoza.com.ar\/wp-content\/uploads\/2021\/09\/FANTASMA-SAN-JUAN.jpg",800,450,false],"2048x2048":["https:\/\/elfederalmendoza.com.ar\/wp-content\/uploads\/2021\/09\/FANTASMA-SAN-JUAN.jpg",800,450,false],"ultp_layout_landscape_large":["https:\/\/elfederalmendoza.com.ar\/wp-content\/uploads\/2021\/09\/FANTASMA-SAN-JUAN.jpg",800,450,false],"ultp_layout_landscape":["https:\/\/elfederalmendoza.com.ar\/wp-content\/uploads\/2021\/09\/FANTASMA-SAN-JUAN.jpg",800,450,false],"ultp_layout_portrait":["https:\/\/elfederalmendoza.com.ar\/wp-content\/uploads\/2021\/09\/FANTASMA-SAN-JUAN-600x450.jpg",600,450,true],"ultp_layout_square":["https:\/\/elfederalmendoza.com.ar\/wp-content\/uploads\/2021\/09\/FANTASMA-SAN-JUAN-600x450.jpg",600,450,true],"rpwe-thumbnail":["https:\/\/elfederalmendoza.com.ar\/wp-content\/uploads\/2021\/09\/FANTASMA-SAN-JUAN-45x45.jpg",45,45,true],"advps-thumb-one":["https:\/\/elfederalmendoza.com.ar\/wp-content\/uploads\/2021\/09\/FANTASMA-SAN-JUAN-800x420.jpg",800,420,true]},"rttpg_author":{"display_name":"Redacci\u00f3n El Federal","author_link":"https:\/\/elfederalmendoza.com.ar\/index.php\/author\/angelflores\/"},"rttpg_comment":0,"rttpg_category":"<a href=\"https:\/\/elfederalmendoza.com.ar\/index.php\/category\/mza\/\" rel=\"category tag\">Mendoza<\/a>","rttpg_excerpt":"Una verdadera sorpresa fue la que se llevaron un grupo de amigos sanjuaninos cuando revisaban las fotos que se tomaron hace unos d\u00edas, en medio de una \u00abguitarreada\u00bb. Es que cuando se compart\u00edas las im\u00e1genes por WhatsApp uno de ellos encontr\u00f3 una tenebrosa figura de una \u00abinvitada\u00bb fantasma.\u00a0 Los protagonistas de la foto aseguraron a&hellip;","_links":{"self":[{"href":"https:\/\/elfederalmendoza.com.ar\/index.php\/wp-json\/wp\/v2\/posts\/4297","targetHints":{"allow":["GET"]}}],"collection":[{"href":"https:\/\/elfederalmendoza.com.ar\/index.php\/wp-json\/wp\/v2\/posts"}],"about":[{"href":"https:\/\/elfederalmendoza.com.ar\/index.php\/wp-json\/wp\/v2\/types\/post"}],"author":[{"embeddable":true,"href":"https:\/\/elfederalmendoza.com.ar\/index.php\/wp-json\/wp\/v2\/users\/2"}],"replies":[{"embeddable":true,"href":"https:\/\/elfederalmendoza.com.ar\/index.php\/wp-json\/wp\/v2\/comments?post=4297"}],"version-history":[{"count":2,"href":"https:\/\/elfederalmendoza.com.ar\/index.php\/wp-json\/wp\/v2\/posts\/4297\/revisions"}],"predecessor-version":[{"id":4300,"href":"https:\/\/elfederalmendoza.com.ar\/index.php\/wp-json\/wp\/v2\/posts\/4297\/revisions\/4300"}],"wp:featuredmedia":[{"embeddable":true,"href":"https:\/\/elfederalmendoza.com.ar\/index.php\/wp-json\/wp\/v2\/media\/4298"}],"wp:attachment":[{"href":"https:\/\/elfederalmendoza.com.ar\/index.php\/wp-json\/wp\/v2\/media?parent=4297"}],"wp:term":[{"taxonomy":"category","embeddable":true,"href":"https:\/\/elfederalmendoza.com.ar\/index.php\/wp-json\/wp\/v2\/categories?post=4297"},{"taxonomy":"post_tag","embeddable":true,"href":"https:\/\/elfederalmendoza.com.ar\/index.php\/wp-json\/wp\/v2\/tags?post=4297"}],"curies":[{"name":"wp","href":"https:\/\/api.w.org\/{rel}","templated":true}]}}