{"id":4308,"date":"2021-09-24T11:52:16","date_gmt":"2021-09-24T14:52:16","guid":{"rendered":"https:\/\/elfederalmendoza.com\/?p=4308"},"modified":"2021-09-24T11:52:17","modified_gmt":"2021-09-24T14:52:17","slug":"mira-las-imagenes-en-vivo-alerta-maxima-por-violentas-explosiones-del-volcan-en-la-isla-de-la-palma","status":"publish","type":"post","link":"https:\/\/elfederalmendoza.com.ar\/index.php\/2021\/09\/24\/mira-las-imagenes-en-vivo-alerta-maxima-por-violentas-explosiones-del-volcan-en-la-isla-de-la-palma\/","title":{"rendered":"MIR\u00c1 LAS IMAGENES EN VIVO: Alerta m\u00e1xima por violentas explosiones del volc\u00e1n en la isla de La Palma"},"content":{"rendered":"\n<p>El volc\u00e1n de la isla de La Palma, en las espa\u00f1olas islas Canarias, entr\u00f3 en erupci\u00f3n este domingo. Las autoridades anunciaron la inmediata evacuaci\u00f3n de los poblados vecinos.<\/p>\n\n\n\n<p>En total&nbsp;<strong>fueron evacuadas unas 2000 personas, entre ellas 500 turistas<\/strong>. El volc\u00e1n tiene siete bocas, y de dos de ellas est\u00e1 manando abundante lava en direcci\u00f3n a los n\u00facleos poblados de Alcal\u00e1 y Para\u00edso.<\/p>\n\n\n\n<p>Hasta La Palma viaj\u00f3 el presidente del Gobierno espa\u00f1ol, Pedro S\u00e1nchez, quien pospuso su viaje a Estados Unidos para asistir a la Asamblea General de la ONU en Nueva York, seg\u00fan confirm\u00f3 a trav\u00e9s de Twitter.<\/p>\n\n\n\n<p>La isla lleva una semana en alerta despu\u00e9s de que los ge\u00f3logos informaron de una acumulaci\u00f3n de roca fundida bajo Cumbre Vieja, una cordillera volc\u00e1nica dormida cerca del extremo sur del territorio.<\/p>\n\n\n\n<p>La Palma, de 85.000 habitantes, es una de las ocho islas del archipi\u00e9lago canario. Es conocida como la isla Bonita y por su naturaleza virgen y volc\u00e1nica recibe mucho turismo espa\u00f1ol e internacional, aunque no es de las m\u00e1s visitadas. En su punto m\u00e1s cercano de \u00c1frica, est\u00e1 a 100 kil\u00f3metros al oeste de Marruecos.<\/p>\n\n\n\n<h2 class=\"wp-block-heading\"><strong>IMAGENES EN VIVO<\/strong><\/h2>\n\n\n\n<figure class=\"wp-block-embed is-type-video is-provider-youtube wp-block-embed-youtube wp-embed-aspect-4-3 wp-has-aspect-ratio\"><div class=\"wp-block-embed__wrapper\">\n<iframe loading=\"lazy\" title=\"DIRECTO I Erupci\u00f3n del volc\u00e1n de La Palma: sigue fluyendo la lava tras la rotura del cono\" width=\"640\" height=\"480\" src=\"https:\/\/www.youtube.com\/embed\/hfoWeQnFSx4?feature=oembed\" frameborder=\"0\" allow=\"accelerometer; autoplay; clipboard-write; encrypted-media; gyroscope; picture-in-picture; web-share\" referrerpolicy=\"strict-origin-when-cross-origin\" allowfullscreen><\/iframe>\n<\/div><\/figure>\n","protected":false},"excerpt":{"rendered":"<p>El volc\u00e1n de la isla de La Palma, en las espa\u00f1olas islas Canarias, entr\u00f3 en erupci\u00f3n este domingo. Las autoridades anunciaron la inmediata evacuaci\u00f3n de los poblados vecinos. En total&nbsp;fueron evacuadas unas 2000 personas, entre ellas 500 turistas. El volc\u00e1n tiene siete bocas, y de dos de ellas est\u00e1 manando abundante lava en direcci\u00f3n a<a class=\"read-more\" href=\"https:\/\/elfederalmendoza.com.ar\/index.php\/2021\/09\/24\/mira-las-imagenes-en-vivo-alerta-maxima-por-violentas-explosiones-del-volcan-en-la-isla-de-la-palma\/\"> [&hellip;]<\/a><\/p>\n","protected":false},"author":2,"featured_media":4310,"comment_status":"open","ping_status":"open","sticky":false,"template":"","format":"standard","meta":{"footnotes":""},"categories":[1],"tags":[],"class_list":["post-4308","post","type-post","status-publish","format-standard","has-post-thumbnail","hentry","category-mza"],"rttpg_featured_image_url":{"full":["https:\/\/elfederalmendoza.com.ar\/wp-content\/uploads\/2021\/09\/volcan.jpeg",1170,614,false],"landscape":["https:\/\/elfederalmendoza.com.ar\/wp-content\/uploads\/2021\/09\/volcan.jpeg",1170,614,false],"portraits":["https:\/\/elfederalmendoza.com.ar\/wp-content\/uploads\/2021\/09\/volcan.jpeg",1170,614,false],"thumbnail":["https:\/\/elfederalmendoza.com.ar\/wp-content\/uploads\/2021\/09\/volcan-150x150.jpeg",150,150,true],"medium":["https:\/\/elfederalmendoza.com.ar\/wp-content\/uploads\/2021\/09\/volcan-300x157.jpeg",300,157,true],"large":["https:\/\/elfederalmendoza.com.ar\/wp-content\/uploads\/2021\/09\/volcan-1024x537.jpeg",640,336,true],"1536x1536":["https:\/\/elfederalmendoza.com.ar\/wp-content\/uploads\/2021\/09\/volcan.jpeg",1170,614,false],"2048x2048":["https:\/\/elfederalmendoza.com.ar\/wp-content\/uploads\/2021\/09\/volcan.jpeg",1170,614,false],"ultp_layout_landscape_large":["https:\/\/elfederalmendoza.com.ar\/wp-content\/uploads\/2021\/09\/volcan.jpeg",1170,614,false],"ultp_layout_landscape":["https:\/\/elfederalmendoza.com.ar\/wp-content\/uploads\/2021\/09\/volcan-870x570.jpeg",870,570,true],"ultp_layout_portrait":["https:\/\/elfederalmendoza.com.ar\/wp-content\/uploads\/2021\/09\/volcan-600x614.jpeg",600,614,true],"ultp_layout_square":["https:\/\/elfederalmendoza.com.ar\/wp-content\/uploads\/2021\/09\/volcan-600x600.jpeg",600,600,true],"rpwe-thumbnail":["https:\/\/elfederalmendoza.com.ar\/wp-content\/uploads\/2021\/09\/volcan-45x45.jpeg",45,45,true],"advps-thumb-one":["https:\/\/elfederalmendoza.com.ar\/wp-content\/uploads\/2021\/09\/volcan-1170x420.jpeg",1170,420,true]},"rttpg_author":{"display_name":"Redacci\u00f3n El Federal","author_link":"https:\/\/elfederalmendoza.com.ar\/index.php\/author\/angelflores\/"},"rttpg_comment":0,"rttpg_category":"<a href=\"https:\/\/elfederalmendoza.com.ar\/index.php\/category\/mza\/\" rel=\"category tag\">Mendoza<\/a>","rttpg_excerpt":"El volc\u00e1n de la isla de La Palma, en las espa\u00f1olas islas Canarias, entr\u00f3 en erupci\u00f3n este domingo. Las autoridades anunciaron la inmediata evacuaci\u00f3n de los poblados vecinos. En total&nbsp;fueron evacuadas unas 2000 personas, entre ellas 500 turistas. El volc\u00e1n tiene siete bocas, y de dos de ellas est\u00e1 manando abundante lava en direcci\u00f3n a&hellip;","_links":{"self":[{"href":"https:\/\/elfederalmendoza.com.ar\/index.php\/wp-json\/wp\/v2\/posts\/4308","targetHints":{"allow":["GET"]}}],"collection":[{"href":"https:\/\/elfederalmendoza.com.ar\/index.php\/wp-json\/wp\/v2\/posts"}],"about":[{"href":"https:\/\/elfederalmendoza.com.ar\/index.php\/wp-json\/wp\/v2\/types\/post"}],"author":[{"embeddable":true,"href":"https:\/\/elfederalmendoza.com.ar\/index.php\/wp-json\/wp\/v2\/users\/2"}],"replies":[{"embeddable":true,"href":"https:\/\/elfederalmendoza.com.ar\/index.php\/wp-json\/wp\/v2\/comments?post=4308"}],"version-history":[{"count":1,"href":"https:\/\/elfederalmendoza.com.ar\/index.php\/wp-json\/wp\/v2\/posts\/4308\/revisions"}],"predecessor-version":[{"id":4311,"href":"https:\/\/elfederalmendoza.com.ar\/index.php\/wp-json\/wp\/v2\/posts\/4308\/revisions\/4311"}],"wp:featuredmedia":[{"embeddable":true,"href":"https:\/\/elfederalmendoza.com.ar\/index.php\/wp-json\/wp\/v2\/media\/4310"}],"wp:attachment":[{"href":"https:\/\/elfederalmendoza.com.ar\/index.php\/wp-json\/wp\/v2\/media?parent=4308"}],"wp:term":[{"taxonomy":"category","embeddable":true,"href":"https:\/\/elfederalmendoza.com.ar\/index.php\/wp-json\/wp\/v2\/categories?post=4308"},{"taxonomy":"post_tag","embeddable":true,"href":"https:\/\/elfederalmendoza.com.ar\/index.php\/wp-json\/wp\/v2\/tags?post=4308"}],"curies":[{"name":"wp","href":"https:\/\/api.w.org\/{rel}","templated":true}]}}