{"id":973,"date":"2020-03-02T09:52:55","date_gmt":"2020-03-02T12:52:55","guid":{"rendered":"https:\/\/elfederalmendoza.com\/?p=973"},"modified":"2020-03-02T09:52:55","modified_gmt":"2020-03-02T12:52:55","slug":"otro-salvaje-ataque-en-manada-lleva-a-un-joven-al-hospital-en-estado-grave","status":"publish","type":"post","link":"https:\/\/elfederalmendoza.com.ar\/index.php\/2020\/03\/02\/otro-salvaje-ataque-en-manada-lleva-a-un-joven-al-hospital-en-estado-grave\/","title":{"rendered":"Otro salvaje ataque en \u00abmanada\u00bb lleva a un joven al hospital en estado grave"},"content":{"rendered":"<p>Un joven result\u00f3 ser el blanco de un salvaje ataque a manos de una patota durante la madrugada de este s\u00e1bado mientras se realizaban los festejos por el Corso del Carnaval 2020 en Bat\u00e1n.<\/p>\n<p>Seg\u00fan las primeras informaciones que pudo confirmar 0223, el violento hecho se registr\u00f3 alrededor de la 1, en el tramo final de las celebraciones que avanzaban sobre la plaza principal de la vecina ciudad, que est\u00e1 frente a la Parroquia Nuestra Se\u00f1ora de Luj\u00e1n.<\/p>\n<p>Los motivos que originaron la reyerta se desconocen. En las im\u00e1genes a las que tuvo acceso este medio, lo que se puede observar es la presencia de un grupo de cinco personas que le propinan numerosas patadas y golpes de pu\u00f1o a un joven que est\u00e1 tendido en el suelo y sin defensa alguna.<\/p>\n<p>\u00abEsto pasa todos los d\u00edas, es algo com\u00fan y corriente lamentablemente. La polic\u00eda tiene uno o dos patrulleros y no recorre nada. Hace falta m\u00e1s control y consciencia\u00bb, reconocieron con preocupaci\u00f3n algunos vecinos del lugar, despu\u00e9s del salvaje episodio que se constat\u00f3 en la madrugada.<\/p>\n<p>Mientras se intentan determinar las circunstancias del ataque, las autoridades de la comisar\u00eda octava aclararon que no han recepcionado ninguna denuncia por una agresi\u00f3n de estas caracter\u00edsticas.<\/p>\n<p>Se confi\u00f3 que el joven fue internado en un centro asistencial en estado grave por los numerosas lesiones que sufri\u00f3 en su cuerpo y se aguarda por la evoluci\u00f3n de su cuadro de salud en el transcurso de las pr\u00f3ximas horas.<\/p>\n<p>https:\/\/www.youtube.com\/watch?time_continue=6&#038;v=AhQf6mni2Yc&#038;feature=emb_title<\/p>\n","protected":false},"excerpt":{"rendered":"<p>Un joven result\u00f3 ser el blanco de un salvaje ataque a manos de una patota durante la madrugada de este s\u00e1bado mientras se realizaban los festejos por el Corso del Carnaval 2020 en Bat\u00e1n. Seg\u00fan las primeras informaciones que pudo confirmar 0223, el violento hecho se registr\u00f3 alrededor de la 1, en el tramo final<a class=\"read-more\" href=\"https:\/\/elfederalmendoza.com.ar\/index.php\/2020\/03\/02\/otro-salvaje-ataque-en-manada-lleva-a-un-joven-al-hospital-en-estado-grave\/\"> [&hellip;]<\/a><\/p>\n","protected":false},"author":2,"featured_media":975,"comment_status":"open","ping_status":"open","sticky":false,"template":"","format":"image","meta":{"footnotes":""},"categories":[1],"tags":[30,361],"class_list":["post-973","post","type-post","status-publish","format-image","has-post-thumbnail","hentry","category-mza","tag-ataque","tag-batan","post_format-post-format-image"],"rttpg_featured_image_url":{"full":["https:\/\/elfederalmendoza.com.ar\/wp-content\/uploads\/2020\/03\/0103748361c2d0ab95.jpg",1000,562,false],"landscape":["https:\/\/elfederalmendoza.com.ar\/wp-content\/uploads\/2020\/03\/0103748361c2d0ab95.jpg",1000,562,false],"portraits":["https:\/\/elfederalmendoza.com.ar\/wp-content\/uploads\/2020\/03\/0103748361c2d0ab95.jpg",1000,562,false],"thumbnail":["https:\/\/elfederalmendoza.com.ar\/wp-content\/uploads\/2020\/03\/0103748361c2d0ab95-150x150.jpg",150,150,true],"medium":["https:\/\/elfederalmendoza.com.ar\/wp-content\/uploads\/2020\/03\/0103748361c2d0ab95-300x169.jpg",300,169,true],"large":["https:\/\/elfederalmendoza.com.ar\/wp-content\/uploads\/2020\/03\/0103748361c2d0ab95.jpg",640,360,false],"1536x1536":["https:\/\/elfederalmendoza.com.ar\/wp-content\/uploads\/2020\/03\/0103748361c2d0ab95.jpg",1000,562,false],"2048x2048":["https:\/\/elfederalmendoza.com.ar\/wp-content\/uploads\/2020\/03\/0103748361c2d0ab95.jpg",1000,562,false],"ultp_layout_landscape_large":["https:\/\/elfederalmendoza.com.ar\/wp-content\/uploads\/2020\/03\/0103748361c2d0ab95.jpg",1000,562,false],"ultp_layout_landscape":["https:\/\/elfederalmendoza.com.ar\/wp-content\/uploads\/2020\/03\/0103748361c2d0ab95.jpg",870,489,false],"ultp_layout_portrait":["https:\/\/elfederalmendoza.com.ar\/wp-content\/uploads\/2020\/03\/0103748361c2d0ab95.jpg",600,337,false],"ultp_layout_square":["https:\/\/elfederalmendoza.com.ar\/wp-content\/uploads\/2020\/03\/0103748361c2d0ab95.jpg",600,337,false],"rpwe-thumbnail":["https:\/\/elfederalmendoza.com.ar\/wp-content\/uploads\/2020\/03\/0103748361c2d0ab95-45x45.jpg",45,45,true],"advps-thumb-one":["https:\/\/elfederalmendoza.com.ar\/wp-content\/uploads\/2020\/03\/0103748361c2d0ab95-1000x420.jpg",1000,420,true]},"rttpg_author":{"display_name":"Redacci\u00f3n El Federal","author_link":"https:\/\/elfederalmendoza.com.ar\/index.php\/author\/angelflores\/"},"rttpg_comment":0,"rttpg_category":"<a href=\"https:\/\/elfederalmendoza.com.ar\/index.php\/category\/mza\/\" rel=\"category tag\">Mendoza<\/a>","rttpg_excerpt":"Un joven result\u00f3 ser el blanco de un salvaje ataque a manos de una patota durante la madrugada de este s\u00e1bado mientras se realizaban los festejos por el Corso del Carnaval 2020 en Bat\u00e1n. Seg\u00fan las primeras informaciones que pudo confirmar 0223, el violento hecho se registr\u00f3 alrededor de la 1, en el tramo final&hellip;","_links":{"self":[{"href":"https:\/\/elfederalmendoza.com.ar\/index.php\/wp-json\/wp\/v2\/posts\/973","targetHints":{"allow":["GET"]}}],"collection":[{"href":"https:\/\/elfederalmendoza.com.ar\/index.php\/wp-json\/wp\/v2\/posts"}],"about":[{"href":"https:\/\/elfederalmendoza.com.ar\/index.php\/wp-json\/wp\/v2\/types\/post"}],"author":[{"embeddable":true,"href":"https:\/\/elfederalmendoza.com.ar\/index.php\/wp-json\/wp\/v2\/users\/2"}],"replies":[{"embeddable":true,"href":"https:\/\/elfederalmendoza.com.ar\/index.php\/wp-json\/wp\/v2\/comments?post=973"}],"version-history":[{"count":1,"href":"https:\/\/elfederalmendoza.com.ar\/index.php\/wp-json\/wp\/v2\/posts\/973\/revisions"}],"predecessor-version":[{"id":976,"href":"https:\/\/elfederalmendoza.com.ar\/index.php\/wp-json\/wp\/v2\/posts\/973\/revisions\/976"}],"wp:featuredmedia":[{"embeddable":true,"href":"https:\/\/elfederalmendoza.com.ar\/index.php\/wp-json\/wp\/v2\/media\/975"}],"wp:attachment":[{"href":"https:\/\/elfederalmendoza.com.ar\/index.php\/wp-json\/wp\/v2\/media?parent=973"}],"wp:term":[{"taxonomy":"category","embeddable":true,"href":"https:\/\/elfederalmendoza.com.ar\/index.php\/wp-json\/wp\/v2\/categories?post=973"},{"taxonomy":"post_tag","embeddable":true,"href":"https:\/\/elfederalmendoza.com.ar\/index.php\/wp-json\/wp\/v2\/tags?post=973"}],"curies":[{"name":"wp","href":"https:\/\/api.w.org\/{rel}","templated":true}]}}